{"id":984,"date":"2017-11-14T11:05:05","date_gmt":"2017-11-14T10:05:05","guid":{"rendered":"http:\/\/blog.creamontblanc.org?p=984"},"modified":"2022-11-09T11:11:09","modified_gmt":"2022-11-09T10:11:09","slug":"les-alpes-de-plus-en-plus-vertes","status":"publish","type":"post","link":"https:\/\/blog.creamontblanc.org?p=984","title":{"rendered":"Les Alpes de plus en plus vertes"},"content":{"rendered":"<p><strong>Une \u00e9tude de Brad Carlson, chercheur en \u00e9cologie d\u00e9tach\u00e9 du Laboratoire d&rsquo;Ecologie Alpine (LECA\/CNRS), sp\u00e9cialis\u00e9 en t\u00e9l\u00e9d\u00e9tection, montre que les hautes montagnes de l\u2019Oisans sont plus vertes qu\u2019il y a trente ans. Un article du CNRS fait le point sur l\u2019\u00e9tude et la publication associ\u00e9e.<\/strong><\/p>\n<p>&nbsp;<\/p>\n<p><!--more--><\/p>\n<figure id=\"attachment_987\" class=\"thumbnail wp-caption aligncenter\" style=\"width: 1000px\"><img loading=\"lazy\" decoding=\"async\" class=\"size-full wp-image-987\" src=\"http:\/\/blog.creamontblanc.org\/wp-content\/uploads\/2017\/11\/Glacier_noir_c_Joel_Faure_Parc_national_des_Ecrins.jpg\" alt=\"Bassin et moraine du glacier noir \u00a9 JFaure - Parc national des \u00c9crins\" width=\"1000\" height=\"500\" \/><figcaption class=\"caption wp-caption-text\"><em><strong>Bassin et moraine du glacier noir <\/strong>\u00a9 JFaure &#8211; Parc national des \u00c9crins<\/em><\/figcaption><\/figure>\n<p>&nbsp;<\/p>\n<p>Dans un communiqu\u00e9 du 7 novembre, le CNRS a fait la description de l\u2019une des \u00e9tudes de <a href=\"http:\/\/creamontblanc.org\/fr\/brad-carlson\" target=\"_blank\" rel=\"noopener\">Brad Carlson<\/a>, charg\u00e9 de recherche au CREA Mont-Blanc d\u00e9tach\u00e9 du Laboratoire d&rsquo;\u00c9cologie Alpine (LECA\/CNRS). Sp\u00e9cialiste de t\u00e9l\u00e9d\u00e9tection, le chercheur a utilis\u00e9 les images satellites de haute r\u00e9solution de la zone pour faire ce constat : les hautes montagnes de l\u2019Oisans (Parc national des \u00c9crins) sont plus vertes qu\u2019il y a trente ans.<\/p>\n<p>C\u2019est la premi\u00e8re fois qu\u2019une \u00e9tude de ce genre est r\u00e9alis\u00e9e dans les alpes alors que le ph\u00e9nom\u00e8ne est connu dans l\u2019Arctique. Contrairement \u00e0 une id\u00e9e r\u00e9pandue, les plantes de haute altitude sont parmi les grandes b\u00e9n\u00e9ficiaires du r\u00e9chauffement climatique observ\u00e9 ces derni\u00e8res d\u00e9cennies en Oisans. Avec la diminution de la dur\u00e9e d\u2019enneigement et le r\u00e9chauffement estival, les plantes colonisent de nouveaux habitats qui leur deviennent favorables.<\/p>\n<p>Ce travail de recherche a donn\u00e9 lieu \u00e0 une publication scientifique dans la revue <em>Environmental Research Letters<\/em>.<\/p>\n<p>&nbsp;<\/p>\n<p>Lire l\u2019int\u00e9gralit\u00e9 du communiqu\u00e9 du CNRS : <a href=\"http:\/\/www.cnrs.fr\/inee\/communication\/breves\/b311.html\" target=\"_blank\" rel=\"noopener\">Le climat se r\u00e9chauffe, les Alpes verdissent<\/a><\/p>\n<p>Lire la publication scientifique (pdf en anglais) : <a href=\"http:\/\/iopscience.iop.org\/article\/10.1088\/1748-9326\/aa84bd\/pdf\" target=\"_blank\" rel=\"noopener\">Observed long-term greening of alpine vegetation &#8211; a case study in the French Alps<\/a><\/p>\n<p>&nbsp;<\/p>\n<p><strong>R\u00e9f\u00e9rences de la publication<\/strong><\/p>\n<p>Carlson, B.Z., Corona, M.C., Dentant, C., Bonet, R., Thuiller, W., Choler, P. <a href=\"http:\/\/iopscience.iop.org\/article\/10.1088\/1748-9326\/aa84bd\" target=\"_blank\" rel=\"noopener\">Observed long-term greening of alpine vegetation \u2013 a case study in the French Alps<\/a>. <em>Environmental Research Letters<\/em>. 2017.12, 114006<\/p>\n<p>&nbsp;<\/p>\n","protected":false},"excerpt":{"rendered":"<p>Une \u00e9tude de Brad Carlson, chercheur en \u00e9cologie d\u00e9tach\u00e9 du Laboratoire d&rsquo;Ecologie Alpine (LECA\/CNRS), sp\u00e9cialis\u00e9 en t\u00e9l\u00e9d\u00e9tection, montre que les hautes montagnes de l\u2019Oisans sont plus vertes qu\u2019il y a trente ans. Un article du CNRS fait le point sur &hellip; <a href=\"https:\/\/blog.creamontblanc.org?p=984\">Lire la suite\u00ad\u00ad<\/a><\/p>\n","protected":false},"author":8,"featured_media":987,"comment_status":"open","ping_status":"open","sticky":false,"template":"","format":"standard","meta":{"_monsterinsights_skip_tracking":false,"_monsterinsights_sitenote_active":false,"_monsterinsights_sitenote_note":"","_monsterinsights_sitenote_category":0,"ngg_post_thumbnail":0,"footnotes":""},"categories":[194],"tags":[10,221,224,201],"class_list":["post-984","post","type-post","status-publish","format-standard","has-post-thumbnail","hentry","category-la-recherche","tag-climat","tag-enneigement","tag-flore","tag-temperatures"],"aioseo_notices":[],"amp_enabled":true,"_links":{"self":[{"href":"https:\/\/blog.creamontblanc.org\/index.php?rest_route=\/wp\/v2\/posts\/984","targetHints":{"allow":["GET"]}}],"collection":[{"href":"https:\/\/blog.creamontblanc.org\/index.php?rest_route=\/wp\/v2\/posts"}],"about":[{"href":"https:\/\/blog.creamontblanc.org\/index.php?rest_route=\/wp\/v2\/types\/post"}],"author":[{"embeddable":true,"href":"https:\/\/blog.creamontblanc.org\/index.php?rest_route=\/wp\/v2\/users\/8"}],"replies":[{"embeddable":true,"href":"https:\/\/blog.creamontblanc.org\/index.php?rest_route=%2Fwp%2Fv2%2Fcomments&post=984"}],"version-history":[{"count":3,"href":"https:\/\/blog.creamontblanc.org\/index.php?rest_route=\/wp\/v2\/posts\/984\/revisions"}],"predecessor-version":[{"id":990,"href":"https:\/\/blog.creamontblanc.org\/index.php?rest_route=\/wp\/v2\/posts\/984\/revisions\/990"}],"wp:featuredmedia":[{"embeddable":true,"href":"https:\/\/blog.creamontblanc.org\/index.php?rest_route=\/wp\/v2\/media\/987"}],"wp:attachment":[{"href":"https:\/\/blog.creamontblanc.org\/index.php?rest_route=%2Fwp%2Fv2%2Fmedia&parent=984"}],"wp:term":[{"taxonomy":"category","embeddable":true,"href":"https:\/\/blog.creamontblanc.org\/index.php?rest_route=%2Fwp%2Fv2%2Fcategories&post=984"},{"taxonomy":"post_tag","embeddable":true,"href":"https:\/\/blog.creamontblanc.org\/index.php?rest_route=%2Fwp%2Fv2%2Ftags&post=984"}],"curies":[{"name":"wp","href":"https:\/\/api.w.org\/{rel}","templated":true}]}}