{"id":963,"date":"2017-10-31T10:35:29","date_gmt":"2017-10-31T09:35:29","guid":{"rendered":"http:\/\/blog.creamontblanc.org?p=963"},"modified":"2022-11-09T11:16:45","modified_gmt":"2022-11-09T10:16:45","slug":"la-fonte-de-la-neige-sous-surveillance","status":"publish","type":"post","link":"https:\/\/blog.creamontblanc.org?p=963","title":{"rendered":"La fonte de la neige sous surveillance"},"content":{"rendered":"<p><strong>Une nouvelle s\u00e9rie d\u2019\u00e9quipement a \u00e9t\u00e9 install\u00e9e \u00e0 Loriaz dans le massif du Mont-Blanc. Cette nouvelle \u00e9tude vise \u00e0 comprendre comment les diff\u00e9rentes esp\u00e8ces v\u00e9g\u00e9tales alpines pr\u00e9sentes sur le site influencent la vitesse de fonte de la neige au printemps. Retour sur l&rsquo;installation sur le terrain cet automne et sur les objectifs scientifiques de l&rsquo;\u00e9tude.<br \/>\n<\/strong><\/p>\n<p>&nbsp;<\/p>\n<figure id=\"attachment_964\" class=\"thumbnail wp-caption aligncenter\" style=\"width: 1000px\"><img loading=\"lazy\" decoding=\"async\" class=\"size-full wp-image-964\" src=\"http:\/\/blog.creamontblanc.org\/wp-content\/uploads\/2017\/11\/Snowshub_changement_climatique_fonte_neige_alpes_CREAMontBlanc_1.jpg\" alt=\"Le site d'\u00e9tude et de suivi du changement climatique du CREA Mont-Blanc \u00e0 Loriaz \u00a9 CREA Mont-Blanc \" width=\"1000\" height=\"500\" \/><figcaption class=\"caption wp-caption-text\"><em><strong>Le site d&rsquo;\u00e9tude et de suivi du changement climatique du CREA Mont-Blanc \u00e0 Loriaz <\/strong>\u00a9 CREA Mont-Blanc<\/em><\/figcaption><\/figure>\n<p>&nbsp;<\/p>\n<p>Jeudi dernier, une partie de l\u2019\u00e9quipe du CREA Mont-Blanc (Anne Delestrade, Hillary Gerardi et Brad Carlson) avec l\u2019aide d\u2019un jeune b\u00e9n\u00e9vole am\u00e9ricain, Will Ahl, ont install\u00e9 une s\u00e9rie d\u2019\u00e9quipements scientifiques dans le secteur de Loriaz au-dessus de Vallorcine (projet SNOWSHRUB). Il s\u2019agissait de planter trois mats de 1.5 m dans diff\u00e9rentes canop\u00e9es v\u00e9g\u00e9tales : une pelouse \u00e0 nard raide (gramin\u00e9e subalpine), un gen\u00e9vrier, et un rhododendron, tous les trois espac\u00e9s de quelques m\u00e8tres et sur le m\u00eame versant. Nous avons plac\u00e9 des capteurs de temp\u00e9rature (qui mesurent une valeur toutes les 2 heures) \u00e0 -10, 0, 30, 60, 90, 120 et 135 cm par rapport au sol le long du mat et projet\u00e9 \u00e0 une distance de 20 cm.<\/p>\n<p>Ces capteurs permettront de savoir si la temp\u00e9rature du sol au cours de l\u2019hiver est la m\u00eame dans les trois couvertures v\u00e9g\u00e9tales. Ils permettront aussi et surtout de quantifier la vitesse du d\u00e9neigement dans les trois situations.<\/p>\n<blockquote><p>La neige maintient une temp\u00e9rature constante autour de 0\u00b0 C : elle repr\u00e9sente un isolent thermique pour le sol. Quand les capteurs se trouvent sous une couche de neige suffisamment \u00e9paisse (environ 30 cm), ils sont parfaitement isol\u00e9s et enregistrent environ 0\u00b0 C tout au long de la journ\u00e9e. \u00c0 partir de la fonte, les capteurs enregistrent \u00e0 nouveau la temp\u00e9rature de l\u2019air avec une forte variabilit\u00e9 pendant la journ\u00e9e (beaucoup plus froid \u00e0 l\u2019aube que dans l\u2019apr\u00e8s-midi).<\/p><\/blockquote>\n<div id=\"kad-wp-gallery55\" class=\"kad-wp-gallery kad-light-wp-gallery clearfix kt-gallery-column-3 rowtight\"><div class=\"tcol-lg-4 tcol-md-4 tcol-sm-4 tcol-xs-6 tcol-ss-12 g_item\"><div class=\"grid_item kad_gallery_fade_in gallery_item\"><a href=\"https:\/\/blog.creamontblanc.org\/wp-content\/uploads\/2017\/11\/Snowshub_changement_climatique_fonte_neige_alpes_CREAMontBlanc_4.jpg\" data-rel=\"lightbox\" class=\"lightboxhover\"><img loading=\"lazy\" decoding=\"async\" src=\"https:\/\/blog.creamontblanc.org\/wp-content\/uploads\/2017\/11\/Snowshub_changement_climatique_fonte_neige_alpes_CREAMontBlanc_4-400x400.jpg\" width=\"400\" height=\"400\" alt=\"Installation et r\u00e9glage du dispositif par Anne Delestrade et Hillary Gerardi \u00a9 CREA Mont-Blanc \"  class=\"light-dropshaddow\"\/><\/a><\/div><\/div><div class=\"tcol-lg-4 tcol-md-4 tcol-sm-4 tcol-xs-6 tcol-ss-12 g_item\"><div class=\"grid_item kad_gallery_fade_in gallery_item\"><a href=\"https:\/\/blog.creamontblanc.org\/wp-content\/uploads\/2017\/11\/Snowshub_changement_climatique_fonte_neige_alpes_CREAMontBlanc_2.jpg\" data-rel=\"lightbox\" class=\"lightboxhover\"><img loading=\"lazy\" decoding=\"async\" src=\"https:\/\/blog.creamontblanc.org\/wp-content\/uploads\/2017\/11\/Snowshub_changement_climatique_fonte_neige_alpes_CREAMontBlanc_2-400x400.jpg\" width=\"400\" height=\"400\" alt=\"Le dispositif de mesure, avec des capteurs de temp\u00e9rature plac\u00e9 \u00e0 intervalle de 30 cm ainsi qu\u2019au sol et enterr\u00e9 \u00e0 10cm dans le sol \u00a9 CREA Mont-Blanc\"  class=\"light-dropshaddow\"\/><\/a><\/div><\/div><div class=\"tcol-lg-4 tcol-md-4 tcol-sm-4 tcol-xs-6 tcol-ss-12 g_item\"><div class=\"grid_item kad_gallery_fade_in gallery_item\"><a href=\"https:\/\/blog.creamontblanc.org\/wp-content\/uploads\/2017\/11\/Snowshub_changement_climatique_fonte_neige_alpes_CREAMontBlanc_3-1.jpg\" data-rel=\"lightbox\" class=\"lightboxhover\"><img loading=\"lazy\" decoding=\"async\" src=\"https:\/\/blog.creamontblanc.org\/wp-content\/uploads\/2017\/11\/Snowshub_changement_climatique_fonte_neige_alpes_CREAMontBlanc_3-1-400x400.jpg\" width=\"400\" height=\"400\" alt=\"Le dispositif de mesure en partie sous la neige \u00a9 CREA Mont-Blanc\"  class=\"light-dropshaddow\"\/><\/a><\/div><\/div><\/div>\n<h2>Les objectifs scientifiques du projet SNOWSHRUB<\/h2>\n<p>Si on connait l\u2019influence du climat et de l\u2019utilisation des terres (le pastoralisme) sur la v\u00e9g\u00e9tation, les effets inverses, c\u2019est-\u00e0-dire les effets potentiels des diff\u00e9rents types de couvert v\u00e9g\u00e9tal sur le climat (microclimat local), et plus pr\u00e9cis\u00e9ment sur le manteau neigeux, sont beaucoup moins bien compris.<\/p>\n<h3>Ce que l\u2019on sait<\/h3>\n<p>Dans les Alpes, le changement climatique ainsi que l\u2019abandon des activit\u00e9s pastorales ont favoris\u00e9 l\u2019expansion des landes (petits arbustes) dans les pelouses de montagne. Cette dynamique est particuli\u00e8rement marqu\u00e9e dans le massif du Mont-Blanc, o\u00f9 la forte disponibilit\u00e9 en eau favorise certaines esp\u00e8ces comme le rhododendron et l\u2019aulne vert.<\/p>\n<p>Des \u00e9tudes men\u00e9es dans l\u2019Arctique ont montr\u00e9 que la pr\u00e9sence des arbustes, par rapport \u00e0 l\u2019herbe, ont trois cons\u00e9quences :<\/p>\n<ul>\n<li>ils augmentent la temp\u00e9rature du sol en hiver<\/li>\n<li>ils influencent la structure du manteau neigeux<\/li>\n<li>ils acc\u00e9l\u00e8rent le d\u00e9neigement au printemps en absorbant plus de chaleur.<\/li>\n<\/ul>\n<p>Sachant qu\u2019un sol plus chaud et un d\u00e9neigement plus pr\u00e9coce favorisent les arbustes par rapport aux esp\u00e8ces herbac\u00e9es (en encore, \u00e7a d\u00e9pend lesquelles), ces r\u00e9troactions de la v\u00e9g\u00e9tation sur le micro-climat local pourraient acc\u00e9l\u00e9rer et accentuer l\u2019expansion des arbustes en montagne, davantage qu\u2019avec le r\u00e9chauffement climatique seul.<\/p>\n<h3>Ce que l\u2019on cherche \u00e0 savoir<\/h3>\n<p>Au CREA Mont-Blanc, en dehors de l\u2019aspect recherche fondamentale, nous nous int\u00e9ressons \u00e0 ces questions pour mieux comprendre la dynamique de la v\u00e9g\u00e9tation dans le massif. C\u2019est d\u2019autant plus important que le remplacement des prairies subalpines et alpines par les arbustes diminue la biodiversit\u00e9 locale et modifie fortement la qualit\u00e9 des ressources disponibles pour les herbivores, \u00e0 la fois sauvages (chevreuils, cerfs, chamois, bouquetins) et domestiques (vaches et ch\u00e8vres).<\/p>\n<p>&nbsp;<\/p>\n<figure id=\"attachment_972\" class=\"thumbnail wp-caption aligncenter\" style=\"width: 1000px\"><img loading=\"lazy\" decoding=\"async\" class=\"size-full wp-image-972\" src=\"http:\/\/blog.creamontblanc.org\/wp-content\/uploads\/2017\/11\/Snowshub_changement_climatique_fonte_neige_alpes_CREAMontBlanc_5.jpg\" alt=\"Le site de Loriaz, avec les mats install\u00e9s dans les trois types de v\u00e9g\u00e9tation, de gauche \u00e0 droite : rhododendron, gen\u00e9vrier et nard raide \u00a9 CREA Mont-Blanc\" width=\"1000\" height=\"500\" \/><figcaption class=\"caption wp-caption-text\"><em><strong>Le site de Loriaz, avec les mats install\u00e9s dans les trois types de v\u00e9g\u00e9tation, de gauche \u00e0 droite : rhododendron, gen\u00e9vrier et nard raide <\/strong>\u00a9 CREA Mont-Blanc<\/em><\/figcaption><\/figure>\n<p>&nbsp;<\/p>\n<h2>Les prochaines \u00e9tapes de l\u2019exp\u00e9rience<\/h2>\n<p>Ce projet est jumel\u00e9 avec des dispositifs en cours d\u2019installation au Col du Lautaret et dans le massif du Taillefer pr\u00e8s de Grenoble. L\u2019ann\u00e9e prochaine, avec des coll\u00e8gues de Clermont-Ferrand, nous pr\u00e9voyons d\u2019installer des capteurs de dendrochronologie (mesure de croissance des arbres par les cernes) sur les rameaux de gen\u00e9vrier et de rhododendron, pour mieux cerner <i class=\"icon-smile\" style=\"font-size:14px; color:#000;\"><\/i> les liens entre les conditions climatiques d\u2019une ann\u00e9e \u00e0 l\u2019autre et la vitesse de croissances des arbustes.<\/p>\n<p>Enfin, cet hiver il est pr\u00e9vu que des chercheurs du Centre d\u2019\u00c9tudes de la Neige (M\u00e9t\u00e9o France) viennent \u00e0 Loriaz pour faire des mesures de la structure du manteau neigeux dans les diff\u00e9rents types de v\u00e9g\u00e9tation, en lien avec les traits fonctionnels des plantes (densit\u00e9 et diam\u00e8tre des rameaux, hauteur sous la neige, surface foliaire).<\/p>\n<p>\u00c0 suivre !<\/p>\n<p>&nbsp;<\/p>\n<p>R\u00e9daction : Brad Carlson<\/p>\n<hr \/>\n<p><strong>Pour en savoir plus<\/strong><\/p>\n<p>Le projet SNOWSHRUB est men\u00e9 en partenariat avec la Zone Atelier Alpes (CNRS), le Laboratoire d\u2019Ecologie Alpine (Grenoble), Geolab (Clermont-Ferrand) et le Centre d\u2019\u00c9tudes de la Neige (Grenoble)<\/p>\n<p>&nbsp;<\/p>\n<p>&nbsp;<\/p>\n","protected":false},"excerpt":{"rendered":"<p>Une nouvelle s\u00e9rie d\u2019\u00e9quipement a \u00e9t\u00e9 install\u00e9e \u00e0 Loriaz dans le massif du Mont-Blanc. Cette nouvelle \u00e9tude vise \u00e0 comprendre comment les diff\u00e9rentes esp\u00e8ces v\u00e9g\u00e9tales alpines pr\u00e9sentes sur le site influencent la vitesse de fonte de la neige au printemps. &hellip; <a href=\"https:\/\/blog.creamontblanc.org?p=963\">Lire la suite\u00ad\u00ad<\/a><\/p>\n","protected":false},"author":8,"featured_media":964,"comment_status":"open","ping_status":"open","sticky":false,"template":"","format":"standard","meta":{"_monsterinsights_skip_tracking":false,"_monsterinsights_sitenote_active":false,"_monsterinsights_sitenote_note":"","_monsterinsights_sitenote_category":0,"ngg_post_thumbnail":0,"footnotes":""},"categories":[194],"tags":[10,221,224,201],"class_list":["post-963","post","type-post","status-publish","format-standard","has-post-thumbnail","hentry","category-la-recherche","tag-climat","tag-enneigement","tag-flore","tag-temperatures"],"aioseo_notices":[],"amp_enabled":true,"_links":{"self":[{"href":"https:\/\/blog.creamontblanc.org\/index.php?rest_route=\/wp\/v2\/posts\/963","targetHints":{"allow":["GET"]}}],"collection":[{"href":"https:\/\/blog.creamontblanc.org\/index.php?rest_route=\/wp\/v2\/posts"}],"about":[{"href":"https:\/\/blog.creamontblanc.org\/index.php?rest_route=\/wp\/v2\/types\/post"}],"author":[{"embeddable":true,"href":"https:\/\/blog.creamontblanc.org\/index.php?rest_route=\/wp\/v2\/users\/8"}],"replies":[{"embeddable":true,"href":"https:\/\/blog.creamontblanc.org\/index.php?rest_route=%2Fwp%2Fv2%2Fcomments&post=963"}],"version-history":[{"count":8,"href":"https:\/\/blog.creamontblanc.org\/index.php?rest_route=\/wp\/v2\/posts\/963\/revisions"}],"predecessor-version":[{"id":983,"href":"https:\/\/blog.creamontblanc.org\/index.php?rest_route=\/wp\/v2\/posts\/963\/revisions\/983"}],"wp:featuredmedia":[{"embeddable":true,"href":"https:\/\/blog.creamontblanc.org\/index.php?rest_route=\/wp\/v2\/media\/964"}],"wp:attachment":[{"href":"https:\/\/blog.creamontblanc.org\/index.php?rest_route=%2Fwp%2Fv2%2Fmedia&parent=963"}],"wp:term":[{"taxonomy":"category","embeddable":true,"href":"https:\/\/blog.creamontblanc.org\/index.php?rest_route=%2Fwp%2Fv2%2Fcategories&post=963"},{"taxonomy":"post_tag","embeddable":true,"href":"https:\/\/blog.creamontblanc.org\/index.php?rest_route=%2Fwp%2Fv2%2Ftags&post=963"}],"curies":[{"name":"wp","href":"https:\/\/api.w.org\/{rel}","templated":true}]}}