{"id":944,"date":"2017-11-20T14:16:38","date_gmt":"2017-11-20T13:16:38","guid":{"rendered":"http:\/\/blog.creamontblanc.org?p=944"},"modified":"2022-11-09T14:49:44","modified_gmt":"2022-11-09T13:49:44","slug":"le-crea-mont-blanc-reconnu-par-les-nations-unies","status":"publish","type":"post","link":"https:\/\/blog.creamontblanc.org?p=944","title":{"rendered":"Le CREA Mont-Blanc reconnu par les Nations Unies"},"content":{"rendered":"<p><strong>Engag\u00e9 dans la compr\u00e9hension du changement climatique et de son impact sur la biodiversit\u00e9 depuis plus de 20 ans, le CREA Mont-Blanc est aujourd\u2019hui distingu\u00e9 par les Nations Unies lors de la COP 23 dans le cadre de son partenariat technologique et humain avec Orange. Laur\u00e9ats 2017 du prix Momentum For Change, le CREA Mont-Blanc et Orange \u00e9taient \u00e0 Bonn pour recevoir le prix et pr\u00e9senter l\u2019initiative CLIMB, une d\u00e9marche unique de suivi du changement climatique en montagne, alliant technologie et dialogue entre la science et la soci\u00e9t\u00e9.<\/strong><\/p>\n<p style=\"text-align: center\"><!--more--><\/p>\n<p>&nbsp;<\/p>\n<figure id=\"attachment_949\" class=\"thumbnail wp-caption aligncenter\" style=\"width: 1000px\"><img loading=\"lazy\" decoding=\"async\" class=\"size-full wp-image-949\" src=\"http:\/\/blog.creamontblanc.org\/wp-content\/uploads\/2017\/11\/20171114_momentum_for_change_nations_unies_changement_climatique_CREAMontBlanc_Orange.jpg\" alt=\"Le CREA Mont-Blanc et Orange reconnus par les Nations Unies pour leur action pour le changement climatique \u00e0 la COP 23 \u00a9 CREA Mont-Blanc \" width=\"1000\" height=\"500\" \/><figcaption class=\"caption wp-caption-text\"><em><strong>Le CREA Mont-Blanc et Orange reconnus par les Nations Unies pour leur action pour le changement climatique \u00e0 la COP 23 <\/strong>\u00a9 CREA Mont-Blanc<\/em><\/figcaption><\/figure>\n<p>&nbsp;<\/p>\n<p>Irene Alvarez \u00e9tait \u00e0 la COP 23 cette semaine en compagnie de G\u00e9raldine Walter et Philippe Tuzzolino d&rsquo;Orange pour recevoir le prix Momentum for change pour le projet CLIMB (Climate Change Impacts on Mountain Biodiversity) et participer \u00e0 la Table-ronde<em> Momentum for Change Climate Action Dialogue Series\u00a0\u2013 ICT Solutions.\u00a0<\/em><\/p>\n<p>&nbsp;<\/p>\n<blockquote class=\"twitter-tweet\">\n<p dir=\"ltr\" lang=\"fr\" style=\"text-align: center\">.<a href=\"https:\/\/twitter.com\/orange?ref_src=twsrc%5Etfw\">@Orange<\/a> et <a href=\"https:\/\/twitter.com\/creamontblanc?ref_src=twsrc%5Etfw\">@creamontblanc<\/a> parmi les 19 projets salu\u00e9s hier soir par <a href=\"https:\/\/twitter.com\/UNFCCC?ref_src=twsrc%5Etfw\">@UNFCCC<\/a> lors de la remise du Prix Momentum for Change &gt; <a href=\"https:\/\/t.co\/vYPOdZhMfu\">https:\/\/t.co\/vYPOdZhMfu<\/a> <a href=\"https:\/\/twitter.com\/hashtag\/COP23?src=hash&amp;ref_src=twsrc%5Etfw\">#COP23<\/a> <a href=\"https:\/\/twitter.com\/hashtag\/Climat?src=hash&amp;ref_src=twsrc%5Etfw\">#Climat<\/a> <a href=\"https:\/\/twitter.com\/hashtag\/MontBlanc?src=hash&amp;ref_src=twsrc%5Etfw\">#MontBlanc<\/a> <a href=\"https:\/\/t.co\/TE2RUyMwT1\">pic.twitter.com\/TE2RUyMwT1<\/a><\/p>\n<p style=\"text-align: center\">\u2014 Orange RSE (@OrangeRSE) <a href=\"https:\/\/twitter.com\/OrangeRSE\/status\/930716613069983744?ref_src=twsrc%5Etfw\">15 novembre 2017<\/a><\/p>\n<\/blockquote>\n<p>&nbsp;<\/p>\n<p>&nbsp;<\/p>\n<h2>CLIMB (Climate Change Impacts on Mountain Biodiversity), une d\u00e9marche partenariale pionni\u00e8re pour mieux comprendre l\u2019impact du r\u00e9chauffement climatique<\/h2>\n<p>CLIMB est le fruit d\u2019un partenariat innovant entre le CREA Mont-Blanc, ONG scientifique, et Orange, leader mondial des t\u00e9l\u00e9coms, permettant de collecter \u2013 sur le terrain ou \u00e0 distance-, des donn\u00e9es sur le climat, les esp\u00e8ces et les paysages. Ces donn\u00e9es sont indispensables \u00e0 l\u2019analyse scientifique des \u00e9volutions environnementales en cours, port\u00e9es ensuite \u00e0 connaissance des citoyens et d\u00e9cideurs. De la collecte automatis\u00e9e des donn\u00e9es \u00e0 leur restitution pour le territoire et le public, CLIMB a n\u00e9cessit\u00e9 une architecture technologique robuste et innovante qu\u2019Orange a fournie.<\/p>\n<p>Ce sont ainsi 60 stations automatiques de mesure des temp\u00e9ratures qui ont \u00e9t\u00e9 install\u00e9es \u00e0 travers l\u2019arc alpin. Ce r\u00e9seau unique permet aux chercheurs de suivre le changement climatique local (temp\u00e9rature et enneigement) avec une grande pr\u00e9cision et de comparer ces donn\u00e9es climatiques avec les donn\u00e9es d\u2019observation de la faune et de la flore. Orange a mis en place tout le syst\u00e8me de collecte de donn\u00e9es et de maintenance des stations, assure la pr\u00e9servation de ces donn\u00e9es et des contenus scientifiques et a d\u00e9velopp\u00e9 des interfaces de visualisation et de consultation, accessibles \u00e0 la fois aux chercheurs et au grand public.<\/p>\n<p>Orange a ainsi mobilis\u00e9 directement ses comp\u00e9tences et ses collaborateurs pour permettre \u00e0 la recherche scientifique de progresser. Une d\u00e9marche qui met en lumi\u00e8re le potentiel d\u2019innovation de partenariats entre entreprises et ONG pour r\u00e9pondre aux grands d\u00e9fis environnementaux.<\/p>\n<p>&nbsp;<\/p>\n<h2>la Table-ronde<em> Momentum for Change Climate Action Dialogue Series\u00a0\u2013 ICT Solutions <\/em><\/h2>\n<p>Visionnez l&rsquo;int\u00e9gralit\u00e9 de la Table-ronde sur la Chaine Youtube <a class=\"yt-simple-endpoint style-scope yt-formatted-string\" href=\"https:\/\/youtu.be\/ZBDCXgnQBt0?t=42m38s\" target=\"_blank\" rel=\"noopener\">UNFCCC Climate Action Studio<\/a><\/p>\n<blockquote class=\"twitter-tweet\">\n<p dir=\"ltr\" lang=\"en\">Thank you for an illuminating discussion that demonstrated the importance of information &amp; communications technology in enabling low carbon futures &amp; adapting to the impacts of <a href=\"https:\/\/twitter.com\/hashtag\/ClimateChange?src=hash&amp;ref_src=twsrc%5Etfw\">#ClimateChange<\/a> <a href=\"https:\/\/t.co\/ugC1WLiaZS\">https:\/\/t.co\/ugC1WLiaZS<\/a> <a href=\"https:\/\/twitter.com\/hashtag\/COP23?src=hash&amp;ref_src=twsrc%5Etfw\">#COP23<\/a> <a href=\"https:\/\/t.co\/3A327cldDU\">pic.twitter.com\/3A327cldDU<\/a><\/p>\n<p>\u2014 Momentum for Change (@Momentum_UNFCCC) <a href=\"https:\/\/twitter.com\/Momentum_UNFCCC\/status\/931110241445601280?ref_src=twsrc%5Etfw\">16 novembre 2017<\/a><\/p><\/blockquote>\n<p>&nbsp;<\/p>\n<h2>Quand la science, l\u2019entreprise et la soci\u00e9t\u00e9 collaborent face au changement climatique.<\/h2>\n<p>Au-del\u00e0 de la collecte, de l\u2019analyse et de la visualisation des donn\u00e9es, l\u2019innovation r\u00e9side aussi dans la collaboration directe entre chercheurs, territoire, citoyens et entreprise priv\u00e9e. Dans la d\u00e9marche CLIMB, le CREA Mont-Blanc et Orange impliquent les citoyens \u00e0 travers une d\u00e9marche de science participative g\u00e9n\u00e9ratrice de donn\u00e9es et de sensibilisation \u00e0 un enjeu environnemental d\u00e9terminant : chacun peut ainsi consulter les donn\u00e9es disponibles et contribuer en partageant ses observations sur le site <a href=\"http:\/\/www.atlasmontblanc.org\" target=\"_blank\" rel=\"noopener\">www.atlasmontblanc.org<\/a>.<\/p>\n<p>Le territoire, notamment la R\u00e9gion Auvergne Rh\u00f4ne-Alpes et les Communaut\u00e9s de Communes du Pays du Mont-Blanc et de la Vall\u00e9e de Chamonix Mont-Blanc, s\u2019implique \u00e9galement au plus pr\u00e8s dans ces recherches qui offrent une vision prospective et un dialogue direct avec les scientifiques.<\/p>\n<p>&nbsp;<\/p>\n<p><img loading=\"lazy\" decoding=\"async\" class=\"size-full wp-image-945 aligncenter\" src=\"http:\/\/blog.creamontblanc.org\/wp-content\/uploads\/2017\/11\/logos_CP_CREAMontBlanc_Orange_Nations_Unies_Momentum2.jpg\" alt=\"Le CREA Mont-Blanc et Orange recoonus par les Nations Unies pour leur action sur le changement climatique\" width=\"1014\" height=\"232\" \/><\/p>\n<p>&nbsp;<\/p>\n<hr \/>\n<p><strong>Pour en savoir plus :<\/strong><\/p>\n<p><a href=\"http:\/\/creamontblanc.org\/sites\/default\/files\/atoms\/files\/20171114_creamontblanc_orange_momentum_for_change_nations_unies_cop23_0.pdf\" target=\"_blank\" rel=\"noopener\">Le communiqu\u00e9 de presse<\/a> qui pr\u00e9sente l&rsquo;initiative CLIMB et le partenariat avec Orange<\/p>\n<p>Le film de la Table-ronde\u00a0<a href=\"https:\/\/youtu.be\/ZBDCXgnQBt0?t=42m38s\" target=\"_blank\" rel=\"noopener\"><em>Momentum for Change Climate Action Dialogue Series\u00a0\u2013 ICT Solutions<\/em><\/a> sur Youtube<\/p>\n<p>&nbsp;<\/p>\n","protected":false},"excerpt":{"rendered":"<p>Engag\u00e9 dans la compr\u00e9hension du changement climatique et de son impact sur la biodiversit\u00e9 depuis plus de 20 ans, le CREA Mont-Blanc est aujourd\u2019hui distingu\u00e9 par les Nations Unies lors de la COP 23 dans le cadre de son partenariat &hellip; <a href=\"https:\/\/blog.creamontblanc.org?p=944\">Lire la suite\u00ad\u00ad<\/a><\/p>\n","protected":false},"author":5,"featured_media":949,"comment_status":"open","ping_status":"open","sticky":false,"template":"","format":"standard","meta":{"_monsterinsights_skip_tracking":false,"_monsterinsights_sitenote_active":false,"_monsterinsights_sitenote_note":"","_monsterinsights_sitenote_category":0,"ngg_post_thumbnail":0,"footnotes":""},"categories":[5],"tags":[118,12],"class_list":["post-944","post","type-post","status-publish","format-standard","has-post-thumbnail","hentry","category-vie-association","tag-cop23","tag-rencontre"],"aioseo_notices":[],"amp_enabled":true,"_links":{"self":[{"href":"https:\/\/blog.creamontblanc.org\/index.php?rest_route=\/wp\/v2\/posts\/944","targetHints":{"allow":["GET"]}}],"collection":[{"href":"https:\/\/blog.creamontblanc.org\/index.php?rest_route=\/wp\/v2\/posts"}],"about":[{"href":"https:\/\/blog.creamontblanc.org\/index.php?rest_route=\/wp\/v2\/types\/post"}],"author":[{"embeddable":true,"href":"https:\/\/blog.creamontblanc.org\/index.php?rest_route=\/wp\/v2\/users\/5"}],"replies":[{"embeddable":true,"href":"https:\/\/blog.creamontblanc.org\/index.php?rest_route=%2Fwp%2Fv2%2Fcomments&post=944"}],"version-history":[{"count":10,"href":"https:\/\/blog.creamontblanc.org\/index.php?rest_route=\/wp\/v2\/posts\/944\/revisions"}],"predecessor-version":[{"id":958,"href":"https:\/\/blog.creamontblanc.org\/index.php?rest_route=\/wp\/v2\/posts\/944\/revisions\/958"}],"wp:featuredmedia":[{"embeddable":true,"href":"https:\/\/blog.creamontblanc.org\/index.php?rest_route=\/wp\/v2\/media\/949"}],"wp:attachment":[{"href":"https:\/\/blog.creamontblanc.org\/index.php?rest_route=%2Fwp%2Fv2%2Fmedia&parent=944"}],"wp:term":[{"taxonomy":"category","embeddable":true,"href":"https:\/\/blog.creamontblanc.org\/index.php?rest_route=%2Fwp%2Fv2%2Fcategories&post=944"},{"taxonomy":"post_tag","embeddable":true,"href":"https:\/\/blog.creamontblanc.org\/index.php?rest_route=%2Fwp%2Fv2%2Ftags&post=944"}],"curies":[{"name":"wp","href":"https:\/\/api.w.org\/{rel}","templated":true}]}}