{"id":87,"date":"2016-04-18T12:13:55","date_gmt":"2016-04-18T11:13:55","guid":{"rendered":"http:\/\/blog.creamontblanc.org\/?p=87"},"modified":"2022-11-09T14:42:50","modified_gmt":"2022-11-09T13:42:50","slug":"premiere-sortie-de-terrain-de-lannee","status":"publish","type":"post","link":"https:\/\/blog.creamontblanc.org?p=87","title":{"rendered":"Premi\u00e8re sortie de terrain de l\u2019ann\u00e9e !"},"content":{"rendered":"<p><strong>Ce jeudi, l&rsquo;\u00e9quipe du CREA Mont-Blanc a commenc\u00e9 les relev\u00e9s de printemps pour le programme Ph\u00e9noclim sur le site d&rsquo;\u00e9tude de Vallorcine. Les cycles saisonniers des grenouilles, m\u00e9sanges et m\u00e9l\u00e8zes passent cette ann\u00e9e encore sous la loupe des chercheurs.<\/strong><\/p>\n<figure id=\"attachment_93\" class=\"thumbnail wp-caption alignleft\" style=\"width: 1000px\"><img loading=\"lazy\" decoding=\"async\" class=\"wp-image-93 size-full\" src=\"http:\/\/blog.creamontblanc.org\/wp-content\/uploads\/2016\/04\/20160414__Stade-T\u00e9tard-Grenouille-Mare-de-lEglise-Vallorcine.jpg\" alt=\"20160414__Stade T\u00e9tard Grenouille Mare de l'Eglise Vallorcine\" width=\"1000\" height=\"500\" srcset=\"https:\/\/blog.creamontblanc.org\/wp-content\/uploads\/2016\/04\/20160414__Stade-T\u00e9tard-Grenouille-Mare-de-lEglise-Vallorcine.jpg 1000w, https:\/\/blog.creamontblanc.org\/wp-content\/uploads\/2016\/04\/20160414__Stade-T\u00e9tard-Grenouille-Mare-de-lEglise-Vallorcine-300x150.jpg 300w, https:\/\/blog.creamontblanc.org\/wp-content\/uploads\/2016\/04\/20160414__Stade-T\u00e9tard-Grenouille-Mare-de-lEglise-Vallorcine-768x384.jpg 768w\" sizes=\"auto, (max-width: 1000px) 100vw, 1000px\" \/><figcaption class=\"caption wp-caption-text\">Anne Delestrade et Marjorie Bison en train d&rsquo;observer le stade de d\u00e9veloppement des t\u00eatards de grenouille rousse dans une mare de Vallorcine \u00a9 CREA Mont-Blanc<\/figcaption><\/figure>\n<p><!--more--><\/p>\n<p>&nbsp;<\/p>\n<p>Comme chaque ann\u00e9e depuis 2010, le CREA Mont-Blanc se rend sur le site d\u2019\u00e9tude de Vallorcine, situ\u00e9 en amont de Chamonix \u00e0 1300 m\u00e8tres d\u2019altitude, o\u00f9 sont suivis des populations de m\u00e9sanges noires, de grenouilles rousses et d\u2019arbres dans le cadre du programme <a href=\"http:\/\/phenoclim.org\">Ph\u00e9noclim<\/a>.<\/p>\n<figure id=\"attachment_92\" class=\"thumbnail wp-caption alignleft\" style=\"width: 300px\"><img loading=\"lazy\" decoding=\"async\" class=\"wp-image-92 size-medium\" src=\"http:\/\/blog.creamontblanc.org\/wp-content\/uploads\/2016\/04\/terrain_phenoclim_Vallorcine-300x200.jpg\" alt=\"terrain_phenoclim_Vallorcine\" width=\"300\" height=\"200\" srcset=\"https:\/\/blog.creamontblanc.org\/wp-content\/uploads\/2016\/04\/terrain_phenoclim_Vallorcine-300x200.jpg 300w, https:\/\/blog.creamontblanc.org\/wp-content\/uploads\/2016\/04\/terrain_phenoclim_Vallorcine.jpg 750w\" sizes=\"auto, (max-width: 300px) 100vw, 300px\" \/><figcaption class=\"caption wp-caption-text\">marie Pachoud et Anne Delestrade, for\u00eat de Vallorcine \u00a9 CREA Mont-Blanc<\/figcaption><\/figure>\n<p><strong>M\u00e9sanges : 6 nichoirs d\u00e9j\u00e0 occup\u00e9s<\/strong><\/p>\n<p>Le jeudi 14 Avril 2016, l\u2019\u00e9quipe du CREA a commenc\u00e9 la saison de suivi ph\u00e9nologique des m\u00e9sanges noires. L\u2019objectif de ces sorties terrain est de r\u00e9aliser chaque jeudi jusqu\u2019\u00e0 fin mai la \u00ab tourn\u00e9e des nichoirs \u00bb afin d\u2019y relever les stades de construction des nids, les dates de ponte, les dates d\u2019\u00e9closion ainsi que le nombre d\u2019\u0153ufs et de poussins de chaque nichoir occup\u00e9 par un couple de m\u00e9sanges. Par la suite, ces donn\u00e9es serviront notamment \u00e0 alimenter des \u00e9tudes sur le lien entre ph\u00e9nologie (science des saisons) et climat.<\/p>\n<p>Durant cette premi\u00e8re journ\u00e9e de terrain, sur la cinquantaine de nichoirs pr\u00e9sents dans la for\u00eat, 6 \u00e9taient occup\u00e9s par des m\u00e9sanges en train de construire leur nid. Compos\u00e9s uniquement de quelques brindilles pour certains, d\u2019autres \u00e9taient de beaux nids presque pr\u00eats \u00e0 accueillir des \u0153ufs. En plus de visiter les nichoirs, nous avons d\u00fb jouer les d\u00e9tectives suite \u00e0 la disparition de quelques-uns d\u2019entre eux. Cette fois-ci ce n\u2019\u00e9tait pas une erreur de calcul des GPS pour les localiser mais l&rsquo;initiative de quelques jeunes aventuriers des bois qui, pensant que les m\u00e9sanges pr\u00e9f\u00e9raient nicher en hauteur, avaient plac\u00e9 certains de nos nichoirs \u00e0 4 m\u00e8tres du sol. Affaire r\u00e9solue.<\/p>\n<p>&nbsp;<\/p>\n<p><strong>Grenouilles : t\u00eatards en stade 2<\/strong><\/p>\n<p>Au passage, nous avons fait des arr\u00eats \u00ab Mare \u00bb. Mis \u00e0 part quelques pontes de grenouille rousse mortes \u00e0 cause du froid nocturne, nous avons pu observer, en tentant d\u2019\u00e9viter les grands coups de langue de nos amies les vaches qui se trouvaient pr\u00e8s de nous, des t\u00eatards en stade 2. \u00c7a ne vous dit pas grand-chose ? C\u2019est normal, regardez plut\u00f4t \u00e0 quoi \u00e7a ressemble sur cette photo :<\/p>\n<figure id=\"attachment_96\" class=\"thumbnail wp-caption alignnone\" style=\"width: 710px\"><a href=\"http:\/\/blog.creamontblanc.org\/premiere-sortie-de-terrain-de-lannee\/visuel_tetard_stade2\/\" rel=\"attachment wp-att-96\"><img loading=\"lazy\" decoding=\"async\" class=\"wp-image-96 size-full\" src=\"http:\/\/blog.creamontblanc.org\/wp-content\/uploads\/2016\/04\/visuel_tetard_stade2.jpg\" alt=\"T\u00eatard en stade 2 \u00a9 CREA Mont-Blanc\" width=\"710\" height=\"392\" srcset=\"https:\/\/blog.creamontblanc.org\/wp-content\/uploads\/2016\/04\/visuel_tetard_stade2.jpg 710w, https:\/\/blog.creamontblanc.org\/wp-content\/uploads\/2016\/04\/visuel_tetard_stade2-300x166.jpg 300w\" sizes=\"auto, (max-width: 710px) 100vw, 710px\" \/><\/a><figcaption class=\"caption wp-caption-text\">T\u00eatard en stade 2 \u00a9 CREA Mont-Blanc<\/figcaption><\/figure>\n<p>&nbsp;<\/p>\n<p>Nous avons aussi r\u00e9alis\u00e9 sur place des relev\u00e9s ph\u00e9nologiques de v\u00e9g\u00e9tation en suivant le protocole <a href=\"http:\/\/phenoclim.org\/fr\/participer\/stades-de-vegetation\" target=\"_blank\" rel=\"noopener\">Phenoclim<\/a>. Pour conclure, cette chaude journ\u00e9e ensoleill\u00e9e nous a bien motiv\u00e9es pour continuer la saison de suivi ph\u00e9nologique. Observerons-nous des t\u00eatards en stade 3 jeudi prochain ? Peut-\u00eatre m\u00eame les premiers \u0153ufs de m\u00e9sange ? Le suspense est \u00e0 son comble. On vous donne rendez-vous la semaine prochaine pour de nouveaux \u00ab Points Ph\u00e9no \u00bb.<\/p>\n<p>&nbsp;<\/p>\n<p>R\u00e9daction : Marjorie Bison<\/p>\n<p>&nbsp;<\/p>\n<hr \/>\n<p>&nbsp;<\/p>\n<p><strong>Pour en savoir plus<a href=\"http:\/\/phenoclim.org\" rel=\"attachment wp-att-97\"><img loading=\"lazy\" decoding=\"async\" class=\"wp-image-97 size-full alignright\" src=\"http:\/\/blog.creamontblanc.org\/wp-content\/uploads\/2016\/04\/PHENOCLIM-e1461331108922.jpg\" alt=\"PHENOCLIM\" width=\"203\" height=\"60\" \/><\/a><\/strong><\/p>\n<p>Description des protocoles de <a href=\"http:\/\/phenoclim.org\/fr\/participer\/dates-de-reproduction-de-la-faune\" target=\"_blank\" rel=\"noopener\">suivi des dates de reproduction de la faune <\/a>et le <a href=\"http:\/\/phenoclim.org\/fr\/participer\/stades-de-vegetation\" target=\"_blank\" rel=\"noopener\">suivi des stades de v\u00e9g\u00e9tation <\/a>sur le site <a href=\"http:\/\/phenoclim.org\" target=\"_blank\" rel=\"noopener\">Ph\u00e9noclim<\/a><\/p>\n<p>&nbsp;<\/p>\n","protected":false},"excerpt":{"rendered":"<p>Ce jeudi, l&rsquo;\u00e9quipe du CREA Mont-Blanc a commenc\u00e9 les relev\u00e9s de printemps pour le programme Ph\u00e9noclim sur le site d&rsquo;\u00e9tude de Vallorcine. Les cycles saisonniers des grenouilles, m\u00e9sanges et m\u00e9l\u00e8zes passent cette ann\u00e9e encore sous la loupe des chercheurs.<\/p>\n","protected":false},"author":5,"featured_media":93,"comment_status":"open","ping_status":"open","sticky":false,"template":"","format":"standard","meta":{"_monsterinsights_skip_tracking":false,"_monsterinsights_sitenote_active":false,"_monsterinsights_sitenote_note":"","_monsterinsights_sitenote_category":0,"ngg_post_thumbnail":0,"footnotes":""},"categories":[194],"tags":[218,49,35],"class_list":["post-87","post","type-post","status-publish","format-standard","has-post-thumbnail","hentry","category-la-recherche","tag-grenouilles","tag-mesanges-noires","tag-phenologie"],"aioseo_notices":[],"amp_enabled":true,"_links":{"self":[{"href":"https:\/\/blog.creamontblanc.org\/index.php?rest_route=\/wp\/v2\/posts\/87","targetHints":{"allow":["GET"]}}],"collection":[{"href":"https:\/\/blog.creamontblanc.org\/index.php?rest_route=\/wp\/v2\/posts"}],"about":[{"href":"https:\/\/blog.creamontblanc.org\/index.php?rest_route=\/wp\/v2\/types\/post"}],"author":[{"embeddable":true,"href":"https:\/\/blog.creamontblanc.org\/index.php?rest_route=\/wp\/v2\/users\/5"}],"replies":[{"embeddable":true,"href":"https:\/\/blog.creamontblanc.org\/index.php?rest_route=%2Fwp%2Fv2%2Fcomments&post=87"}],"version-history":[{"count":12,"href":"https:\/\/blog.creamontblanc.org\/index.php?rest_route=\/wp\/v2\/posts\/87\/revisions"}],"predecessor-version":[{"id":875,"href":"https:\/\/blog.creamontblanc.org\/index.php?rest_route=\/wp\/v2\/posts\/87\/revisions\/875"}],"wp:featuredmedia":[{"embeddable":true,"href":"https:\/\/blog.creamontblanc.org\/index.php?rest_route=\/wp\/v2\/media\/93"}],"wp:attachment":[{"href":"https:\/\/blog.creamontblanc.org\/index.php?rest_route=%2Fwp%2Fv2%2Fmedia&parent=87"}],"wp:term":[{"taxonomy":"category","embeddable":true,"href":"https:\/\/blog.creamontblanc.org\/index.php?rest_route=%2Fwp%2Fv2%2Fcategories&post=87"},{"taxonomy":"post_tag","embeddable":true,"href":"https:\/\/blog.creamontblanc.org\/index.php?rest_route=%2Fwp%2Fv2%2Ftags&post=87"}],"curies":[{"name":"wp","href":"https:\/\/api.w.org\/{rel}","templated":true}]}}