{"id":837,"date":"2017-09-28T07:48:55","date_gmt":"2017-09-28T06:48:55","guid":{"rendered":"http:\/\/blog.creamontblanc.org?p=837"},"modified":"2022-11-09T09:39:37","modified_gmt":"2022-11-09T08:39:37","slug":"volontaires-2017-retour-dexperience","status":"publish","type":"post","link":"https:\/\/blog.creamontblanc.org?p=837","title":{"rendered":"Volontaires 2017 : retour d\u2019exp\u00e9rience"},"content":{"rendered":"<p><strong>Deux missions de volontariat scientifique d\u2019une semaine et un week-end \u00ab Op\u00e9ration coup de main \u00bb ont \u00e9t\u00e9 organis\u00e9s en 2017. Retour sur les avis et le ressenti des participants, premiers t\u00e9moins du succ\u00e8s de l\u2019exp\u00e9rience.<\/strong><\/p>\n<p><!--more--><\/p>\n<figure id=\"attachment_848\" class=\"thumbnail wp-caption aligncenter\" style=\"width: 1000px\"><img loading=\"lazy\" decoding=\"async\" class=\"wp-image-848 size-full\" src=\"http:\/\/blog.creamontblanc.org\/wp-content\/uploads\/2017\/10\/2017_06_2530_SGuillot.jpg\" alt=\"Pr\u00e9sentation des consignes pour mettre en place un echotone (zone de fronti\u00e8re en deux habitats) avec les volontaires 2017 \u00a9 SGuillot \" width=\"1000\" height=\"500\" \/><figcaption class=\"caption wp-caption-text\"><strong><em>Pr\u00e9sentation des consignes pour mettre en place un \u00e9cotone (zone de fronti\u00e8re en deux habitats) avec les volontaires 2017 <\/em><\/strong><em>\u00a9 SGuillot<\/em><\/figcaption><\/figure>\n<p>&nbsp;<\/p>\n<p>L\u2019\u00e9t\u00e9 2017 a \u00e9t\u00e9 bien rempli avec, notamment, la r\u00e9alisation de missions de volontariat scientifique d\u2019une semaine et d\u2019un weekend \u00ab Op\u00e9ration coup-de-main \u00bb avec l\u2019\u00e9quipe du CREA Mont-Blanc. Apr\u00e8s avoir partag\u00e9 un <a href=\"http:\/\/creamontblanc.org\/sites\/default\/files\/atoms\/files\/2017_suivis_scientifiques_creamontblanc.pdf\" target=\"_blank\" rel=\"noopener\">bilan scientifique<\/a> sur les protocoles men\u00e9s sur le terrain et l\u2019analyse des donn\u00e9es r\u00e9colt\u00e9es, nous avons rassembl\u00e9 formulaires de satisfaction, t\u00e9moignages \u00e9crits, audio ou vid\u00e9o, retours d\u2019\u00e9changes informels avec les participants ou les membres du CREA Mont-Blanc et tent\u00e9 d\u2019\u00e9valuer la r\u00e9ussite de nos missions de volontariat scientifique 2017.<\/p>\n<p>Ce bilan de l\u2019exp\u00e9rience est certes moins savant mais tout aussi important : ces s\u00e9jours ont-ils march\u00e9 ?!<\/p>\n<h2>Des volontaires conquis<\/h2>\n<p>Les volontaires 2017 ont tous \u00e9t\u00e9 tr\u00e8s contents de cette exp\u00e9rience \u00ab\u00a0d\u00e9paysante\u00a0\u00bb et \u00ab\u00a0enrichissante\u00a0\u00bb. Ils \u00e9taient d\u00e9j\u00e0 tous plus ou moins sensibilis\u00e9s au changement climatique mais cette semaine en immersion leur a permis de d\u00e9couvrir et de \u00ab\u00a0comprendre de quelle mani\u00e8re ce ph\u00e9nom\u00e8ne \u00e9tait \u00e9tudi\u00e9\u00a0\u00bb. En l\u2019espace de quelques jours, ils ont entrevu le monde de la recherche et confront\u00e9 leur point de vue sur la montagne \u00e0 celui des chercheurs qui l\u2019\u00e9tudient. Ils se sont rendu compte que le sujet \u00e9tait \u00ab\u00a0plus complexe\u00a0\u00bb que la seule fonte des glaciers et qu\u2019il concernait tout un \u00e9cosyst\u00e8me sur lequel \u00ab les effets se mesurent sur le long terme \u00bb.<\/p>\n<p>M\u00eame si l\u2019objectif du CREA Mont-Blanc n\u2019est pas de sensibiliser pour la pr\u00e9servation de la montagne mais d\u2019\u00e9duquer \u00e0 la d\u00e9marche scientifique \u2013 sans militantisme \u2013 l\u2019exp\u00e9rience a confort\u00e9 les participants dans leur volont\u00e9 d\u2019agir face au changement climatique.<\/p>\n<h2>De la randonn\u00e9e au plus proche de la nature et de la science<\/h2>\n<p>Ils ont appr\u00e9ci\u00e9 \u00ab\u00a0marcher\u00a0\u00bb, \u00ab\u00a0faire\u00a0\u00bb et \u00ab\u00a0r\u00e9p\u00e9ter\u00a0\u00bb certains protocoles, ainsi que \u00ab\u00a0saisir les donn\u00e9es\u00a0\u00bb, sans oublier tout simplement \u00ab\u00a0l\u2019\u00e9change\u00a0\u00bb. Ils ont eu l&rsquo;impression de \u00ab\u00a0vraiment faire partie de l&rsquo;\u00e9quipe\u00a0\u00bb, \u00ab\u00a0d&rsquo;\u00eatre utile\u00a0\u00bb, de \u00ab\u00a0participer \u00e0 la recherche\u00a0\u00bb, tout en \u00ab\u00a0int\u00e9grant\u00a0\u00bb des connaissances et des exemples concrets pour illustrer l\u2019impact du changement climatique sur les \u00e9cosyst\u00e8mes d\u2019altitude.<\/p>\n<p>La disponibilit\u00e9 de l\u2019\u00e9quipe encadrante, compos\u00e9e essentiellement de chercheurs, et leur volont\u00e9 de vulgariser a s\u00e9duit les participants. Les randonn\u00e9es, parfois longues pour atteindre les sites d\u2019\u00e9tude, ainsi que les nuits en refuge d\u2019altitude ont grandement particip\u00e9 au succ\u00e8s de ces s\u00e9jours. Tous ces \u00e9l\u00e9ments ont permis aux volontaires de mieux comprendre les caract\u00e9ristiques du milieu d\u2019\u00e9tude et les contraintes de la recherche scientifique sur le terrain.<\/p>\n<h2>Des volontaires int\u00e9gr\u00e9s \u00e0 la \u00ab communaut\u00e9 \u00bb CREA Mont-Blanc<\/h2>\n<p>Les volontaires ont tous manifest\u00e9 leur int\u00e9r\u00eat pour les activit\u00e9s du CREA Mont-Blanc et leur volont\u00e9 de continuer \u00e0 suivre nos initiatives. Certains ont m\u00eame d\u00e9j\u00e0 rejoint nos programmes de sciences participatives de long terme comme Ph\u00e9noclim, particip\u00e9 \u00e0 d\u2019autres \u00e9v\u00e8nements sous d\u2018autres formats comme le Mont-Blanc Lab ou m\u00eame rejoint notre conseil d\u2019administration !<\/p>\n<h2>Ils t\u00e9moignent<\/h2>\n<p>Consultez tous les t\u00e9moignages des volontaires 2016 et 2017 dans la cat\u00e9gorie <a href=\"http:\/\/blog.creamontblanc.org\/?cat=47\" target=\"_blank\" rel=\"noopener\">T\u00e9moignages de volontaires<\/a> du blog.<\/p>\n","protected":false},"excerpt":{"rendered":"<p>Deux missions de volontariat scientifique d\u2019une semaine et un week-end \u00ab Op\u00e9ration coup de main \u00bb ont \u00e9t\u00e9 organis\u00e9s en 2017. Retour sur les avis et le ressenti des participants, premiers t\u00e9moins du succ\u00e8s de l\u2019exp\u00e9rience.<\/p>\n","protected":false},"author":5,"featured_media":848,"comment_status":"open","ping_status":"open","sticky":false,"template":"","format":"standard","meta":{"_monsterinsights_skip_tracking":false,"_monsterinsights_sitenote_active":false,"_monsterinsights_sitenote_note":"","_monsterinsights_sitenote_category":0,"ngg_post_thumbnail":0,"footnotes":""},"categories":[5],"tags":[44,95,192],"class_list":["post-837","post","type-post","status-publish","format-standard","has-post-thumbnail","hentry","category-vie-association","tag-benevolat","tag-participer","tag-retour-dexperience"],"aioseo_notices":[],"amp_enabled":true,"_links":{"self":[{"href":"https:\/\/blog.creamontblanc.org\/index.php?rest_route=\/wp\/v2\/posts\/837","targetHints":{"allow":["GET"]}}],"collection":[{"href":"https:\/\/blog.creamontblanc.org\/index.php?rest_route=\/wp\/v2\/posts"}],"about":[{"href":"https:\/\/blog.creamontblanc.org\/index.php?rest_route=\/wp\/v2\/types\/post"}],"author":[{"embeddable":true,"href":"https:\/\/blog.creamontblanc.org\/index.php?rest_route=\/wp\/v2\/users\/5"}],"replies":[{"embeddable":true,"href":"https:\/\/blog.creamontblanc.org\/index.php?rest_route=%2Fwp%2Fv2%2Fcomments&post=837"}],"version-history":[{"count":6,"href":"https:\/\/blog.creamontblanc.org\/index.php?rest_route=\/wp\/v2\/posts\/837\/revisions"}],"predecessor-version":[{"id":1013,"href":"https:\/\/blog.creamontblanc.org\/index.php?rest_route=\/wp\/v2\/posts\/837\/revisions\/1013"}],"wp:featuredmedia":[{"embeddable":true,"href":"https:\/\/blog.creamontblanc.org\/index.php?rest_route=\/wp\/v2\/media\/848"}],"wp:attachment":[{"href":"https:\/\/blog.creamontblanc.org\/index.php?rest_route=%2Fwp%2Fv2%2Fmedia&parent=837"}],"wp:term":[{"taxonomy":"category","embeddable":true,"href":"https:\/\/blog.creamontblanc.org\/index.php?rest_route=%2Fwp%2Fv2%2Fcategories&post=837"},{"taxonomy":"post_tag","embeddable":true,"href":"https:\/\/blog.creamontblanc.org\/index.php?rest_route=%2Fwp%2Fv2%2Ftags&post=837"}],"curies":[{"name":"wp","href":"https:\/\/api.w.org\/{rel}","templated":true}]}}