{"id":785,"date":"2017-09-05T08:37:37","date_gmt":"2017-09-05T07:37:37","guid":{"rendered":"http:\/\/blog.creamontblanc.org?p=785"},"modified":"2022-11-08T17:19:29","modified_gmt":"2022-11-08T16:19:29","slug":"temoignage-de-volontaire-6-christian","status":"publish","type":"post","link":"https:\/\/blog.creamontblanc.org?p=785","title":{"rendered":"[T\u00e9moignage de volontaire] #7 Christian"},"content":{"rendered":"<p><strong>Christian a particip\u00e9 pour la seconde fois \u00e0 l&rsquo;une des missions de volontariat scientifique du CREA Mont-Blanc au mois de juillet. Son approche de la montagne et des sciences est extr\u00eamement sensible et pleine de po\u00e9sie. En guise de t\u00e9moignage, il nous a fait parvenir ces quelques vers.<\/strong><\/p>\n<p>&nbsp;<\/p>\n<figure id=\"attachment_786\" class=\"thumbnail wp-caption aligncenter\" style=\"width: 1000px\"><img loading=\"lazy\" decoding=\"async\" class=\"size-full wp-image-786\" src=\"http:\/\/blog.creamontblanc.org\/wp-content\/uploads\/2017\/09\/DSC07820_SGoulmy.jpg\" alt=\"Les volontaires en mission avec leur accompagnatrice \u00e0 Peclerey - juillet 2017\u00a9 SGoulmy\" width=\"1000\" height=\"501\"><figcaption class=\"caption wp-caption-text\"><em>Les volontaires en mission avec leur accompagnatrice \u00e0 Peclerey &#8211; juillet 2017 \u00a9 SGoulmy<\/em><\/figcaption><\/figure>\n<p>&nbsp;<\/p>\n<p style=\"text-align: center;\"><strong>\u00f4 temps suspends ton vol !!<\/strong><\/p>\n<p style=\"text-align: center;\">D\u2019un drone \u00e9quip\u00e9e,<br \/>\nLa fine \u00e9quipe<br \/>\nEst partie<br \/>\nDans une folle \u00e9quip\u00e9e,<br \/>\nQu\u2019allait-elle faire sur cette moraine<br \/>\nCette caravane d\u2019aventuriers ?<br \/>\nDes relev\u00e9s, ne vous en d\u00e9plaise,<br \/>\nDes mesures,<br \/>\nAu pied de cette face de d\u00e9mesure.<br \/>\nLa for\u00eat d\u00e9frich\u00e9e, contourn\u00e9e, parcourue,<\/p>\n<p style=\"text-align: center;\">Enfin vaincue,<br \/>\nIls d\u00e9bouch\u00e8rent sur la cr\u00eate<br \/>\nPresqu\u2019\u00e0 nue\u2026<br \/>\nIls prirent possession de l\u2019espace,<br \/>\n\u00c9talage de mat\u00e9riel,<\/p>\n<p style=\"text-align: center;\">D\u00e9cam\u00e8tres, ficelles\u2026 et le fameux Arianespace\u2026<br \/>\n\u2026fr\u00e9n\u00e9sie de l\u2019instant, h\u00e9las fugace !<br \/>\nDes roulements sourds\u2026<br \/>\nChutes de s\u00e9racs alentour ?<br \/>\nCailloux qui courent ?<br \/>\nQue nenni,<\/p>\n<p style=\"text-align: center;\">Le ciel se charge au-dessus du Val-Veny,<br \/>\nL\u2019inf\u00e2me Peuterey,<br \/>\nLa Noire ne veut pas de cet OVNI.<br \/>\nAlors, c\u2019est le retour,<br \/>\nLa d\u00e9bandade,<br \/>\nLe compte \u00e0 rebours\u2026<br \/>\nLa science, ce sera un autre jour.<\/p>\n<p style=\"text-align: center;\">Alors,<br \/>\nLes ailes repli\u00e9es,<br \/>\nLa cam\u00e9ra prot\u00e9g\u00e9e,<br \/>\nLa housse d\u00e9ploy\u00e9e,<br \/>\nLe sac referm\u00e9,<br \/>\nSeul,<br \/>\nOubli\u00e9,<br \/>\n\u2026<br \/>\nLe drone a pleur\u00e9<\/p>\n<p>&nbsp;<\/p>\n<p>&nbsp;<\/p>\n<p style=\"text-align: center;\"><em>Histoire d\u2019une matin\u00e9e ordinaire, t\u00e9moignage d\u2019un \u00e9co-volontaire, relev\u00e9 (avort\u00e9) d\u2019une parcelle sur les pentes<\/em><br \/>\n<em>d\u2019une moraine lat\u00e9rale du glacier de la Brenva<\/em><br \/>\n<em>Juillet 2017 relat\u00e9 en septembre 2017<\/em><\/p>\n<p>&nbsp;<\/p>\n<p>Christian Berg\u00e8re. Tous droits r\u00e9serv\u00e9s.<\/p>\n<p>&nbsp;<\/p>\n","protected":false},"excerpt":{"rendered":"<p>Christian a particip\u00e9 pour la seconde fois \u00e0 l&rsquo;une des missions de volontariat scientifique du CREA Mont-Blanc au mois de juillet. Son approche de la montagne et des sciences est extr\u00eamement sensible et pleine de po\u00e9sie. En guise de t\u00e9moignage, &hellip; <a href=\"https:\/\/blog.creamontblanc.org?p=785\">Lire la suite\u00ad\u00ad<\/a><\/p>\n","protected":false},"author":5,"featured_media":786,"comment_status":"open","ping_status":"open","sticky":false,"template":"","format":"standard","meta":{"_monsterinsights_skip_tracking":false,"_monsterinsights_sitenote_active":false,"_monsterinsights_sitenote_note":"","_monsterinsights_sitenote_category":0,"ngg_post_thumbnail":0,"footnotes":""},"categories":[5],"tags":[28,192],"class_list":["post-785","post","type-post","status-publish","format-standard","has-post-thumbnail","hentry","category-vie-association","tag-ecovolontariat","tag-retour-dexperience"],"aioseo_notices":[],"amp_enabled":true,"_links":{"self":[{"href":"https:\/\/blog.creamontblanc.org\/index.php?rest_route=\/wp\/v2\/posts\/785","targetHints":{"allow":["GET"]}}],"collection":[{"href":"https:\/\/blog.creamontblanc.org\/index.php?rest_route=\/wp\/v2\/posts"}],"about":[{"href":"https:\/\/blog.creamontblanc.org\/index.php?rest_route=\/wp\/v2\/types\/post"}],"author":[{"embeddable":true,"href":"https:\/\/blog.creamontblanc.org\/index.php?rest_route=\/wp\/v2\/users\/5"}],"replies":[{"embeddable":true,"href":"https:\/\/blog.creamontblanc.org\/index.php?rest_route=%2Fwp%2Fv2%2Fcomments&post=785"}],"version-history":[{"count":4,"href":"https:\/\/blog.creamontblanc.org\/index.php?rest_route=\/wp\/v2\/posts\/785\/revisions"}],"predecessor-version":[{"id":803,"href":"https:\/\/blog.creamontblanc.org\/index.php?rest_route=\/wp\/v2\/posts\/785\/revisions\/803"}],"wp:featuredmedia":[{"embeddable":true,"href":"https:\/\/blog.creamontblanc.org\/index.php?rest_route=\/wp\/v2\/media\/786"}],"wp:attachment":[{"href":"https:\/\/blog.creamontblanc.org\/index.php?rest_route=%2Fwp%2Fv2%2Fmedia&parent=785"}],"wp:term":[{"taxonomy":"category","embeddable":true,"href":"https:\/\/blog.creamontblanc.org\/index.php?rest_route=%2Fwp%2Fv2%2Fcategories&post=785"},{"taxonomy":"post_tag","embeddable":true,"href":"https:\/\/blog.creamontblanc.org\/index.php?rest_route=%2Fwp%2Fv2%2Ftags&post=785"}],"curies":[{"name":"wp","href":"https:\/\/api.w.org\/{rel}","templated":true}]}}