{"id":77,"date":"2016-04-13T09:49:12","date_gmt":"2016-04-13T08:49:12","guid":{"rendered":"http:\/\/blog.creamontblanc.org\/?p=77"},"modified":"2022-12-12T11:42:09","modified_gmt":"2022-12-12T10:42:09","slug":"sejours-science-lancement","status":"publish","type":"post","link":"https:\/\/blog.creamontblanc.org?p=77","title":{"rendered":"S\u00e9jours Sciences au Mont-Blanc : lancement !"},"content":{"rendered":"<p><strong>Apr\u00e8s plusieurs semaines voire plusieurs mois de pr\u00e9paration, c&rsquo;est le lancement des S\u00e9jours Sciences au CREA Mont-Blanc ! Deux formats &#8211; semaine ou weekend &#8211; pour une d\u00e9couverte alternative du Mont-Blanc, directement avec les chercheurs.\u00a0<\/strong><\/p>\n<figure id=\"attachment_79\" class=\"thumbnail wp-caption alignnone\" style=\"width: 1000px\"><a href=\"http:\/\/creamontblanc.org\/fr\/sejours-sciences\/sejours\" rel=\"attachment wp-att-79\"><img loading=\"lazy\" decoding=\"async\" class=\"wp-image-79 size-full\" src=\"http:\/\/blog.creamontblanc.org\/wp-content\/uploads\/2016\/04\/observation_des_chocards_a_bec_jaune_pano.jpg\" alt=\"observation_des_chocards_a_bec_jaune_pano\" width=\"1000\" height=\"500\" srcset=\"https:\/\/blog.creamontblanc.org\/wp-content\/uploads\/2016\/04\/observation_des_chocards_a_bec_jaune_pano.jpg 1000w, https:\/\/blog.creamontblanc.org\/wp-content\/uploads\/2016\/04\/observation_des_chocards_a_bec_jaune_pano-300x150.jpg 300w, https:\/\/blog.creamontblanc.org\/wp-content\/uploads\/2016\/04\/observation_des_chocards_a_bec_jaune_pano-768x384.jpg 768w\" sizes=\"auto, (max-width: 1000px) 100vw, 1000px\" \/><\/a><figcaption class=\"caption wp-caption-text\">Observations de chocards \u00e0 bec jaune face \u00e0 la Mer de glace par Anne Delestrade \u00a9 CREA Mont-Blanc<\/figcaption><\/figure>\n<p><em>\u00a0<\/em><\/p>\n<p><!--more--><\/p>\n<p>Peut-\u00eatre avez-vous d\u00e9j\u00e0 entendu parler de notre projet de \u00ab\u00a0tourisme scientifique\u00a0\u00bb dans un <a href=\"http:\/\/blog.creamontblanc.org\/vers-un-tourisme-scientifique-et-responsable-au-mont-blanc\/\" target=\"_blank\" rel=\"noopener\">pr\u00e9c\u00e9dent article<\/a>. Le projet, qui consiste \u00e0 proposer des missions d\u2019\u00e9covolontariat scientifique de d\u00e9couverte alternative du massif Mont-Blanc, a bien \u00e9volu\u00e9 et les <a href=\"http:\/\/creamontblanc.org\/fr\/preinscription_sejours_sciences\" target=\"_blank\" rel=\"noopener\">inscriptions sont ouvertes<\/a>. De l\u2019exp\u00e9dition de terrain aux questions de recherche en passant par l\u2019analyse des donn\u00e9es, les S\u00e9jours Sciences offrent une immersion totale dans le quotidien de la recherche scientifique en montagne, avec les chercheurs.<\/p>\n<p><strong>Les dates :<\/strong><\/p>\n<figure id=\"attachment_81\" class=\"thumbnail wp-caption alignleft\" style=\"width: 150px\"><a href=\"http:\/\/creamontblanc.org\/fr\/week-end-sciences-en-famille\" rel=\"attachment wp-att-81\"><img loading=\"lazy\" decoding=\"async\" class=\"wp-image-81 size-thumbnail\" src=\"http:\/\/blog.creamontblanc.org\/wp-content\/uploads\/2016\/04\/Sejours_Sciences_Suivi_TalefrecCREAMontBlanc-150x150.jpg\" alt=\"Sejours_Sciences_Suivi_Talefre(c)CREAMontBlanc\" width=\"150\" height=\"150\" \/><\/a><figcaption class=\"caption wp-caption-text\"><em>\u00a9 CREA Mont-Blanc<\/em><\/figcaption><\/figure>\n<p><a href=\"http:\/\/creamontblanc.org\/fr\/week-end-sciences-en-famille\" target=\"_blank\" rel=\"noopener\">Week-end Sciences en famille<\/a> : Un week-end en famille pour s\u2019\u00e9merveiller du fonctionnement de la faune et la flore de montagne et d\u00e9couvrir des protocoles scientifiques simples.<br \/>\n18-19 Juin 2016 et 02-03 Juillet 2016<\/p>\n<p><a href=\"http:\/\/creamontblanc.org\/fr\/semaines-sciences\" target=\"_blank\" rel=\"noopener\">Semaine Sciences<\/a> : 5 jours dans la peau d\u2019un chercheur afin de d\u00e9couvrir les diff\u00e9rents visages du massif et contribuer directement \u00e0 la recherche scientifique.<br \/>\n20-24 Juin 2016 et 11-15 Juillet 2016<\/p>\n<p>&nbsp;<\/p>\n<p>&nbsp;<\/p>\n<blockquote><p>Vous pouvez d&rsquo;ores et d\u00e9j\u00e0 vous inscrire et diffuser l&rsquo;info dans votre entourage professionnel, personnel ou sur les r\u00e9seaux sociaux.<\/p><\/blockquote>\n<p>&nbsp;<\/p>\n<p>&nbsp;<\/p>\n<p><strong>Ce qui est important : L&rsquo;Atlas du Mont-Blanc<\/strong><\/p>\n<p>&nbsp;<\/p>\n<p><a href=\"http:\/\/atlasmontblanc.org\" target=\"_blank\" rel=\"noopener\"><img loading=\"lazy\" decoding=\"async\" class=\"wp-image-83 size-full alignright\" src=\"http:\/\/blog.creamontblanc.org\/wp-content\/uploads\/2016\/04\/Atlas_accueil_web_CREA-e1461321597864.jpg\" alt=\"\" width=\"200\" height=\"59\" \/><\/a>Les \u00e9covolontaires des S\u00e9jours Sciences contribuent directement \u00e0 l\u2019objectif de recherche du CREA Mont-Blanc : faire du Mont-Blanc un site de r\u00e9f\u00e9rence du suivi de la plan\u00e8te face au changement climatique. Toutes les contributions des \u00e9covolontaires alimenteront directement l\u2019<a href=\"http:\/\/atlasmontblanc.org\" target=\"_blank\" rel=\"noopener\">Atlas du Mont-Blanc<\/a>, site web interactif qui rassemble toutes les \u00e9tudes sur les \u00e9volutions des \u00e9cosyst\u00e8mes du massif et donne librement acc\u00e8s \u00e0 la formidable richesse des r\u00e9sultats scientifiques men\u00e9es en glaciologie, climatologie, et \u00e9cologie au Mont-Blanc.<\/p>\n<p>&nbsp;<\/p>\n<figure id=\"attachment_80\" class=\"thumbnail wp-caption alignleft\" style=\"width: 300px\"><a href=\"http:\/\/creamontblanc.org\/fr\/week-end-sciences-en-famille\" rel=\"attachment wp-att-80\"><img loading=\"lazy\" decoding=\"async\" class=\"wp-image-80 size-medium\" src=\"http:\/\/blog.creamontblanc.org\/wp-content\/uploads\/2016\/04\/Sejours_Sciences_Suivi_CheserycCREAMontBlanc-300x225.jpg\" alt=\"Sejours_Sciences_Suivi_Chesery(c)CREAMontBlanc\" width=\"300\" height=\"225\" srcset=\"https:\/\/blog.creamontblanc.org\/wp-content\/uploads\/2016\/04\/Sejours_Sciences_Suivi_CheserycCREAMontBlanc-300x225.jpg 300w, https:\/\/blog.creamontblanc.org\/wp-content\/uploads\/2016\/04\/Sejours_Sciences_Suivi_CheserycCREAMontBlanc-768x576.jpg 768w, https:\/\/blog.creamontblanc.org\/wp-content\/uploads\/2016\/04\/Sejours_Sciences_Suivi_CheserycCREAMontBlanc-1024x768.jpg 1024w, https:\/\/blog.creamontblanc.org\/wp-content\/uploads\/2016\/04\/Sejours_Sciences_Suivi_CheserycCREAMontBlanc.jpg 1500w\" sizes=\"auto, (max-width: 300px) 100vw, 300px\" \/><\/a><figcaption class=\"caption wp-caption-text\"><em>Mesure collective dans le massif des Aiguilles Rouges \u00a9 CREA Mont-Blanc <\/em><\/figcaption><\/figure>\n<p><strong>Ce qui est encore plus important, pour vous :<\/strong><\/p>\n<p>C&rsquo;est ouvert \u00e0 tous, sans pr\u00e9requis particulier en \u00e9cologie. Du novice curieux \u00e0 l\u2019amateur \u00e9clair\u00e9, chacun peut y trouver son compte. Les rencontres avec les chercheurs et professionnels de la montagne se font sans interm\u00e9diaires. En plus, ce sont exclusivement des petits groupes (10 personnes pour les weekends et 5 \u00e0 8 personnes pour les semaines), de quoi \u00e9changer en toute convivialit\u00e9. Les randonn\u00e9es seront \u00e9galement riche en rencontres&#8230; avec la faune et la flore !<\/p>\n<p><strong>Ce qui est encore plus important, pour nous :<\/strong><\/p>\n<p>En participant, vous soutenez directement l&rsquo;association. Par votre contribution financi\u00e8re bien s\u00fbr (avec d\u00e9duction fiscale), mais aussi par votre participation. Vous r\u00e9colterez des donn\u00e9es v\u00e9ritablement utiles \u00e0 la recherche et contribuerez \u00e0 am\u00e9liorer leur analyse et leur diffusion sur le web &#8211; de fa\u00e7on enti\u00e8rement libre et gratuite &#8211; pour sensibiliser le public sur les effets du changement climatique en montagne.<\/p>\n<p>&nbsp;<\/p>\n<p><strong>Merci \u00e0 l&rsquo;Europe et \u00e0 nos partenaires !<br \/>\n<\/strong><\/p>\n<p>Le projet de S\u00e9jours Sciences, initi\u00e9 dans le cadre du projet europ\u00e9en <a href=\"http:\/\/creamontblanc.org\/fr\/le-projet-tourscience\" target=\"_blank\" rel=\"noopener\">TourScience<\/a>, est financ\u00e9 gr\u00e2ce \u00e0 l&rsquo;implication du Conseil d\u00e9partemental de Haute-Savoie, des Communaut\u00e9s de Communes Pays du Mont-Blanc et de la Vall\u00e9e de Chamonix Mont-Blanc. Les Offices de Tourisme de la Vall\u00e9e de Chamonix Mont-Blanc, de Saint-Gervais les Bains et des Contamines Montjoie sont des partenaires techniques pr\u00e9cieux.<\/p>\n<p>&nbsp;<\/p>\n<p style=\"text-align: left\">R\u00e9daction : Charlotte Mader<\/p>\n<hr \/>\n<p style=\"text-align: left\"><strong>Pour en savoir plus<\/strong><\/p>\n<p style=\"text-align: left\"><a href=\"http:\/\/creamontblanc.org\/fr\/notre-approche\" target=\"_blank\" rel=\"noopener\">Notre approche de l&rsquo;\u00e9covolontariat<br \/>\n<\/a>La liste des <a href=\"http:\/\/creamontblanc.org\/fr\/sejours-sciences\/sejours\" target=\"_blank\" rel=\"noopener\">S\u00e9jours Sciences<br \/>\n<\/a>Toutes les infos et inscriptions sur les<a href=\"http:\/\/creamontblanc.org\/fr\/semaines-sciences\" target=\"_blank\" rel=\"noopener\"> Semaines Sciences<br \/>\n<\/a>Toutes les infos et inscriptions sur les <a href=\"http:\/\/creamontblanc.org\/fr\/week-end-sciences-en-famille\" target=\"_blank\" rel=\"noopener\">Week-end Sciences en famille<\/a><br \/>\n<a href=\"http:\/\/creamontblanc.org\/sites\/default\/files\/atoms\/files\/cp_ecovolontariat_science_crea_mont-blanc.pdf\" target=\"_blank\" rel=\"noopener\">Le communiqu\u00e9 de presse<\/a><\/p>\n","protected":false},"excerpt":{"rendered":"<p>Apr\u00e8s plusieurs semaines voire plusieurs mois de pr\u00e9paration, c&rsquo;est le lancement des S\u00e9jours Sciences au CREA Mont-Blanc ! Deux formats &#8211; semaine ou weekend &#8211; pour une d\u00e9couverte alternative du Mont-Blanc, directement avec les chercheurs.\u00a0 \u00a0<\/p>\n","protected":false},"author":5,"featured_media":79,"comment_status":"open","ping_status":"open","sticky":false,"template":"","format":"standard","meta":{"_monsterinsights_skip_tracking":false,"_monsterinsights_sitenote_active":false,"_monsterinsights_sitenote_note":"","_monsterinsights_sitenote_category":0,"ngg_post_thumbnail":0,"footnotes":""},"categories":[258],"tags":[28,38,184],"class_list":["post-77","post","type-post","status-publish","format-standard","has-post-thumbnail","hentry","category-actus-passees","tag-ecovolontariat","tag-science-participative","tag-sejour"],"aioseo_notices":[],"amp_enabled":true,"_links":{"self":[{"href":"https:\/\/blog.creamontblanc.org\/index.php?rest_route=\/wp\/v2\/posts\/77","targetHints":{"allow":["GET"]}}],"collection":[{"href":"https:\/\/blog.creamontblanc.org\/index.php?rest_route=\/wp\/v2\/posts"}],"about":[{"href":"https:\/\/blog.creamontblanc.org\/index.php?rest_route=\/wp\/v2\/types\/post"}],"author":[{"embeddable":true,"href":"https:\/\/blog.creamontblanc.org\/index.php?rest_route=\/wp\/v2\/users\/5"}],"replies":[{"embeddable":true,"href":"https:\/\/blog.creamontblanc.org\/index.php?rest_route=%2Fwp%2Fv2%2Fcomments&post=77"}],"version-history":[{"count":13,"href":"https:\/\/blog.creamontblanc.org\/index.php?rest_route=\/wp\/v2\/posts\/77\/revisions"}],"predecessor-version":[{"id":876,"href":"https:\/\/blog.creamontblanc.org\/index.php?rest_route=\/wp\/v2\/posts\/77\/revisions\/876"}],"wp:featuredmedia":[{"embeddable":true,"href":"https:\/\/blog.creamontblanc.org\/index.php?rest_route=\/wp\/v2\/media\/79"}],"wp:attachment":[{"href":"https:\/\/blog.creamontblanc.org\/index.php?rest_route=%2Fwp%2Fv2%2Fmedia&parent=77"}],"wp:term":[{"taxonomy":"category","embeddable":true,"href":"https:\/\/blog.creamontblanc.org\/index.php?rest_route=%2Fwp%2Fv2%2Fcategories&post=77"},{"taxonomy":"post_tag","embeddable":true,"href":"https:\/\/blog.creamontblanc.org\/index.php?rest_route=%2Fwp%2Fv2%2Ftags&post=77"}],"curies":[{"name":"wp","href":"https:\/\/api.w.org\/{rel}","templated":true}]}}