{"id":769,"date":"2017-08-29T09:09:22","date_gmt":"2017-08-29T08:09:22","guid":{"rendered":"http:\/\/blog.creamontblanc.org?p=769"},"modified":"2017-09-04T13:07:21","modified_gmt":"2017-09-04T12:07:21","slug":"rejoignez-les-benevoles-cet-automne","status":"publish","type":"post","link":"https:\/\/blog.creamontblanc.org?p=769","title":{"rendered":"Rejoignez les b\u00e9n\u00e9voles cet automne"},"content":{"rendered":"<p><strong>L\u2019\u00e9t\u00e9 touche d\u00e9j\u00e0 \u00e0 sa fin et c\u2019est aussi la rentr\u00e9e pour la faune et la flore. Les observations automnales du programme Ph\u00e9noclim reprennent d\u00e8s maintenant. Rejoignez-nous pour suivre les \u00e9volutions saisonni\u00e8res en montagne, on a besoin de vous !<\/strong><\/p>\n<figure id=\"attachment_70\" class=\"thumbnail wp-caption aligncenter\" style=\"width: 1000px\"><a href=\"http:\/\/blog.creamontblanc.org\/?attachment_id=70\" rel=\"attachment wp-att-70\"><img loading=\"lazy\" decoding=\"async\" class=\"size-full wp-image-70\" src=\"http:\/\/blog.creamontblanc.org\/wp-content\/uploads\/2016\/01\/rdvCREA2014_Plan_de_l-aiguille.jpg\" alt=\"D\u00e9couverte des protocoles d'observation de la v\u00e9g\u00e9tation avec les chercheurs au Plan de l'Aiguilles (Massif du Mont-Blanc) \u00a9 CREA Mont-Blanc\" width=\"1000\" height=\"500\" srcset=\"https:\/\/blog.creamontblanc.org\/wp-content\/uploads\/2016\/01\/rdvCREA2014_Plan_de_l-aiguille.jpg 1000w, https:\/\/blog.creamontblanc.org\/wp-content\/uploads\/2016\/01\/rdvCREA2014_Plan_de_l-aiguille-300x150.jpg 300w, https:\/\/blog.creamontblanc.org\/wp-content\/uploads\/2016\/01\/rdvCREA2014_Plan_de_l-aiguille-768x384.jpg 768w\" sizes=\"auto, (max-width: 1000px) 100vw, 1000px\" \/><\/a><figcaption class=\"caption wp-caption-text\"><em>D\u00e9couverte des protocoles d&rsquo;observation de la v\u00e9g\u00e9tation avec les chercheurs au Plan de l&rsquo;Aiguille (Massif du Mont-Blanc) \u00a9 CREA Mont-Blanc<\/em><\/figcaption><\/figure>\n<p>L\u2019automne est l\u00e0 ! Comme l\u2019ann\u00e9e derni\u00e8re &#8211; o\u00f9 les premi\u00e8res observations ont commenc\u00e9 mi-ao\u00fbt pour les bouleaux &#8211; la saison automnale commence ! Dans les prochaines semaines, les for\u00eats se pareront rapidement de jaunes et de rouges en altitude.<\/p>\n<h2>Observez le changement de couleur des feuilles<\/h2>\n<p>Vous \u00eates sensibles aux variations saisonni\u00e8res de votre environnement ? Rejoignez le programme <a href=\"http:\/\/phenoclim.org\/\">Ph\u00e9noclim<\/a> ! Rep\u00e9rez le d\u00e9but et la moiti\u00e9 du ph\u00e9nom\u00e8ne de changement de couleur pour les 10 esp\u00e8ces de plantes du programme Ph\u00e9noclim. Vous pouvez suivre le protocole \u2013 simplifi\u00e9 et d\u00e9taill\u00e9 &#8211; et saisir vos observations en ligne ou gr\u00e2ce \u00e0 l&rsquo;application mobile (<a href=\"https:\/\/play.google.com\/store\/apps\/details?id=com.makinacorpus.phenology\">Ph\u00e9noclim pour Android<\/a>). Pas besoin d\u2019\u00eatre un expert !<\/p>\n<h3>Un protocole scientifique simple et accessible tous<\/h3>\n<p>Pour vous aider dans vos observations, plusieurs documents sont accessibles dans la <a href=\"http:\/\/phenoclim.org\/fr\/boite-a-outils-1\">Bo\u00eete-\u00e0-outils<\/a> du site <a href=\"http:\/\/phenoclim.org\/\">Ph\u00e9noclim<\/a>. Les protocoles pour le suivi des cycles saisonniers, un calendrier illustr\u00e9 des observations, des alertes et conseils envoy\u00e9s au cours de l&rsquo;ann\u00e9e, les tutoriels d&rsquo;aide informatique&#8230;<\/p>\n<h3>Rejoignez la communaut\u00e9 d\u2019observateurs<\/h3>\n<p>Si une question vous taraude, si vous avez besoin d&rsquo;un coup de main pour vous lancer, si vous \u00eates perdus sur le web&#8230; n&rsquo;h\u00e9sitez pas \u00e0 nous contacter ! Les membres du CREA Mont-Blanc et les chercheurs du programme vous aideront par t\u00e9l\u00e9phone, par <a href=\"http:\/\/creamontblanc.org\/fr\/content\/contacts\">mail<\/a> ou \u00e0 travers les r\u00e9seaux sociaux. La communaut\u00e9 des observateurs Ph\u00e9noclim pourra m\u00eame vous aiguiller gr\u00e2ce au groupe Facebook d\u2019\u00e9changes des <a href=\"https:\/\/www.facebook.com\/groups\/observateursdaltitude\">Observateurs d&rsquo;Altitude<\/a>.<\/p>\n<p style=\"text-align: center;\"><a href=\"http:\/\/phenoclim.org\/fr\/participer\/participer\" class=\"btn button btn-shortcode kad-btn kad-btn-primary\" id=\"kadbtn859\" target=\"_self\" style=\"color:#FFF;\">S'inscrire<\/a>\n<h2>Nous avons besoin de vous !<\/h2>\n<p>Nous recherchons des b\u00e9n\u00e9voles dans toutes les zones de montagne fran\u00e7aises et transfrontali\u00e8res. N\u2019h\u00e9sitez pas \u00e0 vous inscrire ou \u00e0 en parler autour de vous. Il suffit d\u2019habiter \u00e0 plus de 200 m d\u2019altitude, d\u2019avoir des arbres pr\u00e8s de son domicile et l\u2019envie d\u2019observer la nature.<\/p>\n<h3>Professionnels, rejoignez-nous !<\/h3>\n<p>Si vous souhaitez mettre en place le programme de sciences participatives Ph\u00e9noclim au sein de votre structure (\u00e9cole, entreprise, association, etc), <a href=\"http:\/\/creamontblanc.org\/fr\/content\/contacts\">contactez-nous<\/a>, nous pouvons vous accompagner dans la d\u00e9marche, vous mettre en relation avec d&rsquo;autres b\u00e9n\u00e9voles&#8230;<\/p>\n<p>&nbsp;<\/p>\n<p>&nbsp;<\/p>\n","protected":false},"excerpt":{"rendered":"<p>L\u2019\u00e9t\u00e9 touche d\u00e9j\u00e0 \u00e0 sa fin et c\u2019est aussi la rentr\u00e9e pour la faune et la flore. Les observations automnales du programme Ph\u00e9noclim reprennent d\u00e8s maintenant. Rejoignez-nous pour suivre les \u00e9volutions saisonni\u00e8res en montagne, on a besoin de vous ! &hellip; <a href=\"https:\/\/blog.creamontblanc.org?p=769\">Lire la suite\u00ad\u00ad<\/a><\/p>\n","protected":false},"author":5,"featured_media":70,"comment_status":"open","ping_status":"open","sticky":false,"template":"","format":"standard","meta":{"_monsterinsights_skip_tracking":false,"_monsterinsights_sitenote_active":false,"_monsterinsights_sitenote_note":"","_monsterinsights_sitenote_category":0,"ngg_post_thumbnail":0,"footnotes":""},"categories":[31],"tags":[94,96,95,46,35,18,38],"class_list":["post-769","post","type-post","status-publish","format-standard","has-post-thumbnail","hentry","category-sciences-participatives","tag-montagne","tag-observer-la-nature","tag-participer","tag-phenoclim","tag-phenologie","tag-recherche","tag-science-participative"],"aioseo_notices":[],"amp_enabled":true,"_links":{"self":[{"href":"https:\/\/blog.creamontblanc.org\/index.php?rest_route=\/wp\/v2\/posts\/769","targetHints":{"allow":["GET"]}}],"collection":[{"href":"https:\/\/blog.creamontblanc.org\/index.php?rest_route=\/wp\/v2\/posts"}],"about":[{"href":"https:\/\/blog.creamontblanc.org\/index.php?rest_route=\/wp\/v2\/types\/post"}],"author":[{"embeddable":true,"href":"https:\/\/blog.creamontblanc.org\/index.php?rest_route=\/wp\/v2\/users\/5"}],"replies":[{"embeddable":true,"href":"https:\/\/blog.creamontblanc.org\/index.php?rest_route=%2Fwp%2Fv2%2Fcomments&post=769"}],"version-history":[{"count":9,"href":"https:\/\/blog.creamontblanc.org\/index.php?rest_route=\/wp\/v2\/posts\/769\/revisions"}],"predecessor-version":[{"id":777,"href":"https:\/\/blog.creamontblanc.org\/index.php?rest_route=\/wp\/v2\/posts\/769\/revisions\/777"}],"wp:featuredmedia":[{"embeddable":true,"href":"https:\/\/blog.creamontblanc.org\/index.php?rest_route=\/wp\/v2\/media\/70"}],"wp:attachment":[{"href":"https:\/\/blog.creamontblanc.org\/index.php?rest_route=%2Fwp%2Fv2%2Fmedia&parent=769"}],"wp:term":[{"taxonomy":"category","embeddable":true,"href":"https:\/\/blog.creamontblanc.org\/index.php?rest_route=%2Fwp%2Fv2%2Fcategories&post=769"},{"taxonomy":"post_tag","embeddable":true,"href":"https:\/\/blog.creamontblanc.org\/index.php?rest_route=%2Fwp%2Fv2%2Ftags&post=769"}],"curies":[{"name":"wp","href":"https:\/\/api.w.org\/{rel}","templated":true}]}}