{"id":6259,"date":"2025-11-13T16:20:46","date_gmt":"2025-11-13T15:20:46","guid":{"rendered":"https:\/\/blog.creamontblanc.org?p=6259"},"modified":"2025-11-13T17:10:07","modified_gmt":"2025-11-13T16:10:07","slug":"quand-la-nature-donne-le-tempo-%f0%9f%8d%82","status":"publish","type":"post","link":"https:\/\/blog.creamontblanc.org?p=6259","title":{"rendered":"Quand la nature donne le tempo \ud83c\udf42"},"content":{"rendered":"\n<p class=\"has-medium-font-size\">Retour sur une semaine au coeur de la recherche fran\u00e7aise en ph\u00e9nologie<\/p>\n\n\n\n<figure class=\"wp-block-image size-full\"><img loading=\"lazy\" decoding=\"async\" width=\"799\" height=\"530\" src=\"https:\/\/blog.creamontblanc.org\/wp-content\/uploads\/2025\/11\/52557593374_cd06dcda3f_c.jpg\" alt=\"\" class=\"wp-image-6267\" srcset=\"https:\/\/blog.creamontblanc.org\/wp-content\/uploads\/2025\/11\/52557593374_cd06dcda3f_c.jpg 799w, https:\/\/blog.creamontblanc.org\/wp-content\/uploads\/2025\/11\/52557593374_cd06dcda3f_c-300x199.jpg 300w, https:\/\/blog.creamontblanc.org\/wp-content\/uploads\/2025\/11\/52557593374_cd06dcda3f_c-768x509.jpg 768w\" sizes=\"auto, (max-width: 799px) 100vw, 799px\" \/><\/figure>\n\n\n\n<p class=\"has-small-font-size\"><strong>Chaque automne, la nature se transforme, et avec elle, la vie des chercheurs et chercheuses du CREA Mont-Blanc. L\u2019automne signe les derni\u00e8res journ\u00e9es de terrain, et le retour aux analyses, aux bilans et aux temps collectifs pour mettre en commun les r\u00e9flexions. Cette ann\u00e9e, du 13 au 17 octobre, nous nous sommes rendus \u00e0 Toulouse pour la semaine TEMPO, le grand rendez-vous du r\u00e9seau national d\u2019observatoires de la Ph\u00e9nologie. On revient avec vous dans cet article sur les temps forts de cette semaine riche de partages et d\u2019apprentissages, qui nous confortent, s\u2019il le fallait, sur l\u2019int\u00e9r\u00eat d\u2019avoir des programmes de sciences participatives comme Ph\u00e9noclim.<\/strong> <\/p>\n\n\n\n<blockquote class=\"wp-block-quote is-layout-flow wp-block-quote-is-layout-flow\">\n<p class=\"has-small-font-size\">\u00ab\u00a0<em>C\u2019est passionnant et pousse \u00e0 observer des choses auxquelles on ne faisait pas attention auparavant.<\/em>\u00a0\u00bb T\u00e9moignage d&rsquo;un participant du programme de science participative Observatoire des Saisons (cousin en plaine de notre programme Ph\u00e9noclim).<\/p>\n<\/blockquote>\n\n\n\n<p class=\"has-virtue-primary-color has-text-color has-link-color has-medium-font-size wp-elements-19f4d2704109e6b6d63526e0a681051b\"><strong>TEMPO, le r\u00e9seau qui suit le rythme de la vie<\/strong><\/p>\n\n\n\n<p class=\"has-small-font-size\">TEMPO, c\u2019est un r\u00e9seau de quelque 300 scientifiques et pr\u00e8s de 100 structures unies par une m\u00eame mission : observer, comprendre et pr\u00e9dire les effets du climat sur la ph\u00e9nologie, c\u2019est-\u00e0-dire le calendrier naturel des \u00e9v\u00e9nements biologiques \u2014 floraisons, migrations, d\u00e9bourrements ou s\u00e9nescence. Le CREA Mont-Blanc y contribue activement, en apportant sa connaissance fine des \u00e9cosyst\u00e8mes de montagne, catalyseurs des changements observ\u00e9s (le changement climatique touche deux \u00e0 trois fois plus rapidement les grands massifs montagneux que le reste de la plan\u00e8te), et son exp\u00e9rience des sciences participatives. Lors de cette semaine toulousaine, Colin Van Reeth, Ninon Fontaine et Oc\u00e9ane Anty ont rejoint nos coll\u00e8gues du r\u00e9seau pour une s\u00e9rie d\u2019ateliers, de conf\u00e9rences et d\u2019\u00e9changes. <\/p>\n\n\n\n<p class=\"has-virtue-primary-color has-text-color has-link-color has-medium-font-size wp-elements-5ee3423192414bc3adf1fbe7df7f33ce\"><strong>Voir l\u2019automne d\u2019un m\u00eame regard<\/strong><\/p>\n\n\n\n<p class=\"has-small-font-size\">Pour observer le d\u00e9calage de la s\u00e9nescence dans le temps (la date \u00e0 laquelle les feuilles changent de couleurs), il faut observer, et recenser le moment o\u00f9 on observe le changement. Cependant, observer les couleurs d\u2019automne n\u2019est pas si simple qu\u2019il y para\u00eet : les perceptions peuvent grandement varier d&rsquo;un individu \u00e0 l&rsquo;autre. Pour pallier ce probl\u00e8me, une nouvelle palette de r\u00e9f\u00e9rence colorim\u00e9trique, con\u00e7ue par Catherine Massonnet (Charg\u00e9e de Recherches \u00e0 l\u2019INRAE de Champenoux) et Fabrice Bonne (Technicien \u00e0 l\u2019INRAE de Champenoux), a \u00e9t\u00e9 mise en place pour aider \u00e0 mieux identifier les seuils de d\u00e9coloration des feuilles.\u00a0<\/p>\n\n\n\n<figure class=\"wp-block-image size-large is-resized\"><img loading=\"lazy\" decoding=\"async\" width=\"1000\" height=\"800\" src=\"https:\/\/blog.creamontblanc.org\/wp-content\/uploads\/2025\/11\/unnamed-1-1000x800.png\" alt=\"\" class=\"wp-image-6271\" style=\"width:516px;height:auto\" srcset=\"https:\/\/blog.creamontblanc.org\/wp-content\/uploads\/2025\/11\/unnamed-1-1000x800.png 1000w, https:\/\/blog.creamontblanc.org\/wp-content\/uploads\/2025\/11\/unnamed-1-300x240.png 300w, https:\/\/blog.creamontblanc.org\/wp-content\/uploads\/2025\/11\/unnamed-1-768x614.png 768w, https:\/\/blog.creamontblanc.org\/wp-content\/uploads\/2025\/11\/unnamed-1-1536x1229.png 1536w, https:\/\/blog.creamontblanc.org\/wp-content\/uploads\/2025\/11\/unnamed-1.png 2000w\" sizes=\"auto, (max-width: 1000px) 100vw, 1000px\" \/><figcaption class=\"wp-element-caption\"><em>Palette colorim\u00e9trique con\u00e7ue par Catherine Massonnet et Fabrice Bonne. S1 correspond au Seuil 1 (perte de 50% de chlorophylle), S2 au Seuil 2 (perte de 100% de chlorophylle).<\/em><\/figcaption><\/figure>\n\n\n\n<p class=\"has-small-font-size\">Un outil essentiel pour r\u00e9duire ce qu\u2019on appelle le biais observateur : m\u00eame entre expert(e)s, chacun(e) voit un peu diff\u00e9remment la m\u00eame nuance de jaune ou de vert. Ces biais d\u2019observation, qui induisent une plus grande incertitude sur l\u2019identification du moment o\u00f9 on d\u00e9passe le seuil de d\u00e9coloration, justifient le besoin d\u2019avoir des outils communs et\/ou une grande quantit\u00e9 de donn\u00e9es\u2026 d\u2019o\u00f9 votre importance, \u00e0 vous aussi, observateurs et observatrices en sciences participatives !<\/p>\n\n\n\n<p class=\"has-virtue-primary-color has-text-color has-link-color has-medium-font-size wp-elements-d4ad766098a834172ac4838b468f3fac\"><strong>Conseils de terrain : bien observer la s\u00e9nescence<\/strong><\/p>\n\n\n\n<p class=\"has-small-font-size\">De ces \u00e9changes sur la s\u00e9nescence sont ressortis deux conseils qui nous semblent utiles pour toutes celles et ceux qui suivent des arbres dans le cadre de notre programme Ph\u00e9noclim :<\/p>\n\n\n\n<p class=\"has-small-font-size\">\ud83c\udf3f <strong>Anticipez vos observations<\/strong> : passez voir votre arbre en \u00e9t\u00e9 pour rep\u00e9rer les branches mortes des ann\u00e9es pr\u00e9c\u00e9dentes (\u00e0 ne pas comptabiliser dans vos observations de s\u00e9nescence).<br>\ud83c\udf33 <strong>Variez les angles de vue<\/strong> : la lumi\u00e8re ou l\u2019orientation peuvent vraiment influencer votre perception des couleurs.<\/p>\n\n\n\n<p class=\"has-small-font-size\">Observer, c\u2019est donc aussi apprendre \u00e0 conna\u00eetre son arbre, \u00e0 reconna\u00eetre ses variations naturelles\u2026 et \u00e0 accepter la subjectivit\u00e9 du regard.<\/p>\n\n\n\n<p class=\"has-virtue-primary-color has-text-color has-link-color has-medium-font-size wp-elements-9802edde1be59985954723c0d725517f\"><strong>Des montagnes aux laboratoires<\/strong><\/p>\n\n\n\n<p class=\"has-small-font-size\">La semaine a \u00e9galement \u00e9t\u00e9 rythm\u00e9e par des conf\u00e9rences : une v\u00e9ritable immersion dans la recherche ph\u00e9nologique fran\u00e7aise, entre mod\u00e8les, exp\u00e9rimentations, cam\u00e9ras, drones et sciences participatives.<\/p>\n\n\n\n<p class=\"has-small-font-size\">C\u00f4t\u00e9 CREA Mont-Blanc, deux projets ont \u00e9t\u00e9 pr\u00e9sent\u00e9s :<\/p>\n\n\n\n<p class=\"has-small-font-size\"><strong>SoPheno<\/strong> (pr\u00e9sent\u00e9 par Ninon Fontaine) : lanc\u00e9 en 2024, ce projet explore la ph\u00e9nologie des \u00e9cosyst\u00e8mes de montagne, notamment \u00e0 travers la myrtille et ses pollinisateurs, les bourdons, des indicateurs sensibles du changement climatique. S\u2019appuyant sur les donn\u00e9es de nos programmes de science participative, SoPheno croise \u00e9cologie et sociologie pour comprendre \u00e0 la fois comment le climat perturbe la synchronisation entre floraison et pollinisation, et comment ces \u00e9volutions sont per\u00e7ues par les observateurs et observatrices impliqu\u00e9s.<\/p>\n\n\n\n<p class=\"has-small-font-size\"><strong>Aux Arbres Citoyens !<\/strong> (pr\u00e9sent\u00e9 par Colin Van Reeth) : ce programme de sciences participatives invite le grand public \u00e0 suivre l\u2019\u00e9volution des arbres au fil des saisons d\u2019une mani\u00e8re collaborative : un m\u00eame arbre peut \u00eatre observ\u00e9 par plusieurs personnes, \u00e0 la diff\u00e9rence de notre programme Ph\u00e9noclim o\u00f9 chaque participant renseigne ses propres arbres. Une mani\u00e8re concr\u00e8te d\u2019impliquer chacun et chacune dans la recherche sur l\u2019impact des changements climatiques.<\/p>\n\n\n\n<p class=\"has-small-font-size\">Quelques faits marquants qui ont capt\u00e9 notre attention et attis\u00e9 notre curiosit\u00e9 durant les diff\u00e9rentes conf\u00e9rences :<\/p>\n\n\n\n<ul class=\"wp-block-list\">\n<li class=\"has-small-font-size\">Les donn\u00e9es ph\u00e9nologiques sont indispensables pour calibrer les mod\u00e8les \u2014 sans elles, impossible de pr\u00e9dire correctement les r\u00e9ponses des organismes au climat.<\/li>\n\n\n\n<li class=\"has-small-font-size\">Les cam\u00e9ras d\u2019observation de la ph\u00e9nologie \u201cPh\u00e9noCam\u201d permettent de d\u00e9tecter le d\u00e9bourrement des feuilles avec seulement 2 \u00e0 3 jours d\u2019\u00e9cart par rapport aux observations humaines\u2026 mais peinent encore \u00e0 bien saisir la s\u00e9nescence. Les outils technologiques sont pr\u00e9cieux mais ne sont pas encore pr\u00eats \u00e0 remplacer nos fid\u00e8les observateurs !<\/li>\n\n\n\n<li class=\"has-small-font-size\">La ph\u00e9nologie du bourgeon r\u00e9v\u00e8le un monde miniature : la temp\u00e9rature \u00e0 l\u2019int\u00e9rieur d\u2019un bourgeon diff\u00e8re sensiblement de celle de l\u2019air : plus chaude le jour, plus froide la nuit. Un param\u00e8tre cl\u00e9 pour comprendre le d\u00e9clenchement du d\u00e9bourrement.<\/li>\n\n\n\n<li class=\"has-small-font-size\">Pour finir, un petit fait historique : la premi\u00e8re donn\u00e9e ph\u00e9nologique connue en France remonte \u00e0 1347, avec la premi\u00e8re date de vendange !<\/li>\n<\/ul>\n\n\n\n<p class=\"has-virtue-primary-color has-text-color has-link-color has-medium-font-size wp-elements-7def481bc567bcbd425e1462b08db4c1\"><strong>Et demain ?<\/strong><\/p>\n\n\n\n<p class=\"has-small-font-size\">Les derniers jours de la semaine ont \u00e9t\u00e9 consacr\u00e9s aux ateliers et \u00e0 la r\u00e9flexion collective sur l\u2019avenir du r\u00e9seau.<br>Comment mieux mutualiser les images et donn\u00e9es r\u00e9colt\u00e9es sur le terrain ? Comment int\u00e9grer les anomalies ph\u00e9nologiques, de plus en plus fr\u00e9quentes ? Et surtout, comment rapprocher davantage scientifiques, citoyennes et citoyens ?<em><br><\/em>Autant de d\u00e9fis qui guideront les prochaines ann\u00e9es du r\u00e9seau TEMPO.<\/p>\n\n\n\n<p class=\"has-virtue-primary-color has-text-color has-link-color has-medium-font-size wp-elements-4841b20dd1d530f0f384f6f56ec3d9b3\"><strong>Participez \u00e0 notre programme de Science Participative Ph\u00e9noclim !<\/strong><\/p>\n\n\n\n<p class=\"has-small-font-size\">Nous esp\u00e9rons que cette immersion dans une semaine riche d\u2019apprentissage vous a inspir\u00e9 et convaincu que la ph\u00e9nologie est une science fascinante, qui permet de mieux comprendre le monde qui nous entoure. Observer un arbre, c\u2019est finalement pr\u00eater attention \u00e0 une lente respiration du monde. Et quand la nature donne le tempo, \u00e0 nous de l\u2019\u00e9couter \u2014 avec rigueur, curiosit\u00e9 et \u00e9merveillement\u2026<\/p>\n\n\n\n<p class=\"has-small-font-size\">Et ce sont les participant.e.s des programmes de sciences participatives qui en parlent le mieux ! Voici quelques t\u00e9moignages des observateur.ices de l\u2019Observatoire des Saisons (ODS) partag\u00e9s durant cette semaine :<\/p>\n\n\n\n<blockquote class=\"wp-block-quote is-layout-flow wp-block-quote-is-layout-flow\">\n<p class=\"has-small-font-size\"><em>\u201cC\u2019est passionnant et pousse \u00e0 observer des choses auxquelles on ne faisait pas attention auparavant.\u201d<\/em><\/p>\n<\/blockquote>\n\n\n\n<blockquote class=\"wp-block-quote is-layout-flow wp-block-quote-is-layout-flow\">\n<p class=\"has-small-font-size\"><em>\u201cParticiper \u00e0 ODS m\u2019a donn\u00e9 envie de prendre le temps de regarder et observer les habitants v\u00e9g\u00e9taux de mon jardin. Aujourd\u2019hui j\u2019aime \u00e0 mieux comprendre comment ils vivent face au climat que nous partageons.\u201d<\/em><\/p>\n<\/blockquote>\n\n\n\n<blockquote class=\"wp-block-quote is-layout-flow wp-block-quote-is-layout-flow\">\n<p class=\"has-small-font-size\"><em>\u201cCela permet de se sentir moins seul, de r\u00e9duire son sentiment d\u2019impuissance face aux enjeux environnementaux.\u201d<\/em><\/p>\n<\/blockquote>\n\n\n\n<p class=\"has-small-font-size\">Vous aussi, contribuez \u00e0 une \u00e9coute quotidienne du vivant aux c\u00f4t\u00e9s de nos b\u00e9n\u00e9voles, et aidez nous \u00e0 comprendre comment la montagne change, et comment nous pouvons, collectivement, rester \u00e0 son rythme : <a href=\"https:\/\/spot.creamontblanc.org\/programmes\/phenoclim\" title=\"\">rejoignez notre programme Ph\u00e9noclim<\/a> (disponible sur notre plateforme SPOT) !&nbsp;<\/p>\n\n\n\n<p><\/p>\n","protected":false},"excerpt":{"rendered":"<p>Retour sur une semaine au coeur de la recherche fran\u00e7aise en ph\u00e9nologie Chaque automne, la nature se transforme, et avec elle, la vie des chercheurs et chercheuses du CREA Mont-Blanc. L\u2019automne signe les derni\u00e8res journ\u00e9es de terrain, et le retour &hellip; <a href=\"https:\/\/blog.creamontblanc.org?p=6259\">Lire la suite\u00ad\u00ad<\/a><\/p>\n","protected":false},"author":5,"featured_media":6274,"comment_status":"open","ping_status":"open","sticky":false,"template":"","format":"standard","meta":{"_monsterinsights_skip_tracking":false,"_monsterinsights_sitenote_active":false,"_monsterinsights_sitenote_note":"","_monsterinsights_sitenote_category":0,"ngg_post_thumbnail":0,"footnotes":""},"categories":[194,31,5],"tags":[46,35,38],"class_list":["post-6259","post","type-post","status-publish","format-standard","has-post-thumbnail","hentry","category-la-recherche","category-sciences-participatives","category-vie-association","tag-phenoclim","tag-phenologie","tag-science-participative"],"aioseo_notices":[],"amp_enabled":true,"_links":{"self":[{"href":"https:\/\/blog.creamontblanc.org\/index.php?rest_route=\/wp\/v2\/posts\/6259","targetHints":{"allow":["GET"]}}],"collection":[{"href":"https:\/\/blog.creamontblanc.org\/index.php?rest_route=\/wp\/v2\/posts"}],"about":[{"href":"https:\/\/blog.creamontblanc.org\/index.php?rest_route=\/wp\/v2\/types\/post"}],"author":[{"embeddable":true,"href":"https:\/\/blog.creamontblanc.org\/index.php?rest_route=\/wp\/v2\/users\/5"}],"replies":[{"embeddable":true,"href":"https:\/\/blog.creamontblanc.org\/index.php?rest_route=%2Fwp%2Fv2%2Fcomments&post=6259"}],"version-history":[{"count":10,"href":"https:\/\/blog.creamontblanc.org\/index.php?rest_route=\/wp\/v2\/posts\/6259\/revisions"}],"predecessor-version":[{"id":6281,"href":"https:\/\/blog.creamontblanc.org\/index.php?rest_route=\/wp\/v2\/posts\/6259\/revisions\/6281"}],"wp:featuredmedia":[{"embeddable":true,"href":"https:\/\/blog.creamontblanc.org\/index.php?rest_route=\/wp\/v2\/media\/6274"}],"wp:attachment":[{"href":"https:\/\/blog.creamontblanc.org\/index.php?rest_route=%2Fwp%2Fv2%2Fmedia&parent=6259"}],"wp:term":[{"taxonomy":"category","embeddable":true,"href":"https:\/\/blog.creamontblanc.org\/index.php?rest_route=%2Fwp%2Fv2%2Fcategories&post=6259"},{"taxonomy":"post_tag","embeddable":true,"href":"https:\/\/blog.creamontblanc.org\/index.php?rest_route=%2Fwp%2Fv2%2Ftags&post=6259"}],"curies":[{"name":"wp","href":"https:\/\/api.w.org\/{rel}","templated":true}]}}