{"id":6134,"date":"2025-06-24T17:20:37","date_gmt":"2025-06-24T16:20:37","guid":{"rendered":"https:\/\/blog.creamontblanc.org?p=6134"},"modified":"2025-10-29T11:52:10","modified_gmt":"2025-10-29T10:52:10","slug":"inauguration-decouvrez-lobservatoire-renove","status":"publish","type":"post","link":"https:\/\/blog.creamontblanc.org?p=6134","title":{"rendered":"Inauguration &#8211; D\u00e9couvrez l&rsquo;Observatoire r\u00e9nov\u00e9 !"},"content":{"rendered":"\n<figure class=\"wp-block-image size-full\"><img decoding=\"async\" src=\"http:\/\/blog.creamontblanc.org\/wp-content\/uploads\/2025\/06\/Bandeau-FB-V2-1.png\" alt=\"\" class=\"wp-image-6137\"\/><\/figure>\n\n\n\n<p><strong>Le nouvel Observatoire r\u00e9nov\u00e9 du CREA Mont-Blanc vous ouvre ses portes pour un week-end festif et scientifique !<\/strong><\/p>\n\n\n\n<p><img loading=\"lazy\" decoding=\"async\" height=\"16\" width=\"16\" alt=\"\ud83d\udcc5\" src=\"https:\/\/static.xx.fbcdn.net\/images\/emoji.php\/v9\/t1d\/2\/16\/1f4c5.png\">&nbsp;Samedi 19 Juillet &amp; Dimanche 20 Juillet<br><img loading=\"lazy\" decoding=\"async\" height=\"16\" width=\"16\" alt=\"\ud83d\udd50\" src=\"https:\/\/static.xx.fbcdn.net\/images\/emoji.php\/v9\/t47\/2\/16\/1f550.png\">&nbsp;10h00 \u00e0 19h30<br><img loading=\"lazy\" decoding=\"async\" height=\"16\" width=\"16\" alt=\"\ud83d\udccd\" src=\"https:\/\/static.xx.fbcdn.net\/images\/emoji.php\/v9\/tcc\/2\/16\/1f4cd.png\">&nbsp;67 Lacets du Belv\u00e9d\u00e8re, 74400 Chamonix-Mont-Blanc<br><img loading=\"lazy\" decoding=\"async\" height=\"16\" width=\"16\" alt=\"\ud83c\udf9f\ufe0f\" src=\"https:\/\/static.xx.fbcdn.net\/images\/emoji.php\/v9\/t77\/2\/16\/1f39f.png\">&nbsp;Gratuit &#8211; Entr\u00e9e libre<\/p>\n\n\n\n<p><img loading=\"lazy\" decoding=\"async\" height=\"16\" width=\"16\" src=\"https:\/\/static.xx.fbcdn.net\/images\/emoji.php\/v9\/t7f\/2\/16\/1f31f.png\" alt=\"\ud83c\udf1f\"> <strong>Au programme :<\/strong><\/p>\n\n\n\n<p><strong>Le samedi<\/strong><br><img loading=\"lazy\" decoding=\"async\" height=\"16\" width=\"16\" src=\"https:\/\/static.xx.fbcdn.net\/images\/emoji.php\/v9\/t78\/2\/16\/26f0.png\" alt=\"\u26f0\ufe0f\">&nbsp;De 10h00 \u00e0 12h30 : plongez dans l&rsquo;histoire m\u00e9connue de Joseph Vallot avec des sp\u00e9cialistes passionnants.<br><img loading=\"lazy\" decoding=\"async\" height=\"16\" width=\"16\" src=\"https:\/\/static.xx.fbcdn.net\/images\/emoji.php\/v9\/t9a\/2\/16\/1f5e3.png\" alt=\"\ud83d\udde3\ufe0f\">De 14h00 \u00e0 16h00: Assistez \u00e0 des d\u00e9bats sur l&rsquo;actualit\u00e9 de la recherche et le tourisme scientifique au Mont-Blanc.<br><img loading=\"lazy\" decoding=\"async\" height=\"16\" width=\"16\" src=\"https:\/\/static.xx.fbcdn.net\/images\/emoji.php\/v9\/t6f\/2\/16\/1f602.png\" alt=\"\ud83d\ude02\">&nbsp;A 18h00 : D\u00e9tendez-vous avec le Greenwashing Comedy Club : l&rsquo;\u00e9cologie avec humour !<\/p>\n\n\n\n<p><strong>Et toute la journ\u00e9e<\/strong><br><img loading=\"lazy\" decoding=\"async\" height=\"16\" width=\"16\" src=\"https:\/\/static.xx.fbcdn.net\/images\/emoji.php\/v9\/t35\/2\/16\/2b50.png\" alt=\"\u2b50\">&nbsp;Participez \u00e0 nos protocoles de sciences participatives de mani\u00e8re ludique<br><img loading=\"lazy\" decoding=\"async\" height=\"16\" width=\"16\" src=\"https:\/\/static.xx.fbcdn.net\/images\/emoji.php\/v9\/ta7\/2\/16\/1f467_1f3fb.png\" alt=\"\ud83d\udc67\ud83c\udffb\"><img loading=\"lazy\" decoding=\"async\" height=\"16\" width=\"16\" src=\"https:\/\/static.xx.fbcdn.net\/images\/emoji.php\/v9\/t69\/2\/16\/1f466_1f3fe.png\" alt=\"\ud83d\udc66\ud83c\udffe\">&nbsp;Venez avec vos enfants : les petits curieux en herbe auront leur espace<br><img loading=\"lazy\" decoding=\"async\" height=\"16\" width=\"16\" src=\"https:\/\/static.xx.fbcdn.net\/images\/emoji.php\/v9\/tb5\/2\/16\/1f69a.png\" alt=\"\ud83d\ude9a\">&nbsp;R\u00e9galez-vous avec Sherpa Kitchen Food Truck<\/p>\n\n\n\n<p><strong>Le dimanche<\/strong><br><img loading=\"lazy\" decoding=\"async\" height=\"16\" width=\"16\" src=\"https:\/\/static.xx.fbcdn.net\/images\/emoji.php\/v9\/tbd\/2\/16\/1f33f.png\" alt=\"\ud83c\udf3f\">&nbsp;Empruntez les traces de Joseph Vallot et d\u00e9couvrez le massif avec un guide botaniste<\/p>\n\n\n\n<p><img loading=\"lazy\" decoding=\"async\" height=\"16\" width=\"16\" alt=\"\ud83d\udcac\" src=\"https:\/\/static.xx.fbcdn.net\/images\/emoji.php\/v9\/td\/2\/16\/1f4ac.png\">&nbsp;Int\u00e9ress\u00e9\u00b7e ?<br>Merci de remplir le formulaire suivant&nbsp;<img loading=\"lazy\" decoding=\"async\" height=\"16\" width=\"16\" alt=\"\u27a1\ufe0f\" src=\"https:\/\/static.xx.fbcdn.net\/images\/emoji.php\/v9\/t1f\/2\/16\/27a1.png\">&nbsp;<a href=\"https:\/\/docs.google.com\/forms\/d\/e\/1FAIpQLScfPiezmusFLk4NXA1Bxl4w9BzvT7DW33bkB32s6yOoelnI3Q\/viewform?fbclid=IwZXh0bgNhZW0CMTAAYnJpZBExYkgxRWVFVWlTOEpHUGtSNAEelMLXpoy0rTtANYXKdzgBLAwAA_UnGK2R4_p7TfsKkmAD-I9xsutK18C6BAY_aem_sohm_sHWTD3I8SmuG8k9hw\" rel=\"noreferrer noopener\" target=\"_blank\">https:\/\/docs.google.com\/&#8230;\/1FAIpQLScfPiezmusFLk&#8230;\/viewform<\/a><\/p>\n\n\n\n<p>Et bien s\u00fbr&#8230; plein d&rsquo;autres surprises vous attendent sur place !&nbsp;<img loading=\"lazy\" decoding=\"async\" height=\"16\" width=\"16\" src=\"https:\/\/static.xx.fbcdn.net\/images\/emoji.php\/v9\/t75\/2\/16\/2728.png\" alt=\"\u2728\"><\/p>\n\n\n\n<div class=\"wp-block-columns is-layout-flex wp-container-core-columns-is-layout-9d6595d7 wp-block-columns-is-layout-flex\">\n<div class=\"wp-block-column is-layout-flow wp-block-column-is-layout-flow\" style=\"flex-basis:100%\">\n<figure class=\"wp-block-gallery has-nested-images columns-default is-cropped wp-block-gallery-1 is-layout-flex wp-block-gallery-is-layout-flex\">\n<figure class=\"wp-block-image size-full\"><img loading=\"lazy\" decoding=\"async\" width=\"2305\" height=\"2560\" data-id=\"6149\" src=\"https:\/\/blog.creamontblanc.org\/wp-content\/uploads\/2025\/06\/3-programme-1-scaled.png\" alt=\"\" class=\"wp-image-6149\" srcset=\"https:\/\/blog.creamontblanc.org\/wp-content\/uploads\/2025\/06\/3-programme-1-scaled.png 2305w, https:\/\/blog.creamontblanc.org\/wp-content\/uploads\/2025\/06\/3-programme-1-270x300.png 270w, https:\/\/blog.creamontblanc.org\/wp-content\/uploads\/2025\/06\/3-programme-1-900x1000.png 900w, https:\/\/blog.creamontblanc.org\/wp-content\/uploads\/2025\/06\/3-programme-1-768x853.png 768w, https:\/\/blog.creamontblanc.org\/wp-content\/uploads\/2025\/06\/3-programme-1-1383x1536.png 1383w\" sizes=\"auto, (max-width: 2305px) 100vw, 2305px\" \/><\/figure>\n\n\n\n<figure class=\"wp-block-image size-full\"><img decoding=\"async\" data-id=\"6151\" src=\"https:\/\/blog.creamontblanc.org\/wp-content\/uploads\/2025\/06\/4-partenaires-1.png\" alt=\"\" class=\"wp-image-6151\"\/><\/figure>\n<\/figure>\n<\/div>\n<\/div>\n\n\n\n<p>\ud83d\ude4f Un tr\u00e8s grand merci \u00e0 tous nos partenaires qui ont rendu ce projet possible ! Mairie de Chamonix-Mont-Blanc D\u00e9partement de la Haute-Savoie Fondation du patrimoine Fondation de France Centre-Est Fondation Famille Lemarchand Fondation Etrillard Fondation PLACO\u00ae Alpina Eclectic Hotel Chamonix OorZone \u2600\ufe0fAssociation Amis du Vieux Chamonix Saint-Gobain MAOBI User-Centric &amp; Sustainable Innovation Cluster Eco-B\u00e2timent Racine KEIM France Caisse d&rsquo;Epargne Rhone Alpes France Active ainsi qu&rsquo;\u00e0 tous les contributeurs \u00e0 la campagne de financement participatif.<\/p>\n\n\n\n<p>Et pour ceux qui souhaitent encore participer, notre cagnotte est toujours accessible : <a href=\"https:\/\/lnkd.in\/du_fqFqU\">https:\/\/lnkd.in\/du_fqFqU<\/a><br><br>Ce projet est financ\u00e9 par les fonds europ\u00e9ens FEDER-Alcotra (programmation 2014\u20132020), pour une offre touristique innovante et durable autour du Mont-Blanc.<\/p>\n","protected":false},"excerpt":{"rendered":"<p>Le nouvel Observatoire r\u00e9nov\u00e9 du CREA Mont-Blanc vous ouvre ses portes pour un week-end festif et scientifique ! &nbsp;Samedi 19 Juillet &amp; Dimanche 20 Juillet&nbsp;10h00 \u00e0 19h30&nbsp;67 Lacets du Belv\u00e9d\u00e8re, 74400 Chamonix-Mont-Blanc&nbsp;Gratuit &#8211; Entr\u00e9e libre Au programme : Le samedi&nbsp;De &hellip; <a href=\"https:\/\/blog.creamontblanc.org?p=6134\">Lire la suite\u00ad\u00ad<\/a><\/p>\n","protected":false},"author":29,"featured_media":6156,"comment_status":"open","ping_status":"open","sticky":false,"template":"","format":"standard","meta":{"_monsterinsights_skip_tracking":false,"_monsterinsights_sitenote_active":false,"_monsterinsights_sitenote_note":"","_monsterinsights_sitenote_category":0,"ngg_post_thumbnail":0,"footnotes":""},"categories":[1,5],"tags":[12,38],"class_list":["post-6134","post","type-post","status-publish","format-standard","has-post-thumbnail","hentry","category-non-classifiee","category-vie-association","tag-rencontre","tag-science-participative"],"aioseo_notices":[],"amp_enabled":true,"_links":{"self":[{"href":"https:\/\/blog.creamontblanc.org\/index.php?rest_route=\/wp\/v2\/posts\/6134","targetHints":{"allow":["GET"]}}],"collection":[{"href":"https:\/\/blog.creamontblanc.org\/index.php?rest_route=\/wp\/v2\/posts"}],"about":[{"href":"https:\/\/blog.creamontblanc.org\/index.php?rest_route=\/wp\/v2\/types\/post"}],"author":[{"embeddable":true,"href":"https:\/\/blog.creamontblanc.org\/index.php?rest_route=\/wp\/v2\/users\/29"}],"replies":[{"embeddable":true,"href":"https:\/\/blog.creamontblanc.org\/index.php?rest_route=%2Fwp%2Fv2%2Fcomments&post=6134"}],"version-history":[{"count":5,"href":"https:\/\/blog.creamontblanc.org\/index.php?rest_route=\/wp\/v2\/posts\/6134\/revisions"}],"predecessor-version":[{"id":6241,"href":"https:\/\/blog.creamontblanc.org\/index.php?rest_route=\/wp\/v2\/posts\/6134\/revisions\/6241"}],"wp:featuredmedia":[{"embeddable":true,"href":"https:\/\/blog.creamontblanc.org\/index.php?rest_route=\/wp\/v2\/media\/6156"}],"wp:attachment":[{"href":"https:\/\/blog.creamontblanc.org\/index.php?rest_route=%2Fwp%2Fv2%2Fmedia&parent=6134"}],"wp:term":[{"taxonomy":"category","embeddable":true,"href":"https:\/\/blog.creamontblanc.org\/index.php?rest_route=%2Fwp%2Fv2%2Fcategories&post=6134"},{"taxonomy":"post_tag","embeddable":true,"href":"https:\/\/blog.creamontblanc.org\/index.php?rest_route=%2Fwp%2Fv2%2Ftags&post=6134"}],"curies":[{"name":"wp","href":"https:\/\/api.w.org\/{rel}","templated":true}]}}