{"id":6120,"date":"2025-05-13T15:08:50","date_gmt":"2025-05-13T14:08:50","guid":{"rendered":"https:\/\/blog.creamontblanc.org?p=6120"},"modified":"2025-06-24T15:48:19","modified_gmt":"2025-06-24T14:48:19","slug":"sciencesandwich-jeudi-5-juin-de-12h30-a-13h30","status":"publish","type":"post","link":"https:\/\/blog.creamontblanc.org?p=6120","title":{"rendered":"ScienceSandwich : Jeudi 5 juin de 12h30 \u00e0 13h30"},"content":{"rendered":"\n<h2 class=\"wp-block-heading\"><strong><strong>Tr\u00e9sors d&rsquo;altitude : pr\u00e9servons nos mares de montagne<\/strong><\/strong><\/h2>\n\n\n\n<figure class=\"wp-block-image size-large\"><img loading=\"lazy\" decoding=\"async\" width=\"1000\" height=\"668\" src=\"http:\/\/blog.creamontblanc.org\/wp-content\/uploads\/2025\/05\/tiny_laurenterrigeol-1169-1000x668.jpg\" alt=\"\" class=\"wp-image-6121\" srcset=\"https:\/\/blog.creamontblanc.org\/wp-content\/uploads\/2025\/05\/tiny_laurenterrigeol-1169-1000x668.jpg 1000w, https:\/\/blog.creamontblanc.org\/wp-content\/uploads\/2025\/05\/tiny_laurenterrigeol-1169-300x200.jpg 300w, https:\/\/blog.creamontblanc.org\/wp-content\/uploads\/2025\/05\/tiny_laurenterrigeol-1169-768x513.jpg 768w, https:\/\/blog.creamontblanc.org\/wp-content\/uploads\/2025\/05\/tiny_laurenterrigeol-1169-1536x1026.jpg 1536w, https:\/\/blog.creamontblanc.org\/wp-content\/uploads\/2025\/05\/tiny_laurenterrigeol-1169-scaled.jpg 2048w\" sizes=\"auto, (max-width: 1000px) 100vw, 1000px\" \/><figcaption class=\"wp-element-caption\">Cr\u00e9dit : Lauren Terrigeol Photographe<\/figcaption><\/figure>\n\n\n\n<p><strong>Avez-vous d\u00e9j\u00e0 observ\u00e9 le spectacle d\u2019une libellule danser au-dessus d\u2019une mare de montagne ?<br><\/strong>Ces instants suspendus r\u00e9v\u00e8lent un monde discret, fragile, mais essentiel. Pourtant, derri\u00e8re cette beaut\u00e9 se cache une r\u00e9alit\u00e9 plus sombre : en raison du changement climatique et de la d\u00e9gradation de leurs habitats, de nombreuses esp\u00e8ces associ\u00e9es aux mares et zones humides d\u2019altitude sont aujourd\u2019hui menac\u00e9es.<\/p>\n\n\n\n<p>Entre 2021 et 2025, le projet de th\u00e8se <strong>CIMaE<\/strong> (Climatic Impact on aquatic Mountain Ecosystems) s\u2019est pench\u00e9 sur ces milieux pr\u00e9cieux. <\/p>\n\n\n\n<p>Son ambition :<\/p>\n\n\n\n<ol class=\"wp-block-list\">\n<li class=\"has-small-font-size\"><strong>Comprendre<\/strong> les effets du changement climatique sur la biodiversit\u00e9 des mares et zones humides de montagne,<br><\/li>\n\n\n\n<li class=\"has-small-font-size\"><strong>Pr\u00e9parer<\/strong> des actions concr\u00e8tes pour pr\u00e9server et renforcer les populations d\u2019esp\u00e8ces menac\u00e9es.<br><\/li>\n<\/ol>\n\n\n\n<p>Face \u00e0 l\u2019urgence, CIMaE se poursuit aujourd\u2019hui bien au-del\u00e0 de la recherche, en mobilisant les diff\u00e9rents acteurs de la montagne pour construire une r\u00e9ponse collective.<\/p>\n\n\n\n<p>Ce <strong>ScienceSandwich<\/strong> vous invite \u00e0 :<br>\ud83e\udeb7 Plonger dans la richesse insoup\u00e7onn\u00e9e des mares de montagne,<br>\ud83d\udcca D\u00e9couvrir les r\u00e9sultats marquants de la th\u00e8se,<br>\ud83e\udd1d \u00c9changer sur les pistes d\u2019action et les solutions locales,<br><a href=\"https:\/\/www.emojiall.com\/fr\/emoji\/%E2%9C%A8\">\u2728<\/a> Et repartir avec un outil participatif pour vous engager, \u00e0 votre \u00e9chelle, dans la pr\u00e9servation de ces tr\u00e9sors vivants.<\/p>\n\n\n\n<p><strong><em>Marie, experte en biodiversit\u00e9 et milieux aquatiques, est une v\u00e9ritable passionn\u00e9e des zones humides de montagne.<\/em><\/strong><em> Depuis 2006, elle met son expertise au service de France Nature Environnement Haute-Savoie, o\u00f9 elle \u0153uvre pour la pr\u00e9servation des \u00e9cosyst\u00e8mes aquatiques et de leur biodiversit\u00e9 unique. En mars 2025, elle franchit une nouvelle \u00e9tape en soutenant sa th\u00e8se en \u00e9cologie \u2014 une recherche pionni\u00e8re, co-dirig\u00e9e par l\u2019INRAE et l\u2019USMB, dans le cadre du projet CIMaE.<\/em> <\/p>\n\n\n\n<p><em>Depuis 2021, elle s&rsquo;investit pleinement dans ce projet ambitieux, explorant les enjeux \u00e9cologiques des mares alpines et pyr\u00e9n\u00e9ennes. \u00c0 travers ses recherches de terrain et son engagement, Marie combine sa <\/em><strong><em>passion<\/em><\/strong><em> pour ces \u00e9cosyst\u00e8mes fragiles et son <\/em><strong><em>d\u00e9vouement<\/em><\/strong><em> \u00e0 explorer et prot\u00e9ger la biodiversit\u00e9 de nos montagnes.<\/em><\/p>\n\n\n\n<figure class=\"wp-block-image size-large\"><img loading=\"lazy\" decoding=\"async\" width=\"1000\" height=\"668\" src=\"http:\/\/blog.creamontblanc.org\/wp-content\/uploads\/2025\/05\/tiny_laurenterrigeol-2561-1000x668.jpg\" alt=\"\" class=\"wp-image-6123\" srcset=\"https:\/\/blog.creamontblanc.org\/wp-content\/uploads\/2025\/05\/tiny_laurenterrigeol-2561-1000x668.jpg 1000w, https:\/\/blog.creamontblanc.org\/wp-content\/uploads\/2025\/05\/tiny_laurenterrigeol-2561-300x200.jpg 300w, https:\/\/blog.creamontblanc.org\/wp-content\/uploads\/2025\/05\/tiny_laurenterrigeol-2561-768x513.jpg 768w, https:\/\/blog.creamontblanc.org\/wp-content\/uploads\/2025\/05\/tiny_laurenterrigeol-2561-1536x1026.jpg 1536w, https:\/\/blog.creamontblanc.org\/wp-content\/uploads\/2025\/05\/tiny_laurenterrigeol-2561-scaled.jpg 2048w\" sizes=\"auto, (max-width: 1000px) 100vw, 1000px\" \/><figcaption class=\"wp-element-caption\">Cr\u00e9dit : Lauren Terrigeol photographe<\/figcaption><\/figure>\n\n\n\n<h2 class=\"wp-block-heading\">Infos pratiques #ScienceSandwich<\/h2>\n\n\n\n<p><strong><em>Science Sandwich<\/em>&nbsp;du&nbsp;<a href=\"https:\/\/creamontblanc.org\/fr\/\" target=\"_blank\" rel=\"noreferrer noopener\">CREA Mont-Blanc<\/a><\/strong><br><strong>au CAF de Chamonix &#8211; 136 avenue Michel Croz &#8211; 74400 Chamonix Mont-Blanc<\/strong><br>De 12h30 \u00e0 13h30<br>Entr\u00e9e libre \u2013 dans la limite des places disponibles<br>\u00c9changes en fran\u00e7ais <\/p>\n\n\n\n<figure class=\"wp-block-image size-large is-resized\"><img loading=\"lazy\" decoding=\"async\" width=\"1000\" height=\"114\" src=\"http:\/\/blog.creamontblanc.org\/wp-content\/uploads\/2025\/03\/bandeau_territoire_MB-1000x114.png\" alt=\"\" class=\"wp-image-6112\" style=\"width:583px;height:auto\" srcset=\"https:\/\/blog.creamontblanc.org\/wp-content\/uploads\/2025\/03\/bandeau_territoire_MB-1000x114.png 1000w, https:\/\/blog.creamontblanc.org\/wp-content\/uploads\/2025\/03\/bandeau_territoire_MB-300x34.png 300w, https:\/\/blog.creamontblanc.org\/wp-content\/uploads\/2025\/03\/bandeau_territoire_MB-768x88.png 768w, https:\/\/blog.creamontblanc.org\/wp-content\/uploads\/2025\/03\/bandeau_territoire_MB-1536x176.png 1536w, https:\/\/blog.creamontblanc.org\/wp-content\/uploads\/2025\/03\/bandeau_territoire_MB.png 2048w\" sizes=\"auto, (max-width: 1000px) 100vw, 1000px\" \/><\/figure>\n\n\n\n<p><\/p>\n","protected":false},"excerpt":{"rendered":"<p>Tr\u00e9sors d&rsquo;altitude : pr\u00e9servons nos mares de montagne Avez-vous d\u00e9j\u00e0 observ\u00e9 le spectacle d\u2019une libellule danser au-dessus d\u2019une mare de montagne ?Ces instants suspendus r\u00e9v\u00e8lent un monde discret, fragile, mais essentiel. Pourtant, derri\u00e8re cette beaut\u00e9 se cache une r\u00e9alit\u00e9 plus &hellip; <a href=\"https:\/\/blog.creamontblanc.org?p=6120\">Lire la suite\u00ad\u00ad<\/a><\/p>\n","protected":false},"author":29,"featured_media":6121,"comment_status":"open","ping_status":"open","sticky":false,"template":"","format":"standard","meta":{"_monsterinsights_skip_tracking":false,"_monsterinsights_sitenote_active":false,"_monsterinsights_sitenote_note":"","_monsterinsights_sitenote_category":0,"ngg_post_thumbnail":0,"footnotes":""},"categories":[258],"tags":[10,38,123],"class_list":["post-6120","post","type-post","status-publish","format-standard","has-post-thumbnail","hentry","category-actus-passees","tag-climat","tag-science-participative","tag-science-sandwich"],"aioseo_notices":[],"amp_enabled":true,"_links":{"self":[{"href":"https:\/\/blog.creamontblanc.org\/index.php?rest_route=\/wp\/v2\/posts\/6120","targetHints":{"allow":["GET"]}}],"collection":[{"href":"https:\/\/blog.creamontblanc.org\/index.php?rest_route=\/wp\/v2\/posts"}],"about":[{"href":"https:\/\/blog.creamontblanc.org\/index.php?rest_route=\/wp\/v2\/types\/post"}],"author":[{"embeddable":true,"href":"https:\/\/blog.creamontblanc.org\/index.php?rest_route=\/wp\/v2\/users\/29"}],"replies":[{"embeddable":true,"href":"https:\/\/blog.creamontblanc.org\/index.php?rest_route=%2Fwp%2Fv2%2Fcomments&post=6120"}],"version-history":[{"count":2,"href":"https:\/\/blog.creamontblanc.org\/index.php?rest_route=\/wp\/v2\/posts\/6120\/revisions"}],"predecessor-version":[{"id":6128,"href":"https:\/\/blog.creamontblanc.org\/index.php?rest_route=\/wp\/v2\/posts\/6120\/revisions\/6128"}],"wp:featuredmedia":[{"embeddable":true,"href":"https:\/\/blog.creamontblanc.org\/index.php?rest_route=\/wp\/v2\/media\/6121"}],"wp:attachment":[{"href":"https:\/\/blog.creamontblanc.org\/index.php?rest_route=%2Fwp%2Fv2%2Fmedia&parent=6120"}],"wp:term":[{"taxonomy":"category","embeddable":true,"href":"https:\/\/blog.creamontblanc.org\/index.php?rest_route=%2Fwp%2Fv2%2Fcategories&post=6120"},{"taxonomy":"post_tag","embeddable":true,"href":"https:\/\/blog.creamontblanc.org\/index.php?rest_route=%2Fwp%2Fv2%2Ftags&post=6120"}],"curies":[{"name":"wp","href":"https:\/\/api.w.org\/{rel}","templated":true}]}}