{"id":585,"date":"2017-05-22T12:04:44","date_gmt":"2017-05-22T11:04:44","guid":{"rendered":"http:\/\/blog.creamontblanc.org\/?p=585"},"modified":"2018-02-01T12:34:33","modified_gmt":"2018-02-01T11:34:33","slug":"le-printemps-2017-sannonce-precoce","status":"publish","type":"post","link":"https:\/\/blog.creamontblanc.org?p=585","title":{"rendered":"Le Printemps 2017 s\u2019annonce pr\u00e9coce"},"content":{"rendered":"<p><strong>Gr\u00e2ce \u00e0 l\u2019assiduit\u00e9 de nos b\u00e9n\u00e9voles Ph\u00e9noclim, les premi\u00e8res donn\u00e9es de printemps enrichissent nos bases. M\u00eame si l\u2019heure n\u2019est pas encore au bilan, le premier constat est sans appel : 2017 est un printemps tr\u00e8s pr\u00e9coce.<\/strong><\/p>\n<p><!--more--><\/p>\n<figure id=\"attachment_588\" class=\"thumbnail wp-caption aligncenter\" style=\"width: 1000px\"><a href=\"http:\/\/blog.creamontblanc.org\/?attachment_id=588\" rel=\"attachment wp-att-588\"><img loading=\"lazy\" decoding=\"async\" class=\"size-full wp-image-588\" src=\"http:\/\/blog.creamontblanc.org\/wp-content\/uploads\/2017\/06\/bourgeonsorbier15.jpg\" alt=\"Bourgeon de sorbier \u00a9 CREA Mont-Blanc\" width=\"1000\" height=\"500\"><\/a><figcaption class=\"caption wp-caption-text\"><em><strong>Bourgeon de sorbier<\/strong> \u00a9 CREA Mont-Blanc<\/em><\/figcaption><\/figure>\n<p>&nbsp;<\/p>\n<p>Le constat est sans appel : tous nos b\u00e9n\u00e9voles ont \u00ab l\u2019impression \u00bb que la flore s\u2019\u00e9veillait plus t\u00f4t cette ann\u00e9e. Nous aussi, nous avons cette impression. Et les donn\u00e9es, disponibles sur notre site, sont l\u00e0 pour le confirmer. Apr\u00e8s un premier et rapide coup d\u2019\u0153il aux observations de printemps entr\u00e9es dans notre base de donn\u00e9es par les observateurs du programme Ph\u00e9noclim, on constate que les arbres sont globalement sortis de leur dormance plus t\u00f4t que l\u2019an dernier.<\/p>\n<h4>Le Sorbier et l\u2019\u00e9pic\u00e9a : plus de trois semaines d\u2019avance<\/h4>\n<p>Exemple avec le d\u00e9bourrement du sorbier (\u00e0 gauche) et de l\u2019\u00e9pic\u00e9a (\u00e0 droite) au-dessus de 1000m : la courbe violette repr\u00e9sente les observations de 2017, la rouge celle de 2016. Le premier point marque la premi\u00e8re observation du stade : 28 jours d\u2019avance pour le sorbier, 26 jours pour l\u2019\u00e9pic\u00e9a, toutes zones confondues.<\/p>\n<p>&nbsp;<\/p>\n<p><a href=\"http:\/\/blog.creamontblanc.org\/?attachment_id=586\" rel=\"attachment wp-att-586\"><img loading=\"lazy\" decoding=\"async\" class=\"size-full wp-image-586 aligncenter\" src=\"http:\/\/blog.creamontblanc.org\/wp-content\/uploads\/2017\/06\/news_10_sorb_epic_deb_2017.png\" alt=\"D\u00e9bourrement du sorbier et de l'\u00e9pic\u00e9a en 2016 et 2017 \u00a9 CREA Mont-Blanc\" width=\"941\" height=\"267\"><\/a><\/p>\n<p><em><strong>D\u00e9bourrement du sorbier et de l&rsquo;\u00e9pic\u00e9a en 2016 et 2017<\/strong> \u00a9 CREA Mont-Blanc<\/em><\/p>\n<p>&nbsp;<\/p>\n<h4>Le cas du noisetier<\/h4>\n<p>Zoomons sur le d\u00e9bourrement de noisetiers \u00e0 3 altitudes diff\u00e9rentes, pour lesquels nous avons des donn\u00e9es depuis 2005 : la courbe bleue repr\u00e9sente l&rsquo;observation la plus pr\u00e9coce pour une ann\u00e9e donn\u00e9e, la courbe jaune l&rsquo;observation la plus tardive.<\/p>\n<p>&nbsp;<\/p>\n<figure id=\"attachment_587\" class=\"thumbnail wp-caption aligncenter\" style=\"width: 1032px\"><a href=\"http:\/\/blog.creamontblanc.org\/?attachment_id=587\" rel=\"attachment wp-att-587\"><img loading=\"lazy\" decoding=\"async\" class=\"size-full wp-image-587\" src=\"http:\/\/blog.creamontblanc.org\/wp-content\/uploads\/2017\/06\/news_10_noisetiers.png\" alt=\"D\u00e9bourrement du noisetier \u00e0 trois altitude depuis 2005 \u00a9 CREA Mont-Blanc\" width=\"1032\" height=\"301\"><\/a><figcaption class=\"caption wp-caption-text\"><em><strong>D\u00e9bourrement du noisetier \u00e0 trois altitude depuis 2005<\/strong> \u00a9 CREA Mont-Blanc<\/em><\/figcaption><\/figure>\n<p>&nbsp;<\/p>\n<p>Nous constatons que le d\u00e9bourrement est bien en avance cette ann\u00e9e, rappelant l\u2019ann\u00e9e pr\u00e9coce de 2012 (voire 2011 \u00e0 Chamonix) que ce soit \u00e0 basse ou haute altitude.<\/p>\n<p>\u00c0 quoi sont dus ces ph\u00e9nom\u00e8nes ?&nbsp; Probablement au fait que les temp\u00e9ratures de d\u00e9but de printemps ont \u00e9t\u00e9 particuli\u00e8rement \u00e9lev\u00e9es, comme l\u2019explique Marjorie dans son article <a href=\"http:\/\/blog.creamontblanc.org\/?p=525\" target=\"_blank\" rel=\"noopener\">Reproduction des m\u00e9sanges, les risques entre chaud et froid<\/a>.<\/p>\n<p>Alors, bien s\u00fbr, ces r\u00e9sultats sont provisoires, mais en attendant le bilan printanier complet vous pouvez vous aussi tirer des conclusions selon diff\u00e9rentes approches: y a-t-il des diff\u00e9rences entre les Alpes et les Pyr\u00e9n\u00e9es ? A basse et \u00e0 haute altitude? D\u2019une ann\u00e9e \u00e0 l\u2019autre pour un m\u00eame individu ? Etc&#8230; \u00c0 vous de jouer !<\/p>\n<h4>Contribuez \u00e0 la collecte de donn\u00e9es<\/h4>\n<p>Comme vous pouvez l\u2019imaginer, il est important de multiplier les donn\u00e9es sur le long terme, mais aussi de multiplier les zones d\u2019\u00e9tudes pour \u00e9largir la surface g\u00e9ographique couverte. Plus nous avons de donn\u00e9es, et donc de points de comparaison, plus elles sont repr\u00e9sentatives et exploitables. Merci donc \u00e0 tous les observateurs, fid\u00e8les du programme ou nouveaux-venus, pour leur pr\u00e9cieuse collecte. Nous comptons sur vous pour la fin de saison !<\/p>\n<p>&nbsp;<\/p>\n<p>R\u00e9daction : Anne Brasselet<\/p>\n<hr>\n<p>&nbsp;<\/p>\n<p><strong>Pour en savoir plus<\/strong><\/p>\n<p>Retrouvez les donn\u00e9es du sorbier et de l&rsquo;\u00e9pic\u00e9a sur le site Ph\u00e9noclim sur la page <a href=\"http:\/\/phenoclim.org\/fr\/communaute\/carte-vegetaux D\u00e9bourrement du sorbier et de l'\u00e9pic\u00e9a en 2016 et 2017 \u00a9 CREA Mont-Blanc\" target=\"_blank\" rel=\"noopener\">Carte des v\u00e9g\u00e9taux<\/a><\/p>\n<p>Retrouvez les donn\u00e9es du noisetier sur le site Ph\u00e9noclim sur la page <a href=\"http:\/\/phenoclim.org\/fr\/communaute\/carte-vegetaux-au-cours-du-temps\" target=\"_blank\" rel=\"noopener\">Carte des v\u00e9g\u00e9taux au cours du temps<\/a><\/p>\n<p>Pour d\u00e9couvrir et rejoindre le programme, visitez le site Internet <a href=\"http:\/\/www.phenoclim.org\/\" target=\"_blank\" rel=\"noopener\">Ph\u00e9noclim<\/a><\/p>\n<p>Visualiser toutes les observations de la <a href=\"http:\/\/phenoclim.org\/fr\/communaute\" target=\"_blank\" rel=\"noopener\">communaut\u00e9 Ph\u00e9noclim<\/a><\/p>\n","protected":false},"excerpt":{"rendered":"<p>Gr\u00e2ce \u00e0 l\u2019assiduit\u00e9 de nos b\u00e9n\u00e9voles Ph\u00e9noclim, les premi\u00e8res donn\u00e9es de printemps enrichissent nos bases. M\u00eame si l\u2019heure n\u2019est pas encore au bilan, le premier constat est sans appel : 2017 est un printemps tr\u00e8s pr\u00e9coce.<\/p>\n","protected":false},"author":5,"featured_media":588,"comment_status":"open","ping_status":"open","sticky":false,"template":"","format":"standard","meta":{"_monsterinsights_skip_tracking":false,"_monsterinsights_sitenote_active":false,"_monsterinsights_sitenote_note":"","_monsterinsights_sitenote_category":0,"ngg_post_thumbnail":0,"footnotes":""},"categories":[31],"tags":[46,35,18,38],"class_list":["post-585","post","type-post","status-publish","format-standard","has-post-thumbnail","hentry","category-sciences-participatives","tag-phenoclim","tag-phenologie","tag-recherche","tag-science-participative"],"aioseo_notices":[],"amp_enabled":true,"_links":{"self":[{"href":"https:\/\/blog.creamontblanc.org\/index.php?rest_route=\/wp\/v2\/posts\/585","targetHints":{"allow":["GET"]}}],"collection":[{"href":"https:\/\/blog.creamontblanc.org\/index.php?rest_route=\/wp\/v2\/posts"}],"about":[{"href":"https:\/\/blog.creamontblanc.org\/index.php?rest_route=\/wp\/v2\/types\/post"}],"author":[{"embeddable":true,"href":"https:\/\/blog.creamontblanc.org\/index.php?rest_route=\/wp\/v2\/users\/5"}],"replies":[{"embeddable":true,"href":"https:\/\/blog.creamontblanc.org\/index.php?rest_route=%2Fwp%2Fv2%2Fcomments&post=585"}],"version-history":[{"count":3,"href":"https:\/\/blog.creamontblanc.org\/index.php?rest_route=\/wp\/v2\/posts\/585\/revisions"}],"predecessor-version":[{"id":857,"href":"https:\/\/blog.creamontblanc.org\/index.php?rest_route=\/wp\/v2\/posts\/585\/revisions\/857"}],"wp:featuredmedia":[{"embeddable":true,"href":"https:\/\/blog.creamontblanc.org\/index.php?rest_route=\/wp\/v2\/media\/588"}],"wp:attachment":[{"href":"https:\/\/blog.creamontblanc.org\/index.php?rest_route=%2Fwp%2Fv2%2Fmedia&parent=585"}],"wp:term":[{"taxonomy":"category","embeddable":true,"href":"https:\/\/blog.creamontblanc.org\/index.php?rest_route=%2Fwp%2Fv2%2Fcategories&post=585"},{"taxonomy":"post_tag","embeddable":true,"href":"https:\/\/blog.creamontblanc.org\/index.php?rest_route=%2Fwp%2Fv2%2Ftags&post=585"}],"curies":[{"name":"wp","href":"https:\/\/api.w.org\/{rel}","templated":true}]}}