{"id":5805,"date":"2024-07-22T09:27:34","date_gmt":"2024-07-22T08:27:34","guid":{"rendered":"https:\/\/blog.creamontblanc.org?p=5805"},"modified":"2024-09-16T13:53:46","modified_gmt":"2024-09-16T12:53:46","slug":"sciencesandwich-vendredi-09-aout-de-18h30-a-19h30","status":"publish","type":"post","link":"https:\/\/blog.creamontblanc.org?p=5805","title":{"rendered":"#ScienceSandwich : Vendredi 09 ao\u00fbt de 18h30 \u00e0 19h30"},"content":{"rendered":"\n<h2 class=\"wp-block-heading\">M\u00e9diation en jardin : du panneau fig\u00e9 aux arts vivants<\/h2>\n\n\n\n<figure class=\"wp-block-image size-large\"><img loading=\"lazy\" decoding=\"async\" width=\"1000\" height=\"750\" src=\"https:\/\/blog.creamontblanc.org\/wp-content\/uploads\/2024\/07\/IMG_7740-min11-1000x750.jpeg\" alt=\"\" class=\"wp-image-5806\" srcset=\"https:\/\/blog.creamontblanc.org\/wp-content\/uploads\/2024\/07\/IMG_7740-min11-1000x750.jpeg 1000w, https:\/\/blog.creamontblanc.org\/wp-content\/uploads\/2024\/07\/IMG_7740-min11-300x225.jpeg 300w, https:\/\/blog.creamontblanc.org\/wp-content\/uploads\/2024\/07\/IMG_7740-min11-768x576.jpeg 768w, https:\/\/blog.creamontblanc.org\/wp-content\/uploads\/2024\/07\/IMG_7740-min11-1536x1152.jpeg 1536w, https:\/\/blog.creamontblanc.org\/wp-content\/uploads\/2024\/07\/IMG_7740-min11.jpeg 2000w\" sizes=\"auto, (max-width: 1000px) 100vw, 1000px\" \/><figcaption class=\"wp-element-caption\">Rhodod\u00e9ambulation, une performance de Ludmilla Reuse \/ photo : C. Randin<\/figcaption><\/figure>\n\n\n\n<p>Au jardin, quelle(s) forme(s) prend la m\u00e9diation scientifique et culturelle ? Comment transmettre les savoirs li\u00e9s aux connaissances botaniques et aux collections vivantes ? Comment les approches scientifiques et artistiques peuvent-elles se compl\u00e9ter, voire se m\u00e9langer ? Comment \u00e9merveiller le public tout en lui transmettant des faits scientifiques rigoureux ? <\/p>\n\n\n\n<p>Nous aborderons ces questions <strong>\u00e0 travers la th\u00e9matique de la v\u00e9g\u00e9tation alpine dans un contexte de r\u00e9chauffement climatique :<\/strong> un sujet qui peut s&rsquo;av\u00e9rer complexe et difficile \u00e0 adapter \u00e0 tous les publics. Les esp\u00e8ces alpines ne sont pas toujours connues du grand public et leur rar\u00e9faction peut facilement passer inaper\u00e7ue. Les m\u00e9canismes de r\u00e9ponse au changement climatique peuvent sembler \u00e0 la fois n\u00e9gatifs et positifs, comme la remont\u00e9e de la for\u00eat, l&rsquo;expansion des esp\u00e8ces de lande ou encore l&rsquo;apparition de nouveaux espaces pour la v\u00e9g\u00e9tation dans les zones de retrait glaciaire. Ces dynamiques qui se jouent sur nos sommets ont \u00e9galement un impact important sur nos vies quotidiennes et sont influenc\u00e9es par nos d\u00e9cisions et nos choix en tant que soci\u00e9t\u00e9. <\/p>\n\n\n\n<p>A travers les exp\u00e9riences <strong>de Lucienne Roh, m\u00e9diatrice scientifique et culturelle du Jardin botanique Flore-Alpe \u00e0 Champex-Lac, et en dialogue avec David Dal Cortivo, directeur du jardin des Cimes \u00e0 Passy, <\/strong>nous \u00e9changerons afin de r\u00e9pondre \u00e0 ces questions et d&rsquo;ouvrir les perspectives entourant les activit\u00e9s de m\u00e9diation scientifique. <\/p>\n\n\n\n<p><em>Responsable de la communication et de la m\u00e9diation scientifique et culturelle \u00e0 Flore-Alpe depuis 2019, Lucienne Roh est titulaire d\u2019un master en sciences de l\u2019environnement de l\u2019Ecole polytechnique f\u00e9d\u00e9rale de Z\u00fcrich. Elle s&rsquo;est sp\u00e9cialis\u00e9e en sant\u00e9 environnementale et en \u00e9conomie des ressources naturelles. Sa formation compl\u00e9mentaire de ranger, aussi appel\u00e9 garde nature, au Centre forestier de formation de Lyss lui permet d&rsquo;aborder des sujets li\u00e9s \u00e0 la gestion de conflit, \u00e0 la communication et \u00e0 l&rsquo;\u00e9ducation \u00e0 l&rsquo;environnement. Passionn\u00e9e par les liens qui nous unissent avec notre environnement, elle s\u2019occupe \u00e0 Flore-Alpe d\u2019accueillir le public, les scientifiques et les artistes, de transmettre les connaissances et de les connecter, dans un r\u00f4le de passeuse de savoirs et de sciences. <\/em><\/p>\n\n\n\n<p><strong>L&rsquo;\u00e9v\u00e9nement aura lieu au jardin des Cimes \u00e0 Passy, dans la cadre <a href=\"https:\/\/www.jardindescimes.com\/fr\/tout-lagenda\/\" target=\"_blank\" rel=\"noopener\" title=\"\">de sa programmation culturelle<\/a>. Nous remercions chaleureusement David Dal Cortivo et son \u00e9quipe pour cette invitation \u00e0 croiser les regards en jardin. <\/strong><\/p>\n\n\n\n<p>La restauration du jardin des Cimes ouvre \u00e0 19h et vous pourrez appr\u00e9cier d\u00e8s 20h le concert AP\u00c9RO\u2019JARDIN avec SOCIOPARK (duo de hip-hop experimental \/ post-rock techno). <a href=\"https:\/\/www.jardindescimes.com\/fr\/tout-lagenda\/\" target=\"_blank\" rel=\"noopener\" title=\"\">Voir les d\u00e9tails de l&rsquo;agenda<\/a><\/p>\n\n\n\n<h3 class=\"wp-block-heading\">Infos pratiques #ScienceSandwich<\/h3>\n\n\n\n<p><strong><em>Science Sandwich<\/em>&nbsp;du&nbsp;<a href=\"https:\/\/creamontblanc.org\/fr\/\" target=\"_blank\" rel=\"noreferrer noopener\">CREA Mont-Blanc<\/a><\/strong><br><strong>au jardin des Cimes (47 Route du Dr Davy, 74190 Plateau d\u2019Assy) <\/strong><br>De 18h30 \u00e0 19h30<br>Entr\u00e9e libre \u2013 dans la limite des places disponibles<br>\u00c9changes en fran\u00e7ais <br><strong><span style=\"text-decoration: underline;\">En raison des conditions exceptionnelles de ce Science Sandwich (amphith\u00e9\u00e2tre en plein air), cette pr\u00e9sentation ne sera pas retransmise en direct ni en diff\u00e9r\u00e9. Il n&rsquo;y aura pas de captation audiovisuelle.<\/span><\/strong><br><\/p>\n\n\n\n<h3 class=\"wp-block-heading\"><strong>Plus d&rsquo;informations sur : le Jardin botanique alpin Flore-Alpe et son centre de recherche le CAP&nbsp;<\/strong><\/h3>\n\n\n\n<p><strong>Jardin botanique alpin Flore-Alpe Champex-Lac <a href=\"http:\/\/www.flore-alpe.ch\" target=\"_blank\" rel=\"noopener\" title=\"\">www.flore-alpe.ch<\/a><\/strong><\/p>\n\n\n\n<p>Le Jardin botanique alpin Flore-Alpe est un lieu enchanteur situ\u00e9 \u00e0 1500 m d&rsquo;altitude. Am\u00e9nag\u00e9 en 1927 par l&rsquo;industriel vaudois Jean-Marcel Aubert, il a d&rsquo;abord \u00e9t\u00e9 con\u00e7u comme jardin d&rsquo;agr\u00e9ment puis s&rsquo;est progressivement d\u00e9velopp\u00e9 pour devenir un jardin botanique en forme d&rsquo;<em>alpinum<\/em>, une cr\u00e9ation unique. Parsem\u00e9 de sentiers serpentant entre les rocailles, de ponts en pierre surplombant des pi\u00e8ces d&rsquo;eau, le Jardin accueille plus de 4000 esp\u00e8ces de plantes de la flore locale, des r\u00e9gions avoisinantes, ainsi que des massifs montagneux d&rsquo;Europe et des autres continents. Les visiteurs appr\u00e9cient son charme romantique, sa tranquillit\u00e9 et son panorama unique sur le lac de Champex et les cimes enneig\u00e9es des Combins. Il est class\u00e9 comme bien culturel d&rsquo;importance nationale et a re\u00e7u le prix Schulthess des jardins de Patrimoine suisse en 2007.<\/p>\n\n\n\n<p><strong>Le Centre alpien de phytog\u00e9ographie<\/strong><\/p>\n\n\n\n<p>Depuis 1991, la recherche scientifique du Jardin botanique Flore-Alpe est effectu\u00e9e par le Centre alpien de phytog\u00e9ographie (CAP). Le CAP est actif dans l&rsquo;\u00e9tude \u00e0 long terme de l&rsquo;impact des changements climatiques sur la v\u00e9g\u00e9tation des Alpes. Il est en particulier reconnu pour ses travaux sur l&rsquo;\u00e9volution de la flore alpine et de la limite de la for\u00eat en Valais et il est int\u00e9gr\u00e9 dans des r\u00e9seaux et programmes de recherche nationaux et internationaux. Le CAP d\u00e9veloppe des comp\u00e9tences depuis plus de 30 ans dans le domaine de la biog\u00e9ographie v\u00e9g\u00e9tale, l&rsquo;\u00e9tude des relations entre les plantes des montagnes et l&rsquo;environnement, en particulier le climat et ses changements.&nbsp;<\/p>\n\n\n\n<figure class=\"wp-block-image size-large is-resized\"><img loading=\"lazy\" decoding=\"async\" width=\"1000\" height=\"165\" src=\"http:\/\/blog.creamontblanc.org\/wp-content\/uploads\/2023\/11\/Capture-de\u0301cran-2023-01-25-a\u0300-14.59.00-3-1-1000x165.png\" alt=\"\" class=\"wp-image-5355\" style=\"width:657px;height:auto\" srcset=\"https:\/\/blog.creamontblanc.org\/wp-content\/uploads\/2023\/11\/Capture-de\u0301cran-2023-01-25-a\u0300-14.59.00-3-1-1000x165.png 1000w, https:\/\/blog.creamontblanc.org\/wp-content\/uploads\/2023\/11\/Capture-de\u0301cran-2023-01-25-a\u0300-14.59.00-3-1-300x50.png 300w, https:\/\/blog.creamontblanc.org\/wp-content\/uploads\/2023\/11\/Capture-de\u0301cran-2023-01-25-a\u0300-14.59.00-3-1-768x127.png 768w, https:\/\/blog.creamontblanc.org\/wp-content\/uploads\/2023\/11\/Capture-de\u0301cran-2023-01-25-a\u0300-14.59.00-3-1-1536x254.png 1536w, https:\/\/blog.creamontblanc.org\/wp-content\/uploads\/2023\/11\/Capture-de\u0301cran-2023-01-25-a\u0300-14.59.00-3-1.png 1548w\" sizes=\"auto, (max-width: 1000px) 100vw, 1000px\" \/><\/figure>\n","protected":false},"excerpt":{"rendered":"<p>M\u00e9diation en jardin : du panneau fig\u00e9 aux arts vivants Au jardin, quelle(s) forme(s) prend la m\u00e9diation scientifique et culturelle ? Comment transmettre les savoirs li\u00e9s aux connaissances botaniques et aux collections vivantes ? Comment les approches scientifiques et artistiques &hellip; <a href=\"https:\/\/blog.creamontblanc.org?p=5805\">Lire la suite\u00ad\u00ad<\/a><\/p>\n","protected":false},"author":6,"featured_media":5806,"comment_status":"open","ping_status":"open","sticky":false,"template":"","format":"standard","meta":{"_monsterinsights_skip_tracking":false,"_monsterinsights_sitenote_active":false,"_monsterinsights_sitenote_note":"","_monsterinsights_sitenote_category":0,"ngg_post_thumbnail":0,"footnotes":""},"categories":[258],"tags":[345,344,224,343,342,123],"class_list":["post-5805","post","type-post","status-publish","format-standard","has-post-thumbnail","hentry","category-actus-passees","tag-art","tag-botanique","tag-flore","tag-jardin","tag-mediation-scientifique","tag-science-sandwich"],"aioseo_notices":[],"amp_enabled":true,"_links":{"self":[{"href":"https:\/\/blog.creamontblanc.org\/index.php?rest_route=\/wp\/v2\/posts\/5805","targetHints":{"allow":["GET"]}}],"collection":[{"href":"https:\/\/blog.creamontblanc.org\/index.php?rest_route=\/wp\/v2\/posts"}],"about":[{"href":"https:\/\/blog.creamontblanc.org\/index.php?rest_route=\/wp\/v2\/types\/post"}],"author":[{"embeddable":true,"href":"https:\/\/blog.creamontblanc.org\/index.php?rest_route=\/wp\/v2\/users\/6"}],"replies":[{"embeddable":true,"href":"https:\/\/blog.creamontblanc.org\/index.php?rest_route=%2Fwp%2Fv2%2Fcomments&post=5805"}],"version-history":[{"count":5,"href":"https:\/\/blog.creamontblanc.org\/index.php?rest_route=\/wp\/v2\/posts\/5805\/revisions"}],"predecessor-version":[{"id":5813,"href":"https:\/\/blog.creamontblanc.org\/index.php?rest_route=\/wp\/v2\/posts\/5805\/revisions\/5813"}],"wp:featuredmedia":[{"embeddable":true,"href":"https:\/\/blog.creamontblanc.org\/index.php?rest_route=\/wp\/v2\/media\/5806"}],"wp:attachment":[{"href":"https:\/\/blog.creamontblanc.org\/index.php?rest_route=%2Fwp%2Fv2%2Fmedia&parent=5805"}],"wp:term":[{"taxonomy":"category","embeddable":true,"href":"https:\/\/blog.creamontblanc.org\/index.php?rest_route=%2Fwp%2Fv2%2Fcategories&post=5805"},{"taxonomy":"post_tag","embeddable":true,"href":"https:\/\/blog.creamontblanc.org\/index.php?rest_route=%2Fwp%2Fv2%2Ftags&post=5805"}],"curies":[{"name":"wp","href":"https:\/\/api.w.org\/{rel}","templated":true}]}}