{"id":5692,"date":"2024-07-09T16:16:39","date_gmt":"2024-07-09T15:16:39","guid":{"rendered":"https:\/\/blog.creamontblanc.org?p=5692"},"modified":"2024-10-17T13:37:28","modified_gmt":"2024-10-17T12:37:28","slug":"20-ans-phenoclim","status":"publish","type":"post","link":"https:\/\/blog.creamontblanc.org?p=5692","title":{"rendered":"On a c\u00e9l\u00e9br\u00e9 20 ans de sciences participatives ! \ud83c\udf89"},"content":{"rendered":"\n<h3 class=\"wp-block-heading has-text-align-center\">\ud83c\udf42<em><strong>Ph\u00e9noclim, le plus ancien programme de sciences participatives de l&rsquo;ONG, a f\u00eat\u00e9 son 20\u00e8me anniversaire cette ann\u00e9e !<\/strong><\/em> <strong><em>Une belle occasion de revenir sur les accomplissements r\u00e9alis\u00e9s et d\u2019imaginer l\u2019avenir ensemble<\/em><\/strong>\ud83c\udf42<\/h3>\n\n\n\n<figure class=\"wp-block-image size-full\"><img loading=\"lazy\" decoding=\"async\" width=\"1600\" height=\"400\" src=\"https:\/\/blog.creamontblanc.org\/wp-content\/uploads\/2024\/07\/Bandeau-mailing-20ansPhenoclim.png\" alt=\"\" class=\"wp-image-5780\" srcset=\"https:\/\/blog.creamontblanc.org\/wp-content\/uploads\/2024\/07\/Bandeau-mailing-20ansPhenoclim.png 1600w, https:\/\/blog.creamontblanc.org\/wp-content\/uploads\/2024\/07\/Bandeau-mailing-20ansPhenoclim-300x75.png 300w, https:\/\/blog.creamontblanc.org\/wp-content\/uploads\/2024\/07\/Bandeau-mailing-20ansPhenoclim-1000x250.png 1000w, https:\/\/blog.creamontblanc.org\/wp-content\/uploads\/2024\/07\/Bandeau-mailing-20ansPhenoclim-768x192.png 768w, https:\/\/blog.creamontblanc.org\/wp-content\/uploads\/2024\/07\/Bandeau-mailing-20ansPhenoclim-1536x384.png 1536w\" sizes=\"auto, (max-width: 1600px) 100vw, 1600px\" \/><\/figure>\n\n\n\n<p>En 2004, le CREA Mont-Blanc lan\u00e7ait son premier programme de sciences participatives Ph\u00e9noclim, avec pour principal objectif de suivre la ph\u00e9nologie et la climatologie en montagne. Apr\u00e8s deux d\u00e9cennies et de nombreuses \u00e9volutions, Ph\u00e9noclim est aujourd&rsquo;hui largement implant\u00e9 dans les massifs fran\u00e7ais et limitrophes (Espagne et Italie), et vit \u00e0 travers des milliers de b\u00e9n\u00e9voles investis.<\/p>\n\n\n\n<p>Ainsi, le CREA Mont-Blanc a eu le plaisir de vous retrouver pour c\u00e9l\u00e9brer le 20\u00e8me anniversaire du projet Ph\u00e9noclim, qui s&rsquo;est tenu lors de la<a href=\"https:\/\/www.fetedelascience.fr\/journee-en-montagne-pour-les-20-ans-de-phenoclim\" target=\"_blank\" rel=\"noopener\" title=\"\"> F\u00eate de la Science<\/a>, le week-end du 5 et 6 octobre 2024 \u00e0 Chamonix Mont-Blanc. Cet \u00e9v\u00e9nement a permis de r\u00e9unir notre grande famille \u2013 scientifiques, citoyens et passionn\u00e9s de montagne \u2013 en partageant un moment convivial et en c\u00e9l\u00e9brant notre engagement commun pour la compr\u00e9hension et la protection de la biodiversit\u00e9 alpine.<\/p>\n\n\n\n<h2 class=\"wp-block-heading\">Revenons en aux faits:<\/h2>\n\n\n\n<figure class=\"wp-block-gallery has-nested-images columns-default is-cropped wp-block-gallery-1 is-layout-flex wp-block-gallery-is-layout-flex\">\n<figure class=\"wp-block-image size-full\"><img loading=\"lazy\" decoding=\"async\" width=\"1000\" height=\"1000\" data-id=\"5905\" src=\"https:\/\/blog.creamontblanc.org\/wp-content\/uploads\/2024\/07\/image-2.png\" alt=\"L\u2019attribut alt de cette image est vide, son nom de fichier est Programmation-20ans-Phenoclim-4-1000x1000.png.\" class=\"wp-image-5905\" srcset=\"https:\/\/blog.creamontblanc.org\/wp-content\/uploads\/2024\/07\/image-2.png 1000w, https:\/\/blog.creamontblanc.org\/wp-content\/uploads\/2024\/07\/image-2-300x300.png 300w, https:\/\/blog.creamontblanc.org\/wp-content\/uploads\/2024\/07\/image-2-150x150.png 150w, https:\/\/blog.creamontblanc.org\/wp-content\/uploads\/2024\/07\/image-2-768x768.png 768w\" sizes=\"auto, (max-width: 1000px) 100vw, 1000px\" \/><\/figure>\n<\/figure>\n\n\n\n<h2 class=\"wp-block-heading\">Samedi 5 octobre, au Centre des congr\u00e8s Le Majestic \u00e0 Chamonix Mont-blanc : La Nature rencontre la Science \u26f0\ufe0f<\/h2>\n\n\n\n<p class=\"has-black-color has-text-color has-link-color wp-elements-5d58a92f8c09374f5ef14c58e490217a\" style=\"font-size:14px\">Conf\u00e9rences, animations et c\u00e9l\u00e9brations au Centre des Congr\u00e8s Le Majestic \u00e0 Chamonix, en coordination avec les 50 ans de la R\u00e9serve Naturelle des Aiguilles Rouges, co-organis\u00e9s par la Communaut\u00e9 de Communes de la Vall\u00e9e de Chamonix Mont-Blanc (CCVCMB) et Asters Conservatoire d\u2019Espaces Naturels de la Haute-Savoie (CEN 74).<\/p>\n\n\n\n<figure class=\"wp-block-gallery has-nested-images columns-default is-cropped wp-block-gallery-2 is-layout-flex wp-block-gallery-is-layout-flex\">\n<figure class=\"wp-block-image size-large\"><img loading=\"lazy\" decoding=\"async\" width=\"799\" height=\"532\" data-id=\"5943\" src=\"https:\/\/blog.creamontblanc.org\/wp-content\/uploads\/2024\/07\/54052859325_b7f1ab8be5_c.jpg\" alt=\"\" class=\"wp-image-5943\" srcset=\"https:\/\/blog.creamontblanc.org\/wp-content\/uploads\/2024\/07\/54052859325_b7f1ab8be5_c.jpg 799w, https:\/\/blog.creamontblanc.org\/wp-content\/uploads\/2024\/07\/54052859325_b7f1ab8be5_c-300x200.jpg 300w, https:\/\/blog.creamontblanc.org\/wp-content\/uploads\/2024\/07\/54052859325_b7f1ab8be5_c-768x511.jpg 768w\" sizes=\"auto, (max-width: 799px) 100vw, 799px\" \/><figcaption class=\"wp-element-caption\">Pr\u00e9sence du CREA dans la salle des stands<\/figcaption><\/figure>\n\n\n\n<figure class=\"wp-block-image size-large\"><img loading=\"lazy\" decoding=\"async\" width=\"800\" height=\"532\" data-id=\"5947\" src=\"https:\/\/blog.creamontblanc.org\/wp-content\/uploads\/2024\/07\/54052656778_06e11e9b6c_c.jpg\" alt=\"\" class=\"wp-image-5947\" srcset=\"https:\/\/blog.creamontblanc.org\/wp-content\/uploads\/2024\/07\/54052656778_06e11e9b6c_c.jpg 800w, https:\/\/blog.creamontblanc.org\/wp-content\/uploads\/2024\/07\/54052656778_06e11e9b6c_c-300x200.jpg 300w, https:\/\/blog.creamontblanc.org\/wp-content\/uploads\/2024\/07\/54052656778_06e11e9b6c_c-768x511.jpg 768w\" sizes=\"auto, (max-width: 800px) 100vw, 800px\" \/><figcaption class=\"wp-element-caption\">Benjamin Guislain au discours d&rsquo;ouverture<\/figcaption><\/figure>\n\n\n\n<figure class=\"wp-block-image size-large\"><img loading=\"lazy\" decoding=\"async\" width=\"800\" height=\"600\" data-id=\"5945\" src=\"https:\/\/blog.creamontblanc.org\/wp-content\/uploads\/2024\/07\/54054507601_8f10a27556_c.jpg\" alt=\"\" class=\"wp-image-5945\" srcset=\"https:\/\/blog.creamontblanc.org\/wp-content\/uploads\/2024\/07\/54054507601_8f10a27556_c.jpg 800w, https:\/\/blog.creamontblanc.org\/wp-content\/uploads\/2024\/07\/54054507601_8f10a27556_c-300x225.jpg 300w, https:\/\/blog.creamontblanc.org\/wp-content\/uploads\/2024\/07\/54054507601_8f10a27556_c-768x576.jpg 768w\" sizes=\"auto, (max-width: 800px) 100vw, 800px\" \/><figcaption class=\"wp-element-caption\">Atelier de la facilitatrice graphique Sol\u00e8ne Dragaud<\/figcaption><\/figure>\n<\/figure>\n\n\n\n<h3 class=\"wp-block-heading\">VisioTour des massifs \ud83d\udcbb<\/h3>\n\n\n\n<ul style=\"font-size:14px\" class=\"wp-block-list\">\n<li style=\"font-size:14px\"><img loading=\"lazy\" decoding=\"async\" width=\"20\" height=\"20\" src=\"https:\/\/lh7-rt.googleusercontent.com\/docsz\/AD_4nXfh0gyJ5m59cx_YIaWsY5VnLp3MVOqzF3ywTENj5mxUpIQl6AZ3drnc4LSEo_0oLBxR_elmNw2ndLZ5TLTR-Q4LHcH1O8-5hFa0EguhL11SdTgn47fYEIH6QJi4sUcESaVSzIapYEhTqq4RN5uDsXIZT_Oc?key=5UlsWTkfJppaMjk2fsTGAw\" alt=\":leaves:\"> Un super quiz pour enfin savoir si vous \u00eates un v\u00e9ritable Ph\u00e9noclimeur<\/li>\n\n\n\n<li style=\"font-size:14px\"><img loading=\"lazy\" decoding=\"async\" width=\"20\" height=\"20\" src=\"https:\/\/lh7-rt.googleusercontent.com\/docsz\/AD_4nXekmNnHcQcI96RO0PSyaF8TCoeH5tbhry2QAwKs5pT3AcSxN0i1W-raWpnhlJHGpvM6FR_t4_7chdAkC6NvCEIAfl6tIqlXo0gMVt4oBqh28z87q5ogZFNc8yZxHQ0AKbMfYYKwC_8bnUJALspsNnfrAEU?key=5UlsWTkfJppaMjk2fsTGAw\" alt=\":handshake:\"> Le pr\u00e9cieux partage d\u2019exp\u00e9riences de nos relais :<br><strong>Philippe Rossello<\/strong> et <strong>Lucie Lombard<\/strong> pour les Alpes du Sud<br><strong>Clara Pladevall<\/strong> et sa fille pour Andorre<br><strong>Julia Gladine<\/strong> pour les Pyr\u00e9n\u00e9es<br><strong>Evea Mautret<\/strong> et une b\u00e9n\u00e9vole pour le Massif Central<br>Merci infiniment \u00e0 vous tous pour votre participation et votre soutien \u00e0 Ph\u00e9noclim !<\/li>\n\n\n\n<li style=\"font-size:14px\"><img loading=\"lazy\" decoding=\"async\" width=\"20\" height=\"20\" src=\"https:\/\/lh7-rt.googleusercontent.com\/docsz\/AD_4nXeOmylzoD14qIsu0qUcjWPJmKRDfwyn9kCXKRRqw_ybrz8hpw1EutpVr-E0S5Nmveqp-2ufTk9IJ6N61boDLcKKiTWHMfOJnqwWWDqfHMMhF9P2w9O4Bv72EWhD7sXFDdDEj9mJB7ZX8RJ0FY6v_navPbVn?key=5UlsWTkfJppaMjk2fsTGAw\" alt=\":chart_with_upwards_trend:\"> Un aper\u00e7u des r\u00e9sultats Ph\u00e9noclim sur ces 20 derni\u00e8res ann\u00e9es pr\u00e9sent\u00e9 par Colin Van Reeth<\/li>\n<\/ul>\n\n\n\n<p style=\"font-size:14px\">Retrouvez le d\u00e9tail du contenu de ce moment de partage et de convivialit\u00e9 sur la pr\u00e9sentation suivante : <\/p>\n\n\n\n<div class=\"wp-block-buttons is-content-justification-center is-layout-flex wp-container-core-buttons-is-layout-16018d1d wp-block-buttons-is-layout-flex\">\n<div class=\"wp-block-button is-style-fill\"><a class=\"wp-block-button__link has-white-color has-virtue-primary-background-color has-text-color has-background has-link-color has-text-align-center wp-element-button\" href=\"https:\/\/www.canva.com\/design\/DAGSaiBH55M\/WNVdT76Q_C9W_er5_S1ThQ\/view?utm_content=DAGSaiBH55M&amp;utm_campaign=designshare&amp;utm_medium=link&amp;utm_source=editor\">Pr\u00e9sentation VisioTour des massifs <\/a><\/div>\n<\/div>\n\n\n\n<p><\/p>\n\n\n\n<h3 class=\"wp-block-heading\">Science Sandwich de St\u00e9phane La Branche &#8211; La sociologie entre biodiversit\u00e9 et humanit\u00e9, quel camp choisir ? \ud83e\udd6a<\/h3>\n\n\n\n<p>Vous l\u2019avez ador\u00e9, vous nous en avez reparl\u00e9 et heureusement on a tout enregistr\u00e9 ! Pour ceux qui l\u2019ont rat\u00e9, voici le fameux&nbsp;#ScienceSandwich&nbsp;de St\u00e9phane La Branche, notre sociologue, qui ne vous laissera pas sur votre faim !<\/p>\n\n\n\n<figure class=\"wp-block-embed is-type-video is-provider-youtube wp-block-embed-youtube wp-embed-aspect-16-9 wp-has-aspect-ratio\"><div class=\"wp-block-embed__wrapper\">\n<iframe loading=\"lazy\" title=\"#ScienceSandwich La sociologie entre biodiversit\u00e9 et humanit\u00e9 : quel camp choisir ?\" width=\"500\" height=\"281\" src=\"https:\/\/www.youtube.com\/embed\/LoPyelXUiBQ?feature=oembed\" frameborder=\"0\" allow=\"accelerometer; autoplay; clipboard-write; encrypted-media; gyroscope; picture-in-picture; web-share\" referrerpolicy=\"strict-origin-when-cross-origin\" allowfullscreen><\/iframe>\n<\/div><\/figure>\n\n\n\n<p><\/p>\n\n\n\n<h3 class=\"wp-block-heading\">Conf\u00e9rence de Colin Van Reeth : R\u00e9sultats et perspectives pour Ph\u00e9noclim \ud83c\udf3f<\/h3>\n\n\n\n<p>Notre Ph\u00e9noclimeur en chef, Colin, s&rsquo;est exprim\u00e9 sur la grande sc\u00e8ne pour nous pr\u00e9senter notre programme phare de la journ\u00e9e Ph\u00e9noclim : remise en contexte du projet, r\u00e9sultats ph\u00e9nologiques et sociologiques ainsi que les \u00e9volutions futures ont \u00e9t\u00e9 abord\u00e9s ! Retrouvez l&rsquo;int\u00e9gralit\u00e9 de la conf\u00e9rence sur notre cha\u00eene YouTube : <a href=\"https:\/\/youtu.be\/VgTI7JSYyk8\" target=\"_blank\" rel=\"noopener\" title=\"\">Conf\u00e9rence 20ans Ph\u00e9noclim<\/a> \ud83d\udc48\ud83c\udffc <\/p>\n\n\n\n<figure class=\"wp-block-gallery has-nested-images columns-default is-cropped wp-block-gallery-3 is-layout-flex wp-block-gallery-is-layout-flex\">\n<figure class=\"wp-block-image size-large\"><img loading=\"lazy\" decoding=\"async\" width=\"799\" height=\"532\" data-id=\"5929\" src=\"https:\/\/blog.creamontblanc.org\/wp-content\/uploads\/2024\/07\/54052739464_eea2bc52d9_c.jpg\" alt=\"\" class=\"wp-image-5929\" srcset=\"https:\/\/blog.creamontblanc.org\/wp-content\/uploads\/2024\/07\/54052739464_eea2bc52d9_c.jpg 799w, https:\/\/blog.creamontblanc.org\/wp-content\/uploads\/2024\/07\/54052739464_eea2bc52d9_c-300x200.jpg 300w, https:\/\/blog.creamontblanc.org\/wp-content\/uploads\/2024\/07\/54052739464_eea2bc52d9_c-768x511.jpg 768w\" sizes=\"auto, (max-width: 799px) 100vw, 799px\" \/><figcaption class=\"wp-element-caption\">Colin Van Reeth intervenant sur la grande sc\u00e8ne<\/figcaption><\/figure>\n\n\n\n<figure class=\"wp-block-image size-large\"><img loading=\"lazy\" decoding=\"async\" width=\"1000\" height=\"563\" data-id=\"5933\" src=\"https:\/\/blog.creamontblanc.org\/wp-content\/uploads\/2024\/07\/Capture-decran-2024-10-16-112839-1000x563.png\" alt=\"\" class=\"wp-image-5933\" srcset=\"https:\/\/blog.creamontblanc.org\/wp-content\/uploads\/2024\/07\/Capture-decran-2024-10-16-112839-1000x563.png 1000w, https:\/\/blog.creamontblanc.org\/wp-content\/uploads\/2024\/07\/Capture-decran-2024-10-16-112839-300x169.png 300w, https:\/\/blog.creamontblanc.org\/wp-content\/uploads\/2024\/07\/Capture-decran-2024-10-16-112839-768x433.png 768w, https:\/\/blog.creamontblanc.org\/wp-content\/uploads\/2024\/07\/Capture-decran-2024-10-16-112839.png 1184w\" sizes=\"auto, (max-width: 1000px) 100vw, 1000px\" \/><figcaption class=\"wp-element-caption\">Support de pr\u00e9sentation<\/figcaption><\/figure>\n<\/figure>\n\n\n\n<p><\/p>\n\n\n\n<h3 class=\"wp-block-heading\">Tables rondes des 20ans Ph\u00e9noclim \ud83d\udde3\ufe0f<\/h3>\n\n\n\n<p>C\u00e9lia Bonnet-Ligeon, animatrice de ces tables rondes, a <strong>mis en avant<\/strong> deux grandes th\u00e9matiques lors de ce temps d\u2019\u00e9changes et de partage :<\/p>\n\n\n\n<div class=\"wp-block-media-text is-stacked-on-mobile\" style=\"grid-template-columns:48% auto\"><figure class=\"wp-block-media-text__media\"><img loading=\"lazy\" decoding=\"async\" width=\"849\" height=\"594\" src=\"http:\/\/blog.creamontblanc.org\/wp-content\/uploads\/2024\/07\/Capture-decran-2024-10-16-155320.png\" alt=\"\" class=\"wp-image-6003 size-full\" srcset=\"https:\/\/blog.creamontblanc.org\/wp-content\/uploads\/2024\/07\/Capture-decran-2024-10-16-155320.png 849w, https:\/\/blog.creamontblanc.org\/wp-content\/uploads\/2024\/07\/Capture-decran-2024-10-16-155320-300x210.png 300w, https:\/\/blog.creamontblanc.org\/wp-content\/uploads\/2024\/07\/Capture-decran-2024-10-16-155320-768x537.png 768w\" sizes=\"auto, (max-width: 849px) 100vw, 849px\" \/><\/figure><div class=\"wp-block-media-text__content\">\n<p>\ud83d\udd27 <strong>\u00c9volutions et perspectives des techniques<\/strong> utilis\u00e9es, notamment pour la collecte des donn\u00e9es Ph\u00e9noclim depuis 20 ans, avec la pr\u00e9sence de :<\/p>\n\n\n\n<ul class=\"wp-block-list\">\n<li style=\"font-size:14px\">Anne Delestrade (fondatrice du CREA Mont-Blanc et chercheuse)<\/li>\n\n\n\n<li style=\"font-size:14px\">G\u00e9rard Cordier (co-concepteur et gestionnaire des stations m\u00e9t\u00e9o d\u00e9ploy\u00e9es dans toutes les Alpes)<\/li>\n\n\n\n<li style=\"font-size:14px\">Patrick Magnin (co-concepteur et gestionnaire des stations m\u00e9t\u00e9o d\u00e9ploy\u00e9es dans toutes les Alpes)<\/li>\n\n\n\n<li style=\"font-size:14px\">Gilles Drestch (employ\u00e9 au p\u00f4le RSE d&rsquo;Orange)<\/li>\n<\/ul>\n<\/div><\/div>\n\n\n\n<div class=\"wp-block-media-text is-stacked-on-mobile\" style=\"grid-template-columns:48% auto\"><figure class=\"wp-block-media-text__media\"><img loading=\"lazy\" decoding=\"async\" width=\"863\" height=\"590\" src=\"http:\/\/blog.creamontblanc.org\/wp-content\/uploads\/2024\/07\/Capture-decran-2024-10-16-154214.png\" alt=\"\" class=\"wp-image-5999 size-full\" srcset=\"https:\/\/blog.creamontblanc.org\/wp-content\/uploads\/2024\/07\/Capture-decran-2024-10-16-154214.png 863w, https:\/\/blog.creamontblanc.org\/wp-content\/uploads\/2024\/07\/Capture-decran-2024-10-16-154214-300x205.png 300w, https:\/\/blog.creamontblanc.org\/wp-content\/uploads\/2024\/07\/Capture-decran-2024-10-16-154214-768x525.png 768w\" sizes=\"auto, (max-width: 863px) 100vw, 863px\" \/><\/figure><div class=\"wp-block-media-text__content\">\n<p>\ud83d\udcac <strong>Engagement et participation des communaut\u00e9s :<\/strong> Comment inciter les personnes \u00e0 participer \u00e0 des programmes de sciences participatives en rendant ces derniers attractifs et incitatifs ? Avec la participation de :<\/p>\n\n\n\n<ul class=\"wp-block-list\">\n<li style=\"font-size:14px\">Louis Fouilleux (designer, en charge de la conception des prototypes associ\u00e9s au programme <em>Aux Arbres Citoyens<\/em>)<\/li>\n\n\n\n<li style=\"font-size:14px\">K\u00e9vin Vennitti (designer num\u00e9rique, concepteur de notre plateforme de sciences participatives SPOT)<\/li>\n\n\n\n<li style=\"font-size:14px\">Laura Millot (Consultante pour l\u2019agence d\u2019innovation responsable MAOBI)<\/li>\n\n\n\n<li style=\"font-size:14px\">Marjorie Bison (\u00e9cologue ind\u00e9pendante)<\/li>\n<\/ul>\n<\/div><\/div>\n\n\n\n<p>Encore un grand merci \u00e0 ces intervenants pour leur implication et leurs pr\u00e9cieuses contributions !<\/p>\n\n\n\n<figure class=\"wp-block-gallery has-nested-images columns-default is-cropped wp-block-gallery-4 is-layout-flex wp-block-gallery-is-layout-flex\">\n<figure class=\"wp-block-image size-large\"><img loading=\"lazy\" decoding=\"async\" width=\"799\" height=\"532\" data-id=\"5959\" src=\"https:\/\/blog.creamontblanc.org\/wp-content\/uploads\/2024\/07\/54052739609_27d74c3315_c.jpg\" alt=\"\" class=\"wp-image-5959\" srcset=\"https:\/\/blog.creamontblanc.org\/wp-content\/uploads\/2024\/07\/54052739609_27d74c3315_c.jpg 799w, https:\/\/blog.creamontblanc.org\/wp-content\/uploads\/2024\/07\/54052739609_27d74c3315_c-300x200.jpg 300w, https:\/\/blog.creamontblanc.org\/wp-content\/uploads\/2024\/07\/54052739609_27d74c3315_c-768x511.jpg 768w\" sizes=\"auto, (max-width: 799px) 100vw, 799px\" \/><figcaption class=\"wp-element-caption\">Pr\u00e9sentation du prototype V4 de la station m\u00e9t\u00e9o par G\u00e9rard Cordier<\/figcaption><\/figure>\n\n\n\n<figure class=\"wp-block-image size-large\"><img loading=\"lazy\" decoding=\"async\" width=\"799\" height=\"532\" data-id=\"5957\" src=\"https:\/\/blog.creamontblanc.org\/wp-content\/uploads\/2024\/07\/54052413871_0497bd8dd9_c.jpg\" alt=\"\" class=\"wp-image-5957\" srcset=\"https:\/\/blog.creamontblanc.org\/wp-content\/uploads\/2024\/07\/54052413871_0497bd8dd9_c.jpg 799w, https:\/\/blog.creamontblanc.org\/wp-content\/uploads\/2024\/07\/54052413871_0497bd8dd9_c-300x200.jpg 300w, https:\/\/blog.creamontblanc.org\/wp-content\/uploads\/2024\/07\/54052413871_0497bd8dd9_c-768x511.jpg 768w\" sizes=\"auto, (max-width: 799px) 100vw, 799px\" \/><figcaption class=\"wp-element-caption\">Public des tables rondes<\/figcaption><\/figure>\n\n\n\n<figure class=\"wp-block-image size-large\"><img loading=\"lazy\" decoding=\"async\" width=\"524\" height=\"630\" data-id=\"5983\" src=\"https:\/\/blog.creamontblanc.org\/wp-content\/uploads\/2024\/07\/Capture-decran-2024-10-16-151330.png\" alt=\"\" class=\"wp-image-5983\" srcset=\"https:\/\/blog.creamontblanc.org\/wp-content\/uploads\/2024\/07\/Capture-decran-2024-10-16-151330.png 524w, https:\/\/blog.creamontblanc.org\/wp-content\/uploads\/2024\/07\/Capture-decran-2024-10-16-151330-250x300.png 250w\" sizes=\"auto, (max-width: 524px) 100vw, 524px\" \/><figcaption class=\"wp-element-caption\">Prototypes du programme Aux Arbres Citoyens <\/figcaption><\/figure>\n<\/figure>\n\n\n\n<h3 class=\"wp-block-heading\">Ateliers cr\u00e9atifs, activit\u00e9s, et expositions \u00e0 l&rsquo;honneur \ud83c\udfa8<\/h3>\n\n\n\n<p>Tout au long de la journ\u00e9e, des ateliers cr\u00e9atifs, jeux interactifs et une exposition immersive ont invit\u00e9 les participants \u00e0 d\u00e9couvrir la ph\u00e9nologie sous un angle ludique et original, tout en mettant en lumi\u00e8re les enjeux environnementaux et le projet Ph\u00e9noclim. Gr\u00e2ce \u00e0 ces activit\u00e9s, chacun a pu mieux comprendre les d\u00e9fis climatiques li\u00e9s au projet et se familiariser avec les esp\u00e8ces \u00e9tudi\u00e9es. Un savoureux m\u00e9lange d&rsquo;apprentissage et de plaisir, pour tous les \u00e2ges !<\/p>\n\n\n\n<figure class=\"wp-block-gallery has-nested-images columns-default is-cropped wp-block-gallery-5 is-layout-flex wp-block-gallery-is-layout-flex\">\n<figure class=\"wp-block-image size-large\"><img loading=\"lazy\" decoding=\"async\" width=\"437\" height=\"675\" data-id=\"5993\" src=\"https:\/\/blog.creamontblanc.org\/wp-content\/uploads\/2024\/07\/Capture-decran-2024-10-16-152431.png\" alt=\"\" class=\"wp-image-5993\" srcset=\"https:\/\/blog.creamontblanc.org\/wp-content\/uploads\/2024\/07\/Capture-decran-2024-10-16-152431.png 437w, https:\/\/blog.creamontblanc.org\/wp-content\/uploads\/2024\/07\/Capture-decran-2024-10-16-152431-194x300.png 194w\" sizes=\"auto, (max-width: 437px) 100vw, 437px\" \/><figcaption class=\"wp-element-caption\">Jeu \u00ab\u00a0Quel est mon cycle de vie ? <\/figcaption><\/figure>\n\n\n\n<figure class=\"wp-block-image size-large\"><img loading=\"lazy\" decoding=\"async\" width=\"600\" height=\"800\" data-id=\"5989\" src=\"https:\/\/blog.creamontblanc.org\/wp-content\/uploads\/2024\/07\/54054954850_7fe7f5747a_c.jpg\" alt=\"\" class=\"wp-image-5989\" srcset=\"https:\/\/blog.creamontblanc.org\/wp-content\/uploads\/2024\/07\/54054954850_7fe7f5747a_c.jpg 600w, https:\/\/blog.creamontblanc.org\/wp-content\/uploads\/2024\/07\/54054954850_7fe7f5747a_c-225x300.jpg 225w\" sizes=\"auto, (max-width: 600px) 100vw, 600px\" \/><figcaption class=\"wp-element-caption\">Salle BOURRIT &#8211; CREA Mont-Blanc <\/figcaption><\/figure>\n\n\n\n<figure class=\"wp-block-image size-large\"><img loading=\"lazy\" decoding=\"async\" width=\"604\" height=\"684\" data-id=\"5991\" src=\"https:\/\/blog.creamontblanc.org\/wp-content\/uploads\/2024\/07\/Capture-decran-2024-10-16-152052.png\" alt=\"\" class=\"wp-image-5991\" srcset=\"https:\/\/blog.creamontblanc.org\/wp-content\/uploads\/2024\/07\/Capture-decran-2024-10-16-152052.png 604w, https:\/\/blog.creamontblanc.org\/wp-content\/uploads\/2024\/07\/Capture-decran-2024-10-16-152052-265x300.png 265w\" sizes=\"auto, (max-width: 604px) 100vw, 604px\" \/><figcaption class=\"wp-element-caption\">Arbre \u00e0 voeux des 20ans Ph\u00e9noclim<\/figcaption><\/figure>\n<\/figure>\n\n\n\n<p><\/p>\n\n\n\n<h2 class=\"wp-block-heading\">Dimanche 6 octobre, au Col des Montets \u00e0 Vallorcine : Sortie sur le terrain avec le CREA Mont-Blanc \ud83e\udd7e<\/h2>\n\n\n\n<p class=\"has-black-color has-text-color has-link-color wp-elements-68142c0e26b3ed0284cfadb6a2a4c008\">Journ\u00e9e ludique en montagne au Col des Montets \u00e0 Vallorcine, avec l\u2019\u00e9quipe du CREA Mont-Blanc, pour profiter des belles couleurs de l&rsquo;automne et d\u00e9couvrir nos diff\u00e9rents protocoles scientifiques, et pas seulement !<\/p>\n\n\n\n<h3 class=\"wp-block-heading\">Une balade scientifique et cr\u00e9ative autour des arbres Ph\u00e9noclim \ud83c\udf32<\/h3>\n\n\n\n<p>Nous avons suivi les traces des arbres \u00e9tudi\u00e9s \u00e0 l\u2019automne dans le cadre de Ph\u00e9noclim, lors d\u2019une belle balade le long de la R\u00e9serve Naturelle des Aiguilles Rouges. La journ\u00e9e a \u00e9t\u00e9 rythm\u00e9e par les interventions de Colin Van Reeth, Oc\u00e9ane Anty et Enola Vulliez, qui ont partag\u00e9 leurs connaissances sur les arbres et leur ph\u00e9nologie, enrichissant chaque \u00e9tape du parcours. Les participants, immerg\u00e9s dans la beaut\u00e9 automnale des paysages, ont \u00e9t\u00e9 invit\u00e9s \u00e0 exprimer leur cr\u00e9ativit\u00e9 : certains ont r\u00e9dig\u00e9 des po\u00e8mes, d&rsquo;autres ont captur\u00e9 des photos, r\u00e9alis\u00e9 des dessins, ou encore compos\u00e9 un nuancier de couleurs \u00e0 partir des feuilles mortes collect\u00e9es. Ce moment a permis \u00e0 chacun de se connecter \u00e0 la nature tout en m\u00ealant art et science !<\/p>\n\n\n\n<figure class=\"wp-block-gallery has-nested-images columns-default is-cropped wp-block-gallery-6 is-layout-flex wp-block-gallery-is-layout-flex\">\n<figure class=\"wp-block-image size-full\"><img loading=\"lazy\" decoding=\"async\" width=\"800\" height=\"471\" data-id=\"6039\" src=\"http:\/\/blog.creamontblanc.org\/wp-content\/uploads\/2024\/07\/54052859675_83709bf77e_c.jpg\" alt=\"\" class=\"wp-image-6039\" srcset=\"https:\/\/blog.creamontblanc.org\/wp-content\/uploads\/2024\/07\/54052859675_83709bf77e_c.jpg 800w, https:\/\/blog.creamontblanc.org\/wp-content\/uploads\/2024\/07\/54052859675_83709bf77e_c-300x177.jpg 300w, https:\/\/blog.creamontblanc.org\/wp-content\/uploads\/2024\/07\/54052859675_83709bf77e_c-768x452.jpg 768w\" sizes=\"auto, (max-width: 800px) 100vw, 800px\" \/><figcaption class=\"wp-element-caption\">Balade dans la R\u00e9serve Naturelle des Aiguilles Rouges<\/figcaption><\/figure>\n\n\n\n<figure class=\"wp-block-image size-large\"><img loading=\"lazy\" decoding=\"async\" width=\"533\" height=\"800\" data-id=\"6047\" src=\"https:\/\/blog.creamontblanc.org\/wp-content\/uploads\/2024\/07\/54052739799_ba170bf58b_c.jpg\" alt=\"\" class=\"wp-image-6047\" srcset=\"https:\/\/blog.creamontblanc.org\/wp-content\/uploads\/2024\/07\/54052739799_ba170bf58b_c.jpg 533w, https:\/\/blog.creamontblanc.org\/wp-content\/uploads\/2024\/07\/54052739799_ba170bf58b_c-200x300.jpg 200w\" sizes=\"auto, (max-width: 533px) 100vw, 533px\" \/><figcaption class=\"wp-element-caption\">Cascade de B\u00e9rard <\/figcaption><\/figure>\n\n\n\n<figure class=\"wp-block-image size-large\"><img loading=\"lazy\" decoding=\"async\" width=\"800\" height=\"533\" data-id=\"6045\" src=\"https:\/\/blog.creamontblanc.org\/wp-content\/uploads\/2024\/07\/54052414121_faae3c6877_c-1.jpg\" alt=\"\" class=\"wp-image-6045\" srcset=\"https:\/\/blog.creamontblanc.org\/wp-content\/uploads\/2024\/07\/54052414121_faae3c6877_c-1.jpg 800w, https:\/\/blog.creamontblanc.org\/wp-content\/uploads\/2024\/07\/54052414121_faae3c6877_c-1-300x200.jpg 300w, https:\/\/blog.creamontblanc.org\/wp-content\/uploads\/2024\/07\/54052414121_faae3c6877_c-1-768x512.jpg 768w\" sizes=\"auto, (max-width: 800px) 100vw, 800px\" \/><figcaption class=\"wp-element-caption\">Cr\u00e9ation d&rsquo;un nuancier de couleurs avec des feuilles<\/figcaption><\/figure>\n\n\n\n<figure class=\"wp-block-image size-large\"><img loading=\"lazy\" decoding=\"async\" width=\"533\" height=\"800\" data-id=\"6049\" src=\"https:\/\/blog.creamontblanc.org\/wp-content\/uploads\/2024\/07\/54051542057_1c1db6cc01_c.jpg\" alt=\"\" class=\"wp-image-6049\" srcset=\"https:\/\/blog.creamontblanc.org\/wp-content\/uploads\/2024\/07\/54051542057_1c1db6cc01_c.jpg 533w, https:\/\/blog.creamontblanc.org\/wp-content\/uploads\/2024\/07\/54051542057_1c1db6cc01_c-200x300.jpg 200w\" sizes=\"auto, (max-width: 533px) 100vw, 533px\" \/><figcaption class=\"wp-element-caption\">Bloc erratique <\/figcaption><\/figure>\n\n\n\n<figure class=\"wp-block-image size-large\"><img loading=\"lazy\" decoding=\"async\" width=\"1000\" height=\"563\" data-id=\"6055\" src=\"http:\/\/blog.creamontblanc.org\/wp-content\/uploads\/2024\/07\/54052657078_8f727571a2_k-1000x563.jpg\" alt=\"\" class=\"wp-image-6055\" srcset=\"https:\/\/blog.creamontblanc.org\/wp-content\/uploads\/2024\/07\/54052657078_8f727571a2_k-1000x563.jpg 1000w, https:\/\/blog.creamontblanc.org\/wp-content\/uploads\/2024\/07\/54052657078_8f727571a2_k-300x169.jpg 300w, https:\/\/blog.creamontblanc.org\/wp-content\/uploads\/2024\/07\/54052657078_8f727571a2_k-768x432.jpg 768w, https:\/\/blog.creamontblanc.org\/wp-content\/uploads\/2024\/07\/54052657078_8f727571a2_k-1536x864.jpg 1536w, https:\/\/blog.creamontblanc.org\/wp-content\/uploads\/2024\/07\/54052657078_8f727571a2_k.jpg 2000w\" sizes=\"auto, (max-width: 1000px) 100vw, 1000px\" \/><figcaption class=\"wp-element-caption\">Intervention Ph\u00e9noclim d&rsquo;Enola <\/figcaption><\/figure>\n\n\n\n<figure class=\"wp-block-image size-large\"><img loading=\"lazy\" decoding=\"async\" width=\"595\" height=\"800\" data-id=\"6043\" src=\"https:\/\/blog.creamontblanc.org\/wp-content\/uploads\/2024\/07\/54051542312_89858b1bbd_c.jpg\" alt=\"\" class=\"wp-image-6043\" srcset=\"https:\/\/blog.creamontblanc.org\/wp-content\/uploads\/2024\/07\/54051542312_89858b1bbd_c.jpg 595w, https:\/\/blog.creamontblanc.org\/wp-content\/uploads\/2024\/07\/54051542312_89858b1bbd_c-223x300.jpg 223w\" sizes=\"auto, (max-width: 595px) 100vw, 595px\" \/><figcaption class=\"wp-element-caption\">Fin de sortie sous la pluie <\/figcaption><\/figure>\n<\/figure>\n\n\n\n<p><\/p>\n\n\n\n<p>Nous avons eu \u00e9galement la chance d&rsquo;avoir avec nous Marion Guitteny (Conservatrice des R\u00e9serves Naturelles des Aiguilles Rouges, chez Asters CEN74) ainsi que Jolan B\u00e9rard (Animateur nature pour la Communaut\u00e9 de Communes de la Vall\u00e9e de Chamonix Mont-Blanc), qui ont apport\u00e9 de nombreux t\u00e9moignages et informations sur les paysages et les esp\u00e8ces qui nous entouraient, ainsi que sur le fonctionnement et la r\u00e9glementation des r\u00e9serves naturelles. Leurs interventions ont vraiment suscit\u00e9 l&rsquo;enthousiasme et la curiosit\u00e9 des participants, les incitant \u00e0 s&rsquo;interroger davantage sur la biodiversit\u00e9 locale et l&rsquo;importance de pr\u00e9server ces espaces naturels.<\/p>\n\n\n\n<figure class=\"wp-block-gallery has-nested-images columns-default is-cropped wp-block-gallery-7 is-layout-flex wp-block-gallery-is-layout-flex\">\n<figure class=\"wp-block-image size-large\"><img loading=\"lazy\" decoding=\"async\" width=\"800\" height=\"600\" data-id=\"6033\" src=\"https:\/\/blog.creamontblanc.org\/wp-content\/uploads\/2024\/07\/54054954875_c059a099f4_c.jpg\" alt=\"\" class=\"wp-image-6033\" srcset=\"https:\/\/blog.creamontblanc.org\/wp-content\/uploads\/2024\/07\/54054954875_c059a099f4_c.jpg 800w, https:\/\/blog.creamontblanc.org\/wp-content\/uploads\/2024\/07\/54054954875_c059a099f4_c-300x225.jpg 300w, https:\/\/blog.creamontblanc.org\/wp-content\/uploads\/2024\/07\/54054954875_c059a099f4_c-768x576.jpg 768w\" sizes=\"auto, (max-width: 800px) 100vw, 800px\" \/><figcaption class=\"wp-element-caption\">Intervention de Marion sur la R\u00e9serve Naturelle du Vallon de B\u00e9rard<\/figcaption><\/figure>\n\n\n\n<figure class=\"wp-block-image size-large\"><img loading=\"lazy\" decoding=\"async\" width=\"800\" height=\"533\" data-id=\"6035\" src=\"https:\/\/blog.creamontblanc.org\/wp-content\/uploads\/2024\/07\/54051542792_7b512bf377_c.jpg\" alt=\"\" class=\"wp-image-6035\" srcset=\"https:\/\/blog.creamontblanc.org\/wp-content\/uploads\/2024\/07\/54051542792_7b512bf377_c.jpg 800w, https:\/\/blog.creamontblanc.org\/wp-content\/uploads\/2024\/07\/54051542792_7b512bf377_c-300x200.jpg 300w, https:\/\/blog.creamontblanc.org\/wp-content\/uploads\/2024\/07\/54051542792_7b512bf377_c-768x512.jpg 768w\" sizes=\"auto, (max-width: 800px) 100vw, 800px\" \/><figcaption class=\"wp-element-caption\">Jolan donnant des anecdotes sur le sorbier des oiseleurs <\/figcaption><\/figure>\n<\/figure>\n\n\n\n<h3 class=\"wp-block-heading\">On a souffl\u00e9 les bougies pour l&rsquo;occasion ! \ud83c\udf82<\/h3>\n\n\n\n<p>En fin de journ\u00e9e, nous avons eu la chance de pouvoir rentrer au chaud dans le Chalet de Col des Montets pour rassembler toutes les cr\u00e9ations et trouvailles de la journ\u00e9e. Nous avons soigneusement scell\u00e9 toutes ces contributions dans notre malle temporelle, qui sera r\u00e9ouverte dans 20 ans pour que les futures g\u00e9n\u00e9rations puissent d\u00e9couvrir notre engagement et notre cr\u00e9ativit\u00e9 d&rsquo;aujourd&rsquo;hui. Ce sera une belle fa\u00e7on de t\u00e9moigner de notre histoire et de l&rsquo;\u00e9volution de ce beau projet Ph\u00e9noclim au fil du temps !<\/p>\n\n\n\n<p>Enfin, nous avons souffl\u00e9 les bougies de ces 20 ans, et d\u00e9gust\u00e9 tous ensemble des bons g\u00e2teaux d&rsquo;anniversaire bien m\u00e9rit\u00e9s ! \ud83c\udf70<\/p>\n\n\n\n<figure class=\"wp-block-gallery has-nested-images columns-default is-cropped wp-block-gallery-8 is-layout-flex wp-block-gallery-is-layout-flex\">\n<figure class=\"wp-block-image size-large\"><img loading=\"lazy\" decoding=\"async\" width=\"600\" height=\"800\" data-id=\"6021\" src=\"https:\/\/blog.creamontblanc.org\/wp-content\/uploads\/2024\/07\/54052859195_a3bffe3b04_c.jpg\" alt=\"\" class=\"wp-image-6021\" srcset=\"https:\/\/blog.creamontblanc.org\/wp-content\/uploads\/2024\/07\/54052859195_a3bffe3b04_c.jpg 600w, https:\/\/blog.creamontblanc.org\/wp-content\/uploads\/2024\/07\/54052859195_a3bffe3b04_c-225x300.jpg 225w\" sizes=\"auto, (max-width: 600px) 100vw, 600px\" \/><figcaption class=\"wp-element-caption\">Cr\u00e9ations r\u00e9alis\u00e9es pendant la balade<\/figcaption><\/figure>\n\n\n\n<figure class=\"wp-block-image size-large\"><img loading=\"lazy\" decoding=\"async\" width=\"600\" height=\"800\" data-id=\"6024\" src=\"https:\/\/blog.creamontblanc.org\/wp-content\/uploads\/2024\/07\/54054751143_acfbfe1e39_c.jpg\" alt=\"\" class=\"wp-image-6024\" srcset=\"https:\/\/blog.creamontblanc.org\/wp-content\/uploads\/2024\/07\/54054751143_acfbfe1e39_c.jpg 600w, https:\/\/blog.creamontblanc.org\/wp-content\/uploads\/2024\/07\/54054751143_acfbfe1e39_c-225x300.jpg 225w\" sizes=\"auto, (max-width: 600px) 100vw, 600px\" \/><figcaption class=\"wp-element-caption\">Tous r\u00e9unis devant le Chalet du Col <\/figcaption><\/figure>\n\n\n\n<figure class=\"wp-block-image size-large\"><img loading=\"lazy\" decoding=\"async\" width=\"800\" height=\"600\" data-id=\"6026\" src=\"https:\/\/blog.creamontblanc.org\/wp-content\/uploads\/2024\/07\/54054507646_98032c7b87_c.jpg\" alt=\"\" class=\"wp-image-6026\" srcset=\"https:\/\/blog.creamontblanc.org\/wp-content\/uploads\/2024\/07\/54054507646_98032c7b87_c.jpg 800w, https:\/\/blog.creamontblanc.org\/wp-content\/uploads\/2024\/07\/54054507646_98032c7b87_c-300x225.jpg 300w, https:\/\/blog.creamontblanc.org\/wp-content\/uploads\/2024\/07\/54054507646_98032c7b87_c-768x576.jpg 768w\" sizes=\"auto, (max-width: 800px) 100vw, 800px\" \/><figcaption class=\"wp-element-caption\">Enola &amp; Anne soufflant les 20 bougies de cet anniversaire<\/figcaption><\/figure>\n<\/figure>\n\n\n\n<p><\/p>\n\n\n\n<h3 class=\"wp-block-heading\">Un grand merci \u00e0 tous pour ce week-end de f\u00eate ! \ud83d\ude4f<\/h3>\n\n\n\n<p>Nous avons \u00e9t\u00e9 ravis de vous compter parmi nous pour c\u00e9l\u00e9brer ensemble ces ann\u00e9es de recherches, de partenariats et de d\u00e9vouement en faveur de notre environnement. Nous tenons \u00e0 remercier chaleureusement tous les intervenants de ce week-end, sans qui rien n\u2019aurait \u00e9t\u00e9 possible, ainsi que nos relais qui se sont pleinement investis dans ce beau projet.<\/p>\n\n\n\n<p>Et enfin, un grand merci \u00e9galement aux b\u00e9n\u00e9voles pr\u00e9sents et aux participants pour leur enthousiasme et leur engagement ! En esp\u00e9rant vous retrouver tr\u00e8s vite \u00e0 nos prochains \u00e9v\u00e9nements ! Restez connect\u00e9s\u2026<\/p>\n\n\n\n<p><em>Un \u00e9v\u00e8nement du minist\u00e8re de l\u2019Enseignement sup\u00e9rieur et de la Recherche<\/em>. <br><em>Retrouvez la programmation d\u00e9partementale compl\u00e8te en <a href=\"https:\/\/www.fetedelascience-aura.com\/haute-savoie\/\" target=\"_blank\" rel=\"noopener\" title=\"ligne\">ligne<\/a><\/em>.<\/p>\n\n\n\n<p><\/p>\n\n\n\n<figure class=\"wp-block-image size-full is-resized\"><img loading=\"lazy\" decoding=\"async\" width=\"1303\" height=\"144\" src=\"https:\/\/blog.creamontblanc.org\/wp-content\/uploads\/2024\/07\/Capture-decran-2024-09-04-123852.png\" alt=\"\" class=\"wp-image-5833\" style=\"width:837px;height:auto\" srcset=\"https:\/\/blog.creamontblanc.org\/wp-content\/uploads\/2024\/07\/Capture-decran-2024-09-04-123852.png 1303w, https:\/\/blog.creamontblanc.org\/wp-content\/uploads\/2024\/07\/Capture-decran-2024-09-04-123852-300x33.png 300w, https:\/\/blog.creamontblanc.org\/wp-content\/uploads\/2024\/07\/Capture-decran-2024-09-04-123852-1000x111.png 1000w, https:\/\/blog.creamontblanc.org\/wp-content\/uploads\/2024\/07\/Capture-decran-2024-09-04-123852-768x85.png 768w\" sizes=\"auto, (max-width: 1303px) 100vw, 1303px\" \/><\/figure>\n","protected":false},"excerpt":{"rendered":"<p>\ud83c\udf42Ph\u00e9noclim, le plus ancien programme de sciences participatives de l&rsquo;ONG, a f\u00eat\u00e9 son 20\u00e8me anniversaire cette ann\u00e9e ! Une belle occasion de revenir sur les accomplissements r\u00e9alis\u00e9s et d\u2019imaginer l\u2019avenir ensemble\ud83c\udf42 En 2004, le CREA Mont-Blanc lan\u00e7ait son premier programme &hellip; <a href=\"https:\/\/blog.creamontblanc.org?p=5692\">Lire la suite\u00ad\u00ad<\/a><\/p>\n","protected":false},"author":28,"featured_media":5938,"comment_status":"open","ping_status":"open","sticky":false,"template":"","format":"standard","meta":{"_monsterinsights_skip_tracking":false,"_monsterinsights_sitenote_active":false,"_monsterinsights_sitenote_note":"","_monsterinsights_sitenote_category":0,"ngg_post_thumbnail":0,"footnotes":""},"categories":[31,5],"tags":[340,46,12,339],"class_list":["post-5692","post","type-post","status-publish","format-standard","has-post-thumbnail","hentry","category-sciences-participatives","category-vie-association","tag-celebration","tag-phenoclim","tag-rencontre","tag-sciences-participatives"],"aioseo_notices":[],"amp_enabled":true,"_links":{"self":[{"href":"https:\/\/blog.creamontblanc.org\/index.php?rest_route=\/wp\/v2\/posts\/5692","targetHints":{"allow":["GET"]}}],"collection":[{"href":"https:\/\/blog.creamontblanc.org\/index.php?rest_route=\/wp\/v2\/posts"}],"about":[{"href":"https:\/\/blog.creamontblanc.org\/index.php?rest_route=\/wp\/v2\/types\/post"}],"author":[{"embeddable":true,"href":"https:\/\/blog.creamontblanc.org\/index.php?rest_route=\/wp\/v2\/users\/28"}],"replies":[{"embeddable":true,"href":"https:\/\/blog.creamontblanc.org\/index.php?rest_route=%2Fwp%2Fv2%2Fcomments&post=5692"}],"version-history":[{"count":88,"href":"https:\/\/blog.creamontblanc.org\/index.php?rest_route=\/wp\/v2\/posts\/5692\/revisions"}],"predecessor-version":[{"id":6072,"href":"https:\/\/blog.creamontblanc.org\/index.php?rest_route=\/wp\/v2\/posts\/5692\/revisions\/6072"}],"wp:featuredmedia":[{"embeddable":true,"href":"https:\/\/blog.creamontblanc.org\/index.php?rest_route=\/wp\/v2\/media\/5938"}],"wp:attachment":[{"href":"https:\/\/blog.creamontblanc.org\/index.php?rest_route=%2Fwp%2Fv2%2Fmedia&parent=5692"}],"wp:term":[{"taxonomy":"category","embeddable":true,"href":"https:\/\/blog.creamontblanc.org\/index.php?rest_route=%2Fwp%2Fv2%2Fcategories&post=5692"},{"taxonomy":"post_tag","embeddable":true,"href":"https:\/\/blog.creamontblanc.org\/index.php?rest_route=%2Fwp%2Fv2%2Ftags&post=5692"}],"curies":[{"name":"wp","href":"https:\/\/api.w.org\/{rel}","templated":true}]}}