{"id":566,"date":"2017-06-20T13:52:05","date_gmt":"2017-06-20T12:52:05","guid":{"rendered":"http:\/\/blog.creamontblanc.org\/?p=566"},"modified":"2018-02-01T12:16:31","modified_gmt":"2018-02-01T11:16:31","slug":"fin-de-saison-phenoclim-2017","status":"publish","type":"post","link":"https:\/\/blog.creamontblanc.org?p=566","title":{"rendered":"Fin de saison Ph\u00e9noclim 2017"},"content":{"rendered":"<p><strong>Le printemps touche bient\u00f4t \u00e0 sa fin tandis que l&rsquo;\u00e9t\u00e9 arrive \u00e0 grand pas. Il est temps de faire le bilan des observations participatives Ph\u00e9noclim et de remercier tous les b\u00e9n\u00e9voles qui ont contribu\u00e9 \u00e0 r\u00e9colter toutes les pr\u00e9cieuses donn\u00e9es n\u00e9cessaires \u00e0 la recherche scientifique.<\/strong><!--more--><\/p>\n<p>&nbsp;<\/p>\n<figure id=\"attachment_573\" class=\"thumbnail wp-caption aligncenter\" style=\"width: 1000px\"><a href=\"http:\/\/blog.creamontblanc.org\/?attachment_id=573\" rel=\"attachment wp-att-573\"><img loading=\"lazy\" decoding=\"async\" class=\"size-full wp-image-573\" src=\"http:\/\/blog.creamontblanc.org\/wp-content\/uploads\/2017\/06\/news_11_meleze_web.jpg\" alt=\"Fin des phases ph\u00e9nologiques de printemps pour ce m\u00e9l\u00e8ze \u00a9 CREA Mont-Blanc \" width=\"1000\" height=\"500\" \/><\/a><figcaption class=\"caption wp-caption-text\"><em><strong>Fin des phases ph\u00e9nologiques de printemps pour ce m\u00e9l\u00e8ze<\/strong> \u00a9 CREA Mont-Blanc<\/em><\/figcaption><\/figure>\n<p>&nbsp;<\/p>\n<p>La saison des observations de printemps se termine : MERCI \u00e0 tous les b\u00e9n\u00e9voles qui ont particip\u00e9 aux suivis de l&rsquo;enneigement, de la flore et de la faune. Nous adressons nos f\u00e9licitations \u00e0 tous les contributeurs avec une mention sp\u00e9ciale \u00e0 l&rsquo;\u00e9cole d&rsquo;Izeron qui r\u00e9colte des donn\u00e9es depuis 13 ans d\u00e9j\u00e0 et \u00e0 Lysiane qui est b\u00e9n\u00e9vole active depuis 11 ans ! Nous remercions aussi bien \u00e9videmment les autres cat\u00e9gories de participants : espaces prot\u00e9g\u00e9s, centres de d\u00e9couverte, professionnels et autres structures (mairie, associations..) sur qui nous pouvons compter d&rsquo;une ann\u00e9e \u00e0 l&rsquo;autre depuis le lancement du programme Ph\u00e9noclim en 2004.<\/p>\n<p>&nbsp;<\/p>\n<figure id=\"attachment_571\" class=\"thumbnail wp-caption aligncenter\" style=\"width: 2366px\"><a href=\"http:\/\/blog.creamontblanc.org\/?attachment_id=571\" rel=\"attachment wp-att-571\"><img loading=\"lazy\" decoding=\"async\" class=\"size-full wp-image-571\" src=\"http:\/\/blog.creamontblanc.org\/wp-content\/uploads\/2017\/06\/news_12_podiums.png\" alt=\"Observateurs Ph\u00e9noclim 2017\" width=\"2366\" height=\"574\" \/><\/a><figcaption class=\"caption wp-caption-text\"><em><strong>Observateurs Ph\u00e9noclim 2017<\/strong><\/em><\/figcaption><\/figure>\n<p>&nbsp;<\/p>\n<p>Certaines essences ont \u00e9t\u00e9 plus observ\u00e9es que l&rsquo;an dernier quand d&rsquo;autres l&rsquo;ont moins \u00e9t\u00e9&#8230; Le nombre total d&rsquo;observations est donc similaire \u00e0 2016. Vous en saurez plus sur les donn\u00e9es et leur exploitation dans le bilan scientifique \u00e0 suivre tr\u00e8s prochainement.<\/p>\n<h4>De nouveaux observateurs dans la communaut\u00e9 des sciences participatives<\/h4>\n<p>La carte des observateurs Ph\u00e9noclim actifs en 2017 s\u2019enrichit d&rsquo;une dizaine de nouveaux venus (en jaune) : la communaut\u00e9 s&rsquo;agrandit en France, en Suisse et en Italie.<\/p>\n<p>&nbsp;<\/p>\n<figure id=\"attachment_572\" class=\"thumbnail wp-caption aligncenter\" style=\"width: 679px\"><a href=\"http:\/\/blog.creamontblanc.org\/?attachment_id=572\" rel=\"attachment wp-att-572\"><img loading=\"lazy\" decoding=\"async\" class=\" wp-image-572\" src=\"http:\/\/blog.creamontblanc.org\/wp-content\/uploads\/2017\/06\/news_12_carte_nouveaux_participants_2017.png\" alt=\"Les nouveaux observateurs Ph\u00e9noclim 2017\" width=\"679\" height=\"607\" \/><\/a><figcaption class=\"caption wp-caption-text\"><em><strong>Les nouveaux observateurs Ph\u00e9noclim 2017<\/strong><\/em><\/figcaption><\/figure>\n<h4>Il n&rsquo;est pas trop tard pour contribuer<\/h4>\n<p>Pour ceux n&rsquo;ayant pas saisi leurs relev\u00e9s, il est encore temps de le faire via votre espace personnel ou l&rsquo;application. Les chercheurs ont besoin d&rsquo;un maximum de donn\u00e9es pour pouvoir construire le bilan saisonnier.<\/p>\n<h4>Les autres protocoles pour l&rsquo;\u00e9t\u00e9<\/h4>\n<p>L&rsquo;\u00e9t\u00e9 est souvent une p\u00e9riode moins charg\u00e9e pour les b\u00e9n\u00e9voles Ph\u00e9noclim car il n&rsquo;y a plus d&rsquo;observations ph\u00e9nologiques \u00e0 faire sur les esp\u00e8ces du protocole. Cependant, il est possible de contribuer au module <a href=\"http:\/\/www.atlasmontblanc.org\/fr\/especes-en-live\" target=\"_blank\" rel=\"noopener\">Esp\u00e8ces en Live<\/a> de l&rsquo;<a href=\"http:\/\/atlasmontblanc.org\" target=\"_blank\" rel=\"noopener\">Atlas du Mont-Blanc<\/a> qui permet d&rsquo;enregistrer ses observations animales et v\u00e9g\u00e9tales tout au long de l&rsquo;ann\u00e9e : triton alpestre, chamois, gypa\u00e8te barbu, vip\u00e8re aspic, renoncule des glaciers, entre autres. Ces donn\u00e9es, r\u00e9colt\u00e9es de fa\u00e7on simple lors de balades estivales dans la nature, sont pr\u00e9cieuses pour les scientifiques.<\/p>\n<p>Pour aller plus loin et continuer \u00e0 collecter des donn\u00e9es pendant l&rsquo;\u00e9t\u00e9, il est possible de rejoindre les <a href=\"http:\/\/creamontblanc.org\/fr\/missions-recherche\" target=\"_blank\" rel=\"noopener\">missions de volontariat scientifique<\/a> \u00e0 Chamonix ou les Op\u00e9rations coup-de-main en week-end (il reste des places pour l&rsquo;<a href=\"http:\/\/creamontblanc.org\/fr\/operation-trient\" target=\"_blank\" rel=\"noopener\">Op\u00e9ration Coup-de-main de septembre<\/a>). Ces sorties de terrain permettent de mieux comprendre le travail des chercheurs sur le changement climatique en montagne en participant aux travaux en cours.<\/p>\n<h4>La saison automnale se pr\u00e9pare d\u00e9j\u00e0<\/h4>\n<p>La saison de printemps s&rsquo;ach\u00e8ve mais le programme Ph\u00e9noclim perdure. Les observations automnales d\u00e9marreront au mois d&rsquo;ao\u00fbt et l&rsquo;\u00e9t\u00e9 peut \u00eatre l&rsquo;occasion, pour les \u00e9coles ou structures p\u00e9riscolaires notamment, de pr\u00e9parer une entr\u00e9e dans la communaut\u00e9 des sciences participatives en septembre prochain.<\/p>\n<p>Alors n&rsquo;h\u00e9sitez pas \u00e0 relayer l&rsquo;information, et \u00e0 nous contacter pour vous lancer&#8230; Nous comptons sur vous pour faire grandir ce programme.<\/p>\n<p>&nbsp;<\/p>\n<p>R\u00e9daction : Anne Brasselet<\/p>\n<hr \/>\n<p>Pour en savoir plus, visitez le site <a href=\"http:\/\/phenoclim.org\" target=\"_blank\" rel=\"noopener\">Ph\u00e9noclim<\/a> ou <a href=\"http:\/\/creamontblanc.org\/fr\/content\/contacts\" target=\"_blank\" rel=\"noopener\">contactez-nous<\/a><\/p>\n","protected":false},"excerpt":{"rendered":"<p>Le printemps touche bient\u00f4t \u00e0 sa fin tandis que l&rsquo;\u00e9t\u00e9 arrive \u00e0 grand pas. Il est temps de faire le bilan des observations participatives Ph\u00e9noclim et de remercier tous les b\u00e9n\u00e9voles qui ont contribu\u00e9 \u00e0 r\u00e9colter toutes les pr\u00e9cieuses donn\u00e9es &hellip; <a href=\"https:\/\/blog.creamontblanc.org?p=566\">Lire la suite\u00ad\u00ad<\/a><\/p>\n","protected":false},"author":5,"featured_media":573,"comment_status":"open","ping_status":"open","sticky":false,"template":"","format":"standard","meta":{"_monsterinsights_skip_tracking":false,"_monsterinsights_sitenote_active":false,"_monsterinsights_sitenote_note":"","_monsterinsights_sitenote_category":0,"ngg_post_thumbnail":0,"footnotes":""},"categories":[31],"tags":[44,46,35,38,59],"class_list":["post-566","post","type-post","status-publish","format-standard","has-post-thumbnail","hentry","category-sciences-participatives","tag-benevolat","tag-phenoclim","tag-phenologie","tag-science-participative","tag-volontariat"],"aioseo_notices":[],"amp_enabled":true,"_links":{"self":[{"href":"https:\/\/blog.creamontblanc.org\/index.php?rest_route=\/wp\/v2\/posts\/566","targetHints":{"allow":["GET"]}}],"collection":[{"href":"https:\/\/blog.creamontblanc.org\/index.php?rest_route=\/wp\/v2\/posts"}],"about":[{"href":"https:\/\/blog.creamontblanc.org\/index.php?rest_route=\/wp\/v2\/types\/post"}],"author":[{"embeddable":true,"href":"https:\/\/blog.creamontblanc.org\/index.php?rest_route=\/wp\/v2\/users\/5"}],"replies":[{"embeddable":true,"href":"https:\/\/blog.creamontblanc.org\/index.php?rest_route=%2Fwp%2Fv2%2Fcomments&post=566"}],"version-history":[{"count":3,"href":"https:\/\/blog.creamontblanc.org\/index.php?rest_route=\/wp\/v2\/posts\/566\/revisions"}],"predecessor-version":[{"id":1071,"href":"https:\/\/blog.creamontblanc.org\/index.php?rest_route=\/wp\/v2\/posts\/566\/revisions\/1071"}],"wp:featuredmedia":[{"embeddable":true,"href":"https:\/\/blog.creamontblanc.org\/index.php?rest_route=\/wp\/v2\/media\/573"}],"wp:attachment":[{"href":"https:\/\/blog.creamontblanc.org\/index.php?rest_route=%2Fwp%2Fv2%2Fmedia&parent=566"}],"wp:term":[{"taxonomy":"category","embeddable":true,"href":"https:\/\/blog.creamontblanc.org\/index.php?rest_route=%2Fwp%2Fv2%2Fcategories&post=566"},{"taxonomy":"post_tag","embeddable":true,"href":"https:\/\/blog.creamontblanc.org\/index.php?rest_route=%2Fwp%2Fv2%2Ftags&post=566"}],"curies":[{"name":"wp","href":"https:\/\/api.w.org\/{rel}","templated":true}]}}