{"id":5590,"date":"2024-06-12T12:42:09","date_gmt":"2024-06-12T11:42:09","guid":{"rendered":"https:\/\/blog.creamontblanc.org?p=5590"},"modified":"2024-06-28T19:15:13","modified_gmt":"2024-06-28T18:15:13","slug":"sortir-sur-le-terrain-avec-le-crea","status":"publish","type":"post","link":"https:\/\/blog.creamontblanc.org?p=5590","title":{"rendered":"Sortir sur le terrain avec le CREA"},"content":{"rendered":"\n<blockquote class=\"wp-block-quote is-layout-flow wp-block-quote-is-layout-flow\">\n<p><em>\u00ab\u00a0L&rsquo;interaction de l&rsquo;humanit\u00e9 avec les \u00e9cosyst\u00e8mes du monde comporte une dimension perceptive consid\u00e9rable\u00a0\u00bb, \u00e9crivait Daniel Janzen en 2001. <\/em>Il ajoutait : <em>\u00ab\u00a0Nous agissons en fonction de ce que nous percevons\u00a0\u00bb<\/em>.<\/p>\n<\/blockquote>\n\n\n\n<p>Participer aux sorties du CREA, quelle que soit la m\u00e9t\u00e9o, c&rsquo;est cr\u00e9er l&rsquo;occasion d&rsquo;en apprendre davantage sur le vivant qui nous entoure en montagne. C&rsquo;est aussi l&rsquo;opportunit\u00e9 de s&rsquo;ouvrir \u00e0 une perception plus fine des individus pr\u00e9sents tout autour de nous, au cours de la promenade. Pour participer, <a href=\"https:\/\/spot.creamontblanc.org\/contact\" target=\"_blank\" rel=\"noopener\" title=\"\">contactez-nous<\/a>.<\/p>\n\n\n\n<p>Lundi 10 juin, les b\u00e9n\u00e9voles disponibles et motiv\u00e9s de la vall\u00e9e de Chamonix qui souhaitaient participer aux investigations scientifiques men\u00e9es par les chercheurs du CREA Mont-Blanc ont eu l&rsquo;opportunit\u00e9 de venir d\u00e9couvrir, revoir, \u00e9prouver, ou montrer des protocoles de sciences participatives, dont ils sont bien souvent les premiers experts. La sortie de sciences participatives se d\u00e9roulait sur le site de Loriaz, une zone d&rsquo;\u00e9tude situ\u00e9e dans la vall\u00e9e de Chamonix-Mont-Blanc, <a href=\"https:\/\/www.chamonix.com\/activites\/randonnees\/itineraires-de-randonnees\/alpage-de-loriaz-depuis-le-couteray\" target=\"_blank\" rel=\"noopener\" title=\"\">ais\u00e9ment accessible \u00e0 pied<\/a>, malgr\u00e9 ses quelques 750m de d\u00e9nivel\u00e9.<\/p>\n\n\n\n<figure class=\"wp-block-image size-large is-style-default\"><img loading=\"lazy\" decoding=\"async\" width=\"993\" height=\"1000\" src=\"https:\/\/blog.creamontblanc.org\/wp-content\/uploads\/2024\/06\/IMG-20240610-WA0031-EDIT-993x1000.jpg\" alt=\"Grenouille rousse \u00e9mergeant d'une mare d'altitude \u00e0 Loriaz, 1950m d'altitude. \" class=\"wp-image-5592\" style=\"aspect-ratio:1;object-fit:cover\" srcset=\"https:\/\/blog.creamontblanc.org\/wp-content\/uploads\/2024\/06\/IMG-20240610-WA0031-EDIT-993x1000.jpg 993w, https:\/\/blog.creamontblanc.org\/wp-content\/uploads\/2024\/06\/IMG-20240610-WA0031-EDIT-298x300.jpg 298w, https:\/\/blog.creamontblanc.org\/wp-content\/uploads\/2024\/06\/IMG-20240610-WA0031-EDIT-150x150.jpg 150w, https:\/\/blog.creamontblanc.org\/wp-content\/uploads\/2024\/06\/IMG-20240610-WA0031-EDIT-768x773.jpg 768w, https:\/\/blog.creamontblanc.org\/wp-content\/uploads\/2024\/06\/IMG-20240610-WA0031-EDIT-1525x1536.jpg 1525w, https:\/\/blog.creamontblanc.org\/wp-content\/uploads\/2024\/06\/IMG-20240610-WA0031-EDIT.jpg 1589w\" sizes=\"auto, (max-width: 993px) 100vw, 993px\" \/><figcaption class=\"wp-element-caption\">\u00a9Jean-Luc Baqu\u00e9, b\u00e9n\u00e9vole au CREA Mont-Blanc<\/figcaption><\/figure>\n\n\n\n<p><strong>La connaissance \/ la curiosit\u00e9, la sensibilit\u00e9 et l&rsquo;exp\u00e9rience de la nature sont trois leviers puissants qui contribuent \u00e0 la conscience et \u00e0 la pr\u00e9servation du vivant. <\/strong>Dans la mont\u00e9e vers Loriaz, nous avons ainsi fait un petit travail de placement GPS des arbres du <a href=\"https:\/\/spot.creamontblanc.org\/programmes\/phenoclim\" target=\"_blank\" rel=\"noopener\" title=\"\">programme Ph\u00e9noclim<\/a>. Les trois sorbiers, m\u00e9l\u00e8zes et \u00e9pic\u00e9as (ces derniers en plein d\u00e9bourrement, vu l&rsquo;altitude !), sont pr\u00eats pour les relev\u00e9s d&rsquo;observations des prochaines saisons. Je sors mon t\u00e9l\u00e9phone, je regarde mon individu-arbre, et je note son \u00e9tat ph\u00e9nologique. Prochain rendez-vous avec nos sorbiers et m\u00e9l\u00e8zes en automne, donc ! Le CREA surveille l&rsquo;\u00e9volution de la ph\u00e9nologie des arbres en fonction du climat. Les processus s&rsquo;observent au printemps, puis \u00e0 l&rsquo;automne, quand les premiers changements de couleur apparaissent. Pour savoir quelle faire observation faire et \u00e0 quel moment dans le cadre de notre programme Ph\u00e9noclim, consultez le calendrier des saisons <a href=\"https:\/\/spot.creamontblanc.org\/media\/pages\/programmes\/phenoclim\/24a54862ce-1700667909\/2018_calendrier_phenoclim_bd_creamontblanc-4.pdf\" target=\"_blank\" rel=\"noopener\" title=\"\">juste ici<\/a>.<\/p>\n\n\n\n<figure class=\"wp-block-image size-full\"><img loading=\"lazy\" decoding=\"async\" width=\"800\" height=\"600\" src=\"https:\/\/blog.creamontblanc.org\/wp-content\/uploads\/2024\/06\/53786003876_098777d185_c.jpg\" alt=\"\" class=\"wp-image-5597\" srcset=\"https:\/\/blog.creamontblanc.org\/wp-content\/uploads\/2024\/06\/53786003876_098777d185_c.jpg 800w, https:\/\/blog.creamontblanc.org\/wp-content\/uploads\/2024\/06\/53786003876_098777d185_c-300x225.jpg 300w, https:\/\/blog.creamontblanc.org\/wp-content\/uploads\/2024\/06\/53786003876_098777d185_c-768x576.jpg 768w\" sizes=\"auto, (max-width: 800px) 100vw, 800px\" \/><figcaption class=\"wp-element-caption\">CC BY 4.0 CREA Mont-Blanc<\/figcaption><\/figure>\n\n\n\n<p>Deuxi\u00e8me \u00e9tape de notre p\u00e9riple, les mares de Loriaz ! Environ 1950m d&rsquo;altitude. Ici, nous avons pu collectivement nous d\u00e9lecter de l\u2019apparition de grenouilles adultes et de grenouillettes n\u00e9es l&rsquo;an dernier, et des nombreux t\u00eatards \u2013 \u00ab stades 3 \u00bb pour les intimes \u2013 peuplant les cinq mares observables sur ce site. Nous avons ensuite pu rentrer nos observations dans <a href=\"https:\/\/spot.creamontblanc.org\/\" target=\"_blank\" rel=\"noopener\" title=\"\">la plateforme de sciences participatives SPOT<\/a>. Le brouillard faisait un voile tr\u00e8s esth\u00e9tique, propice, sans doute, \u00e0 la sortie des amphibiens !<\/p>\n\n\n\n<figure class=\"wp-block-image size-full\"><img loading=\"lazy\" decoding=\"async\" width=\"800\" height=\"599\" src=\"https:\/\/blog.creamontblanc.org\/wp-content\/uploads\/2024\/06\/53786580559_1e44b91ea9_c.jpg\" alt=\"Observation des mares avec le CREA Mont-Blanc. \" class=\"wp-image-5606\" srcset=\"https:\/\/blog.creamontblanc.org\/wp-content\/uploads\/2024\/06\/53786580559_1e44b91ea9_c.jpg 800w, https:\/\/blog.creamontblanc.org\/wp-content\/uploads\/2024\/06\/53786580559_1e44b91ea9_c-300x225.jpg 300w, https:\/\/blog.creamontblanc.org\/wp-content\/uploads\/2024\/06\/53786580559_1e44b91ea9_c-768x575.jpg 768w\" sizes=\"auto, (max-width: 800px) 100vw, 800px\" \/><figcaption class=\"wp-element-caption\">CC BY 4.0 CREA Mont-Blanc<\/figcaption><\/figure>\n\n\n\n<p>Dans la descente, \u00e0 la faveur des premiers rayons de soleil de l&rsquo;apr\u00e8s-midi, deux programmes tout neufs <em>made in<\/em> CREA Mont-Blanc ont \u00e9t\u00e9 expliqu\u00e9s. Avec <a href=\"https:\/\/creamontblanc.org\/fr\/herbiland-herbivores-landes-montagne\/\" target=\"_blank\" rel=\"noopener\" title=\"\">HerbiLand<\/a>, il s&rsquo;agit de collecter les crottes d&rsquo;ongul\u00e9s sauvages, sur diff\u00e9rents sites : Loriaz, Blaiti\u00e8re et&nbsp;Peclerey. La collecte de ces excr\u00e9ments renseigne les chercheurs sur l&rsquo;\u00e9volution du r\u00e9gime alimentaire et donc sur l&rsquo;\u00e9volution du territoire occup\u00e9 par ces esp\u00e8ces.<\/p>\n\n\n\n<figure class=\"wp-block-image size-full\"><img loading=\"lazy\" decoding=\"async\" width=\"800\" height=\"599\" src=\"https:\/\/blog.creamontblanc.org\/wp-content\/uploads\/2024\/06\/53783215392_138cc41b17_c.jpg\" alt=\"\" class=\"wp-image-5613\" srcset=\"https:\/\/blog.creamontblanc.org\/wp-content\/uploads\/2024\/06\/53783215392_138cc41b17_c.jpg 800w, https:\/\/blog.creamontblanc.org\/wp-content\/uploads\/2024\/06\/53783215392_138cc41b17_c-300x225.jpg 300w, https:\/\/blog.creamontblanc.org\/wp-content\/uploads\/2024\/06\/53783215392_138cc41b17_c-768x575.jpg 768w\" sizes=\"auto, (max-width: 800px) 100vw, 800px\" \/><figcaption class=\"wp-element-caption\">CC BY 4.0 CREA Mont-Blanc &#8211; Le groupe effectue des hypoth\u00e8ses d&rsquo;identification, tandis que Laura Touzot, chercheuse sp\u00e9cialiste de l&rsquo;\u00e9tude des ongul\u00e9s sauvages en milieu de montagne, explique le protocole de relev\u00e9.<\/figcaption><\/figure>\n\n\n\n<p>Enfin, le programme de sciences participatives \u00ab\u00a0<a href=\"https:\/\/spot.creamontblanc.org\/programmes\/floraison-altitude\" target=\"_blank\" rel=\"noopener\" title=\"\">Floraison d&rsquo;altitude<\/a>\u00ab\u00a0. Dernier n\u00e9 de notre \u00e9quipe de recherche, en partenariat avec l&rsquo;INRAE et la chercheuse Isabelle Boulangeat, n\u00e9cessite de compter des myrtilles dans un p\u00e9rim\u00e8tre de 50 cm * 50 cm. Aid\u00e9 de vos b\u00e2tons, en guise de quadrat, \u00e0 genoux dans les parcelles de myrtilles, rep\u00e9rez la bonne esp\u00e8ce et inventoriez les fleurs \/ les fruits ! Plusieurs placettes sont propos\u00e9es dans les alentours du Mont-Blanc. Les donn\u00e9es collect\u00e9es sont mises en relation avec la pr\u00e9sence du bourdon, grand pollinisateur de myrtilles, et en lien avec l&rsquo;\u00e9tude du climat dans la vall\u00e9e.<\/p>\n\n\n\n<figure class=\"wp-block-image size-large\"><img loading=\"lazy\" decoding=\"async\" width=\"1000\" height=\"1000\" src=\"https:\/\/blog.creamontblanc.org\/wp-content\/uploads\/2024\/06\/IMG-20240610-WA0026-1000x1000.jpg\" alt=\"\" class=\"wp-image-5628\" srcset=\"https:\/\/blog.creamontblanc.org\/wp-content\/uploads\/2024\/06\/IMG-20240610-WA0026-1000x1000.jpg 1000w, https:\/\/blog.creamontblanc.org\/wp-content\/uploads\/2024\/06\/IMG-20240610-WA0026-300x300.jpg 300w, https:\/\/blog.creamontblanc.org\/wp-content\/uploads\/2024\/06\/IMG-20240610-WA0026-150x150.jpg 150w, https:\/\/blog.creamontblanc.org\/wp-content\/uploads\/2024\/06\/IMG-20240610-WA0026-768x768.jpg 768w, https:\/\/blog.creamontblanc.org\/wp-content\/uploads\/2024\/06\/IMG-20240610-WA0026-540x540.jpg 540w, https:\/\/blog.creamontblanc.org\/wp-content\/uploads\/2024\/06\/IMG-20240610-WA0026-270x270.jpg 270w, https:\/\/blog.creamontblanc.org\/wp-content\/uploads\/2024\/06\/IMG-20240610-WA0026.jpg 1066w\" sizes=\"auto, (max-width: 1000px) 100vw, 1000px\" \/><figcaption class=\"wp-element-caption\">\u00a9 Jean-Luc Baqu\u00e9<\/figcaption><\/figure>\n\n\n\n<p>Conclusion de la journ\u00e9e : monter \u00e0 Loriaz, quel que soit le temps, admirer ces beaut\u00e9s de la nature, se rendre utile \u00e0 la science et \u00e0 l&rsquo;adaptation aux changements en cours, rire et \u00e9changer, c&rsquo;est ce que l&rsquo;on appelle \u00ab\u00a0lier l&rsquo;utile \u00e0 l&rsquo;agr\u00e9able\u00a0\u00bb, en toute simplicit\u00e9. <\/p>\n\n\n\n<div style=\"height:33px\" aria-hidden=\"true\" class=\"wp-block-spacer\"><\/div>\n\n\n\n<div class=\"wp-block-buttons is-content-justification-center is-layout-flex wp-container-core-buttons-is-layout-16018d1d wp-block-buttons-is-layout-flex\">\n<div class=\"wp-block-button\"><a class=\"wp-block-button__link has-text-align-center wp-element-button\" href=\"https:\/\/spot.creamontblanc.org\/contact\">Je participe \u00e0 la prochaine occasion<\/a><\/div>\n<\/div>\n\n\n\n<div style=\"height:29px\" aria-hidden=\"true\" class=\"wp-block-spacer\"><\/div>\n\n\n\n<figure class=\"wp-block-image size-full is-resized\"><img loading=\"lazy\" decoding=\"async\" width=\"1000\" height=\"560\" src=\"https:\/\/blog.creamontblanc.org\/wp-content\/uploads\/2024\/06\/Bandeau-herbilandspot-web.png\" alt=\"\" class=\"wp-image-5675\" style=\"width:770px;height:auto\" srcset=\"https:\/\/blog.creamontblanc.org\/wp-content\/uploads\/2024\/06\/Bandeau-herbilandspot-web.png 1000w, https:\/\/blog.creamontblanc.org\/wp-content\/uploads\/2024\/06\/Bandeau-herbilandspot-web-300x168.png 300w, https:\/\/blog.creamontblanc.org\/wp-content\/uploads\/2024\/06\/Bandeau-herbilandspot-web-768x430.png 768w\" sizes=\"auto, (max-width: 1000px) 100vw, 1000px\" \/><\/figure>\n\n\n<div class=\"wp-block-image\">\n<figure class=\"aligncenter size-full\"><img decoding=\"async\" src=\"https:\/\/blog.creamontblanc.org\/wp-content\/uploads\/2024\/06\/bandeau-floraison-daltitude.png\" alt=\"\" class=\"wp-image-5679\"\/><\/figure>\n<\/div>","protected":false},"excerpt":{"rendered":"<p>\u00ab\u00a0L&rsquo;interaction de l&rsquo;humanit\u00e9 avec les \u00e9cosyst\u00e8mes du monde comporte une dimension perceptive consid\u00e9rable\u00a0\u00bb, \u00e9crivait Daniel Janzen en 2001. Il ajoutait : \u00ab\u00a0Nous agissons en fonction de ce que nous percevons\u00a0\u00bb. Participer aux sorties du CREA, quelle que soit la m\u00e9t\u00e9o, &hellip; <a href=\"https:\/\/blog.creamontblanc.org?p=5590\">Lire la suite\u00ad\u00ad<\/a><\/p>\n","protected":false},"author":26,"featured_media":5613,"comment_status":"open","ping_status":"open","sticky":false,"template":"","format":"standard","meta":{"_monsterinsights_skip_tracking":false,"_monsterinsights_sitenote_active":false,"_monsterinsights_sitenote_note":"","_monsterinsights_sitenote_category":0,"ngg_post_thumbnail":0,"footnotes":""},"categories":[258,31,48,5],"tags":[44,218,46,12,192,38,59],"class_list":["post-5590","post","type-post","status-publish","format-standard","has-post-thumbnail","hentry","category-actus-passees","category-sciences-participatives","category-sciences-terrain","category-vie-association","tag-benevolat","tag-grenouilles","tag-phenoclim","tag-rencontre","tag-retour-dexperience","tag-science-participative","tag-volontariat"],"aioseo_notices":[],"amp_enabled":true,"_links":{"self":[{"href":"https:\/\/blog.creamontblanc.org\/index.php?rest_route=\/wp\/v2\/posts\/5590","targetHints":{"allow":["GET"]}}],"collection":[{"href":"https:\/\/blog.creamontblanc.org\/index.php?rest_route=\/wp\/v2\/posts"}],"about":[{"href":"https:\/\/blog.creamontblanc.org\/index.php?rest_route=\/wp\/v2\/types\/post"}],"author":[{"embeddable":true,"href":"https:\/\/blog.creamontblanc.org\/index.php?rest_route=\/wp\/v2\/users\/26"}],"replies":[{"embeddable":true,"href":"https:\/\/blog.creamontblanc.org\/index.php?rest_route=%2Fwp%2Fv2%2Fcomments&post=5590"}],"version-history":[{"count":56,"href":"https:\/\/blog.creamontblanc.org\/index.php?rest_route=\/wp\/v2\/posts\/5590\/revisions"}],"predecessor-version":[{"id":5684,"href":"https:\/\/blog.creamontblanc.org\/index.php?rest_route=\/wp\/v2\/posts\/5590\/revisions\/5684"}],"wp:featuredmedia":[{"embeddable":true,"href":"https:\/\/blog.creamontblanc.org\/index.php?rest_route=\/wp\/v2\/media\/5613"}],"wp:attachment":[{"href":"https:\/\/blog.creamontblanc.org\/index.php?rest_route=%2Fwp%2Fv2%2Fmedia&parent=5590"}],"wp:term":[{"taxonomy":"category","embeddable":true,"href":"https:\/\/blog.creamontblanc.org\/index.php?rest_route=%2Fwp%2Fv2%2Fcategories&post=5590"},{"taxonomy":"post_tag","embeddable":true,"href":"https:\/\/blog.creamontblanc.org\/index.php?rest_route=%2Fwp%2Fv2%2Ftags&post=5590"}],"curies":[{"name":"wp","href":"https:\/\/api.w.org\/{rel}","templated":true}]}}