{"id":555,"date":"2017-06-14T12:53:11","date_gmt":"2017-06-14T11:53:11","guid":{"rendered":"http:\/\/blog.creamontblanc.org\/?p=555"},"modified":"2017-10-23T08:57:49","modified_gmt":"2017-10-23T07:57:49","slug":"formation-amm-changement-climatique","status":"publish","type":"post","link":"https:\/\/blog.creamontblanc.org?p=555","title":{"rendered":"Formation AMM Changement climatique"},"content":{"rendered":"<p><strong>Le CREA Mont-Blanc a organis\u00e9 sa premi\u00e8re formation au changement climatique et \u00e0 la biodiversit\u00e9 en montagne \u00e0 destination des Accompagnateurs en Moyenne Montagne. La participation de 23 professionnels de la montagne a mis en \u00e9vidence la forte demande et l\u2019importance de ces formations accessibles \u00e0 tous.<\/strong> <!--more--><\/p>\n<p>&nbsp;<\/p>\n<figure id=\"attachment_559\" class=\"thumbnail wp-caption aligncenter\" style=\"width: 1000px\"><a href=\"http:\/\/blog.creamontblanc.org\/formation-amm-changement-climatique\/20170606_formation_amm_torgnon_arpaccrea_3\/\" rel=\"attachment wp-att-559\"><img loading=\"lazy\" decoding=\"async\" class=\"size-full wp-image-559\" src=\"http:\/\/blog.creamontblanc.org\/wp-content\/uploads\/2017\/06\/20170606_formation_AMM_Torgnon_ARPAcCREA_3.jpg\" alt=\"Formation des Accompagnateurs en Moyenne Montagne \u00e0 Torgnon (IT) sur le site de suivi du changement climatique de l'ARPA \u00a9 CREA Mont-Blanc \" width=\"1000\" height=\"500\" \/><\/a><figcaption class=\"caption wp-caption-text\"><em><strong>Formation des Accompagnateurs en Moyenne Montagne \u00e0 Torgnon (IT) sur le site de suivi du changement climatique de l&rsquo;ARPA<\/strong> \u00a9 CREA Mont-Blanc<\/em><\/figcaption><\/figure>\n<p>&nbsp;<\/p>\n<p>Les 7 et 8 juin 2017, le CREA Mont-Blanc a form\u00e9 16 Accompagnateurs en Moyenne Montagne (AMM) fran\u00e7ais et 7 accompagnateurs italiens au fonctionnement de la biodiversit\u00e9 en altitude et \u00e0 l\u2019impact du changement climatique en montagne directement sur le terrain.<\/p>\n<h4>Une formation sur la biodiversit\u00e9 en montagne en France et en Italie<\/h4>\n<p>Les Accompagnateurs en Moyenne Montagne, aux profils et aux pratiques vari\u00e9s, ont pu d\u00e9couvrir en compagnie d\u2019Anne Delestrade (chercheure \u00e9cologue et directrice du CREA Mont-Blanc) et Irene Alvarez (directrice des programmes et Accompagnatrice en Moyenne Montagne) tout ce que la recherche scientifique peut apporter aux professionnels de la montagne et \u00e0 leurs clients. Une journ\u00e9e en France et une journ\u00e9e en Italie ont permis de faire un \u00e9tat des lieux de ces th\u00e9matiques \u00e0 grande \u00e9chelle.<\/p>\n<h4>Une formation sp\u00e9cialis\u00e9e pour les Accompagnateurs en Moyenne Montagne (AMM)<\/h4>\n<p>Une premi\u00e8re matin\u00e9e a \u00e9t\u00e9 d\u00e9di\u00e9e aux apprentissages de base sur ce qu\u2019est le changement climatique \u00e0 l\u2019\u00e9chelle plan\u00e9taire et les enjeux sur la biodiversit\u00e9 en montagne \u00e0 Torgnon (IT). En partant d\u2019exemples concrets, comme la <a href=\"http:\/\/www.atlasmontblanc.org\/fr\/repartition-des-especes\" target=\"_blank\" rel=\"noopener\">r\u00e9partition de l\u2019\u00e9pic\u00e9a<\/a>, les accompagnateurs ont pu mieux comprendre les logiques qui r\u00e9gissent les \u00e9cosyst\u00e8mes de montagne et les diff\u00e9rents param\u00e8tres qui entrent en jeu face au changement climatique.<\/p>\n<p>Aux c\u00f4t\u00e9s des chercheurs du CREA Mont-Blanc et de l&rsquo;Agence r\u00e9gionale pour la protection de l\u2019environnement (ARPA), ils ont d\u00e9couvert que le changement climatique est un m\u00e9canisme beaucoup plus complexe et nuanc\u00e9 qu\u2019ils ne l\u2019imaginaient, avec de nombreuses interactions \u00e9tudi\u00e9es sur le long terme par des chercheurs internationaux.<\/p>\n<div id=\"kad-wp-gallery55\" class=\"kad-wp-gallery kad-light-wp-gallery clearfix kt-gallery-column-3 rowtight\"><div class=\"tcol-lg-4 tcol-md-4 tcol-sm-4 tcol-xs-6 tcol-ss-12 g_item\"><div class=\"grid_item kad_gallery_fade_in gallery_item\"><a href=\"https:\/\/blog.creamontblanc.org\/wp-content\/uploads\/2017\/06\/20170606_formation_AMM_Torgnon_ARPAcCREA_1.jpg\" data-rel=\"lightbox\" class=\"lightboxhover\"><img loading=\"lazy\" decoding=\"async\" src=\"https:\/\/blog.creamontblanc.org\/wp-content\/uploads\/2017\/06\/20170606_formation_AMM_Torgnon_ARPAcCREA_1-400x400.jpg\" width=\"400\" height=\"400\" alt=\"Suivi des pelouses alpines - Formation des Accompagnateurs en Moyenne Montagne \u00e0 Torgnon (IT) sur le site de suivi du changement climatique de l&#039;ARPA \u00a9 CREA Mont-Blanc \"  class=\"light-dropshaddow\"\/><\/a><\/div><\/div><div class=\"tcol-lg-4 tcol-md-4 tcol-sm-4 tcol-xs-6 tcol-ss-12 g_item\"><div class=\"grid_item kad_gallery_fade_in gallery_item\"><a href=\"https:\/\/blog.creamontblanc.org\/wp-content\/uploads\/2017\/06\/20170606_formation_AMM_Torgnon_ARPAcCREA_2.jpg\" data-rel=\"lightbox\" class=\"lightboxhover\"><img loading=\"lazy\" decoding=\"async\" src=\"https:\/\/blog.creamontblanc.org\/wp-content\/uploads\/2017\/06\/20170606_formation_AMM_Torgnon_ARPAcCREA_2-400x400.jpg\" width=\"400\" height=\"400\" alt=\"Suivi des for\u00eats de m\u00e9l\u00e8zes - Formation des Accompagnateurs en Moyenne Montagne \u00e0 Torgnon (IT) sur le site de suivi du changement climatique de l&#039;ARPA \u00a9 CREA Mont-Blanc \"  class=\"light-dropshaddow\"\/><\/a><\/div><\/div><\/div>\n<h4>Une formation au changement climatique in\u00e9dite \u00e0 Chamonix et en Italie<\/h4>\n<p>Face aux questions des clients, soit de plus en plus pointues et cibl\u00e9es face au changement climatique, soit tr\u00e8s sceptiques, la demande de formation est grandissante. Les Accompagnateurs en Moyenne Montagne doivent chercher l&rsquo;information et les arguments scientifiques par eux m\u00eames, un travail fastidieux. La formation propos\u00e9e avec le CREA Mont-Blanc vise ainsi \u00e0 faciliter l&rsquo;appropriation de ces questions par les accompagnateurs, relais de connaissances vers le grand public.<\/p>\n<h4>Des outils pour mieux comprendre le changement climatique<\/h4>\n<p>La formation propos\u00e9e par le CREA Mont-Blanc a permis aux Accompagnateurs en Moyenne Montagne de mieux comprendre le fonctionnement des milieux naturels qui les entourent et de tester et de discuter des ressources et outils que le CREA Mont-Blanc peut mettre \u00e0 disposition, supports de randonn\u00e9es et exemples concrets.<\/p>\n<p>Les Accompagnateurs en Moyenne Montagne les plus int\u00e9ress\u00e9s par ces th\u00e9matiques pourront approfondir le travail d\u00e9but\u00e9 pendant la formation gr\u00e2ce aux supports de l\u2019<a href=\"http:\/\/atlasmontblanc.org\" target=\"_blank\" rel=\"noopener\">Atlas du Mont-Blanc<\/a> et proposer \u00e0 leurs clients de participer directement aux <a href=\"http:\/\/creamontblanc.org\/fr\/nos-programmes-participatifs\" target=\"_blank\" rel=\"noopener\">protocoles de sciences citoyennes<\/a> du CREA Mont-Blanc.<\/p>\n<p>La formation, gratuite pour les Accompagnateurs en Moyenne Montagne, a \u00e9t\u00e9 financ\u00e9e sur fonds europ\u00e9ens dans le cadre du projet <a href=\"http:\/\/creamontblanc.org\/fr\/le-projet-tourscience\" target=\"_blank\" rel=\"noopener\">TourScience<\/a>.<\/p>\n<p>&nbsp;<\/p>\n<p>R\u00e9daction : Charlotte Mader<\/p>\n<hr \/>\n<p>Pour en savoir plus sur nos formations, <a href=\"http:\/\/creamontblanc.org\/fr\/content\/contacts\" target=\"_blank\" rel=\"noopener\">contactez-nous<\/a><\/p>\n","protected":false},"excerpt":{"rendered":"<p>Le CREA Mont-Blanc a organis\u00e9 sa premi\u00e8re formation au changement climatique et \u00e0 la biodiversit\u00e9 en montagne \u00e0 destination des Accompagnateurs en Moyenne Montagne. La participation de 23 professionnels de la montagne a mis en \u00e9vidence la forte demande et &hellip; <a href=\"https:\/\/blog.creamontblanc.org?p=555\">Lire la suite\u00ad\u00ad<\/a><\/p>\n","protected":false},"author":5,"featured_media":559,"comment_status":"open","ping_status":"open","sticky":false,"template":"","format":"standard","meta":{"_monsterinsights_skip_tracking":false,"_monsterinsights_sitenote_active":false,"_monsterinsights_sitenote_note":"","_monsterinsights_sitenote_category":0,"ngg_post_thumbnail":0,"footnotes":""},"categories":[31],"tags":[71,72,20,61,74,10,70,73,27,18,12,38],"class_list":["post-555","post","type-post","status-publish","format-standard","has-post-thumbnail","hentry","category-sciences-participatives","tag-accompagnateur-en-moyenne-montagne","tag-amm","tag-atlas-du-mont-blanc","tag-chamonix","tag-changement-climatique","tag-climat","tag-formation","tag-guide-de-haute-montagne","tag-mont-blanc","tag-recherche","tag-rencontre","tag-science-participative"],"aioseo_notices":[],"amp_enabled":true,"_links":{"self":[{"href":"https:\/\/blog.creamontblanc.org\/index.php?rest_route=\/wp\/v2\/posts\/555","targetHints":{"allow":["GET"]}}],"collection":[{"href":"https:\/\/blog.creamontblanc.org\/index.php?rest_route=\/wp\/v2\/posts"}],"about":[{"href":"https:\/\/blog.creamontblanc.org\/index.php?rest_route=\/wp\/v2\/types\/post"}],"author":[{"embeddable":true,"href":"https:\/\/blog.creamontblanc.org\/index.php?rest_route=\/wp\/v2\/users\/5"}],"replies":[{"embeddable":true,"href":"https:\/\/blog.creamontblanc.org\/index.php?rest_route=%2Fwp%2Fv2%2Fcomments&post=555"}],"version-history":[{"count":10,"href":"https:\/\/blog.creamontblanc.org\/index.php?rest_route=\/wp\/v2\/posts\/555\/revisions"}],"predecessor-version":[{"id":859,"href":"https:\/\/blog.creamontblanc.org\/index.php?rest_route=\/wp\/v2\/posts\/555\/revisions\/859"}],"wp:featuredmedia":[{"embeddable":true,"href":"https:\/\/blog.creamontblanc.org\/index.php?rest_route=\/wp\/v2\/media\/559"}],"wp:attachment":[{"href":"https:\/\/blog.creamontblanc.org\/index.php?rest_route=%2Fwp%2Fv2%2Fmedia&parent=555"}],"wp:term":[{"taxonomy":"category","embeddable":true,"href":"https:\/\/blog.creamontblanc.org\/index.php?rest_route=%2Fwp%2Fv2%2Fcategories&post=555"},{"taxonomy":"post_tag","embeddable":true,"href":"https:\/\/blog.creamontblanc.org\/index.php?rest_route=%2Fwp%2Fv2%2Ftags&post=555"}],"curies":[{"name":"wp","href":"https:\/\/api.w.org\/{rel}","templated":true}]}}