{"id":5536,"date":"2024-05-24T13:27:05","date_gmt":"2024-05-24T12:27:05","guid":{"rendered":"https:\/\/blog.creamontblanc.org?p=5536"},"modified":"2024-05-27T08:52:54","modified_gmt":"2024-05-27T07:52:54","slug":"formation-de-nos-relais-2024","status":"publish","type":"post","link":"https:\/\/blog.creamontblanc.org?p=5536","title":{"rendered":"Formation de nos accompagnateurs relais 2024"},"content":{"rendered":"\n<figure class=\"wp-block-image size-full\"><img loading=\"lazy\" decoding=\"async\" width=\"800\" height=\"534\" src=\"http:\/\/blog.creamontblanc.org\/wp-content\/uploads\/2024\/05\/crea-formation-AMM-2024.jpg\" alt=\"des accompagnateurs moyenne montagne autour d'une mare suivie par le CREA\" class=\"wp-image-5537\" srcset=\"https:\/\/blog.creamontblanc.org\/wp-content\/uploads\/2024\/05\/crea-formation-AMM-2024.jpg 800w, https:\/\/blog.creamontblanc.org\/wp-content\/uploads\/2024\/05\/crea-formation-AMM-2024-300x200.jpg 300w, https:\/\/blog.creamontblanc.org\/wp-content\/uploads\/2024\/05\/crea-formation-AMM-2024-768x513.jpg 768w\" sizes=\"auto, (max-width: 800px) 100vw, 800px\" \/><figcaption class=\"wp-element-caption\">Des Accompagnateurs en Moyenne Montagne, futurs relais, autour d&rsquo;une mare suivie par le CREA.<\/figcaption><\/figure>\n\n\n\n<p><\/p>\n\n\n\n<div class=\"wp-block-media-text alignwide has-media-on-the-right is-stacked-on-mobile\"><div class=\"wp-block-media-text__content\">\n<p>Ce 15 mai dernier, l&rsquo;\u00e9quipe du CREA Mont-Blanc a eu l&rsquo;honneur de recevoir 20 Accompagnateurs en Moyenne Montagne et quelques guides de haute montagne, pour une exp\u00e9rience de terrain et des \u00e9changes autour de la science participative en montagne. \u00c0 l&rsquo;heure de l&rsquo;\u00e9co-tourisme et au moment o\u00f9 chacun d\u00e9couvre l&rsquo;importance de resserrer ses liens avec le vivant, notre public d&rsquo;AMM \u00e9tait fort motiv\u00e9, et n&rsquo;a pas h\u00e9sit\u00e9 \u00e0 braver les quelques gouttes de pluie qui ont \u00e9gay\u00e9 notre parcours.<\/p>\n<\/div><figure class=\"wp-block-media-text__media\"><img loading=\"lazy\" decoding=\"async\" width=\"1000\" height=\"667\" src=\"http:\/\/blog.creamontblanc.org\/wp-content\/uploads\/2024\/05\/pluie-AMM-CREA-Mont-Blanc.jpg\" alt=\"\" class=\"wp-image-5543 size-full\" srcset=\"https:\/\/blog.creamontblanc.org\/wp-content\/uploads\/2024\/05\/pluie-AMM-CREA-Mont-Blanc.jpg 1000w, https:\/\/blog.creamontblanc.org\/wp-content\/uploads\/2024\/05\/pluie-AMM-CREA-Mont-Blanc-300x200.jpg 300w, https:\/\/blog.creamontblanc.org\/wp-content\/uploads\/2024\/05\/pluie-AMM-CREA-Mont-Blanc-768x512.jpg 768w\" sizes=\"auto, (max-width: 1000px) 100vw, 1000px\" \/><\/figure><\/div>\n\n\n\n<div style=\"height:30px\" aria-hidden=\"true\" class=\"wp-block-spacer\"><\/div>\n\n\n\n<p>Le CREA Mont-Blanc forme des personnes-relais, capables d&rsquo;accompagner des groupes ou des personnes souhaitant enrichir leurs connaissances des milieux de montagne, des esp\u00e8ces qui y cohabitent, et\/ou souhaitant contribuer \u00e0 ce d\u00e9veloppement des connaissances. La formation CREA permet de devenir un relai officiel. Elle a lieu sur deux journ\u00e9es par an : une journ\u00e9e au printemps, une journ\u00e9e en automne, afin de faire le bilan des mises en pratiques et d&rsquo;\u00e9changer autour des protocoles de science participative qui ont \u00e9t\u00e9 test\u00e9s.<\/p>\n\n\n\n<p>Cette fois-ci, nous avons \u00e9voqu\u00e9 et test\u00e9 les programmes de science participative que sont Compte-Pontes, Ph\u00e9noclim et HerbiLand. Nous avons aussi \u00e9voqu\u00e9 le beau programme exigeant \u00ab\u00a0Flore Verticale\u00a0\u00bb. Pour en savoir plus sur le d\u00e9tail de ces programmes, cliquez <a href=\"https:\/\/spot.creamontblanc.org\/\" title=\"ici\">ici<\/a>. La plateforme SPOT est \u00e0 elle seule un guide, un manuel d&rsquo;utilisation et un outil qui permet de nous faire parvenir des donn\u00e9es scientifiques relev\u00e9es sur le terrain. <\/p>\n\n\n\n<div class=\"wp-block-buttons alignwide is-content-justification-center is-layout-flex wp-container-core-buttons-is-layout-28206b41 wp-block-buttons-is-layout-flex\">\n<div class=\"wp-block-button\"><a class=\"wp-block-button__link has-text-align-center wp-element-button\" href=\"https:\/\/spot.creamontblanc.org\/communaute\">Voir nos relais de Science Participative<\/a><\/div>\n<\/div>\n\n\n\n<p>Vous aussi, vous souhaitez devenir un relai du CREA, dans le cadre de votre activit\u00e9 professionnelle ? Contactez-nous par email et nous nous ferons un plaisir de vous r\u00e9pondre. <\/p>\n\n\n\n<p class=\"has-text-align-center\">Merci \u00e0 toutes les personnes qui ont particip\u00e9 \u00e0 cette belle journ\u00e9e. Merci pour votre enthousiasme, votre bonne humeur, et votre envie de participer. Merci \u00e0 l&rsquo;office de tourisme de Vallorcine, \u00e0 la Vall\u00e9e de Chamonix Mont-Blanc de nous avoir accueillis dans ses locaux.<\/p>\n","protected":false},"excerpt":{"rendered":"<p>Le CREA Mont-Blanc forme des personnes-relais, capables d&rsquo;accompagner des groupes ou des personnes souhaitant enrichir leurs connaissances des milieux de montagne, des esp\u00e8ces qui y cohabitent, et\/ou souhaitant contribuer \u00e0 ce d\u00e9veloppement des connaissances.<\/p>\n","protected":false},"author":26,"featured_media":5565,"comment_status":"open","ping_status":"open","sticky":false,"template":"","format":"standard","meta":{"_monsterinsights_skip_tracking":false,"_monsterinsights_sitenote_active":false,"_monsterinsights_sitenote_note":"","_monsterinsights_sitenote_category":0,"ngg_post_thumbnail":0,"footnotes":""},"categories":[258,31,48,5],"tags":[12,38],"class_list":["post-5536","post","type-post","status-publish","format-standard","has-post-thumbnail","hentry","category-actus-passees","category-sciences-participatives","category-sciences-terrain","category-vie-association","tag-rencontre","tag-science-participative"],"aioseo_notices":[],"amp_enabled":true,"_links":{"self":[{"href":"https:\/\/blog.creamontblanc.org\/index.php?rest_route=\/wp\/v2\/posts\/5536","targetHints":{"allow":["GET"]}}],"collection":[{"href":"https:\/\/blog.creamontblanc.org\/index.php?rest_route=\/wp\/v2\/posts"}],"about":[{"href":"https:\/\/blog.creamontblanc.org\/index.php?rest_route=\/wp\/v2\/types\/post"}],"author":[{"embeddable":true,"href":"https:\/\/blog.creamontblanc.org\/index.php?rest_route=\/wp\/v2\/users\/26"}],"replies":[{"embeddable":true,"href":"https:\/\/blog.creamontblanc.org\/index.php?rest_route=%2Fwp%2Fv2%2Fcomments&post=5536"}],"version-history":[{"count":20,"href":"https:\/\/blog.creamontblanc.org\/index.php?rest_route=\/wp\/v2\/posts\/5536\/revisions"}],"predecessor-version":[{"id":5570,"href":"https:\/\/blog.creamontblanc.org\/index.php?rest_route=\/wp\/v2\/posts\/5536\/revisions\/5570"}],"wp:featuredmedia":[{"embeddable":true,"href":"https:\/\/blog.creamontblanc.org\/index.php?rest_route=\/wp\/v2\/media\/5565"}],"wp:attachment":[{"href":"https:\/\/blog.creamontblanc.org\/index.php?rest_route=%2Fwp%2Fv2%2Fmedia&parent=5536"}],"wp:term":[{"taxonomy":"category","embeddable":true,"href":"https:\/\/blog.creamontblanc.org\/index.php?rest_route=%2Fwp%2Fv2%2Fcategories&post=5536"},{"taxonomy":"post_tag","embeddable":true,"href":"https:\/\/blog.creamontblanc.org\/index.php?rest_route=%2Fwp%2Fv2%2Ftags&post=5536"}],"curies":[{"name":"wp","href":"https:\/\/api.w.org\/{rel}","templated":true}]}}