{"id":550,"date":"2017-05-04T09:49:11","date_gmt":"2017-05-04T08:49:11","guid":{"rendered":"http:\/\/blog.creamontblanc.org\/?p=550"},"modified":"2017-09-05T09:59:02","modified_gmt":"2017-09-05T08:59:02","slug":"assemblee-generale-2017-2","status":"publish","type":"post","link":"https:\/\/blog.creamontblanc.org?p=550","title":{"rendered":"Assembl\u00e9e g\u00e9n\u00e9rale 2017"},"content":{"rendered":"<p><strong>Ce mardi 2 mai 2017 a eu lieu l&rsquo;Assembl\u00e9e g\u00e9n\u00e9rale annuelle du CREA Mont-Blanc. Une quarantaine de personnes, rassembl\u00e9es au Mont-Blanc Base Camp dans les locaux de notre partenaire Blue Ice aux Houches, ont fait le bilan des projets 2016 et ont \u00e9chang\u00e9 sur les initiatives 2017.<\/strong> <!--more--><\/p>\n<p>&nbsp;<\/p>\n<figure id=\"attachment_551\" class=\"thumbnail wp-caption aligncenter\" style=\"width: 1000px\"><a href=\"http:\/\/blog.creamontblanc.org\/?attachment_id=551\" rel=\"attachment wp-att-551\"><img loading=\"lazy\" decoding=\"async\" class=\"size-full wp-image-551\" src=\"http:\/\/blog.creamontblanc.org\/wp-content\/uploads\/2017\/06\/2017_equipe.png\" alt=\"L'\u00e9quipe du CREA Mont-Blanc et une partie du conseil d'administration rassembl\u00e9s \u00e0 l'AG 2017\" width=\"1000\" height=\"500\"><\/a><figcaption class=\"caption wp-caption-text\"><em><strong>L&rsquo;\u00e9quipe du CREA Mont-Blanc et une partie du conseil d&rsquo;administration rassembl\u00e9s \u00e0 l&rsquo;AG 2017<\/strong><\/em><\/figcaption><\/figure>\n<p>&nbsp;<\/p>\n<p>Le mardi 2 mai 2017 \u00e0 18h30 a eu lieu l&rsquo;assembl\u00e9e g\u00e9n\u00e9rale annuelle du CREA Mont-Blanc. Toute l&rsquo;\u00e9quipe ainsi qu&rsquo;une partie du conseil d&rsquo;administration, de nombreux partenaires et membres de la communaut\u00e9 d&rsquo;observateurs, de b\u00e9n\u00e9voles et de volontaires \u00e9taient pr\u00e9sents pour faire le bilan des projets de l&rsquo;ann\u00e9e 2016 et \u00e9changer sur les initiatives du CREA Mont-Blanc.<\/p>\n<p>Chaque membre de l&rsquo;\u00e9quipe a pr\u00e9sent\u00e9 l&rsquo;un de ses projets en cours afin de faire part \u00e0 l&rsquo;assembl\u00e9e des initiatives marquantes de 2017, comme les travaux de recherche en t\u00e9l\u00e9d\u00e9tection, l\u2019installation de nouveaux outils de mesure sur le terrain (pi\u00e8ges photo, webcam), les <a href=\"http:\/\/creamontblanc.org\/fr\/missions-recherche\" target=\"_blank\" rel=\"noopener\">missions de volontariat scientifique<\/a>, l&rsquo;accueil d&rsquo;\u00e9tudiants am\u00e9ricains ou le <a href=\"http:\/\/creamontblanc.org\/fr\/mont-blanc-lab\" target=\"_blank\" rel=\"noopener\">Mont-Blanc Lab<\/a>.<\/p>\n<p>La soir\u00e9e s&rsquo;est achev\u00e9e autour d&rsquo;un buffet convivial pr\u00e9par\u00e9 par l&rsquo;\u00e9quipe du CREA Mont-Blanc. Une quarantaine de personnes ont ainsi pu \u00e9changer et d\u00e9couvrir comment il est possible de s&rsquo;investir aux c\u00f4t\u00e9s des chercheurs du CREA Mont-Blanc \u00e0 Chamonix et en zone de montagne : de l&rsquo;<a href=\"http:\/\/creamontblanc.org\/fr\/adherer\" target=\"_blank\" rel=\"noopener\">adh\u00e9sion<\/a> \u00e0 la participation aux \u00e9v\u00e8nements en passant par le <a href=\"http:\/\/creamontblanc.org\/fr\/devenir-mecene\" target=\"_blank\" rel=\"noopener\">m\u00e9c\u00e9nat<\/a> ou l&rsquo;engagement en tant que <a href=\"http:\/\/creamontblanc.org\/fr\/devenir-benevole\" target=\"_blank\" rel=\"noopener\">b\u00e9n\u00e9vole<\/a> ou <a href=\"http:\/\/creamontblanc.org\/fr\/devenir-observateur\" target=\"_blank\" rel=\"noopener\">observateur<\/a>.<\/p>\n<p>Pour en savoir plus sur les contenus de l&rsquo;AG, retrouvez le <a href=\"http:\/\/creamontblanc.org\/sites\/default\/files\/atoms\/files\/2017_cr_ag_creamontblanc_1.pdf\" target=\"_blank\" rel=\"noopener\">Compte-rendu de l&rsquo;AG 2017<\/a> sur le site Internet du CREA Mont-Blanc.<\/p>\n<p>&nbsp;<\/p>\n<p>Pour nous soutenir <a href=\"http:\/\/creamontblanc.org\/fr\/adherer\" target=\"_blank\" rel=\"noopener\">ADH\u00c9REZ<\/a> au CREA Mont-Blanc.<\/p>\n<p>&nbsp;<\/p>\n<p>R\u00e9daction : Charlotte Mader<\/p>\n","protected":false},"excerpt":{"rendered":"<p>Ce mardi 2 mai 2017 a eu lieu l&rsquo;Assembl\u00e9e g\u00e9n\u00e9rale annuelle du CREA Mont-Blanc. Une quarantaine de personnes, rassembl\u00e9es au Mont-Blanc Base Camp dans les locaux de notre partenaire Blue Ice aux Houches, ont fait le bilan des projets 2016 &hellip; <a href=\"https:\/\/blog.creamontblanc.org?p=550\">Lire la suite\u00ad\u00ad<\/a><\/p>\n","protected":false},"author":5,"featured_media":551,"comment_status":"open","ping_status":"open","sticky":false,"template":"","format":"standard","meta":{"_monsterinsights_skip_tracking":false,"_monsterinsights_sitenote_active":false,"_monsterinsights_sitenote_note":"","_monsterinsights_sitenote_category":0,"ngg_post_thumbnail":0,"footnotes":""},"categories":[5],"tags":[106,107,108,44,61,27,12,38,105,59,100],"class_list":["post-550","post","type-post","status-publish","format-standard","has-post-thumbnail","hentry","category-vie-association","tag-assemblee-generale","tag-association","tag-association-nature","tag-benevolat","tag-chamonix","tag-mont-blanc","tag-rencontre","tag-science-participative","tag-vie-associative","tag-volontariat","tag-volontariat-scientifique"],"aioseo_notices":[],"amp_enabled":true,"_links":{"self":[{"href":"https:\/\/blog.creamontblanc.org\/index.php?rest_route=\/wp\/v2\/posts\/550","targetHints":{"allow":["GET"]}}],"collection":[{"href":"https:\/\/blog.creamontblanc.org\/index.php?rest_route=\/wp\/v2\/posts"}],"about":[{"href":"https:\/\/blog.creamontblanc.org\/index.php?rest_route=\/wp\/v2\/types\/post"}],"author":[{"embeddable":true,"href":"https:\/\/blog.creamontblanc.org\/index.php?rest_route=\/wp\/v2\/users\/5"}],"replies":[{"embeddable":true,"href":"https:\/\/blog.creamontblanc.org\/index.php?rest_route=%2Fwp%2Fv2%2Fcomments&post=550"}],"version-history":[{"count":6,"href":"https:\/\/blog.creamontblanc.org\/index.php?rest_route=\/wp\/v2\/posts\/550\/revisions"}],"predecessor-version":[{"id":805,"href":"https:\/\/blog.creamontblanc.org\/index.php?rest_route=\/wp\/v2\/posts\/550\/revisions\/805"}],"wp:featuredmedia":[{"embeddable":true,"href":"https:\/\/blog.creamontblanc.org\/index.php?rest_route=\/wp\/v2\/media\/551"}],"wp:attachment":[{"href":"https:\/\/blog.creamontblanc.org\/index.php?rest_route=%2Fwp%2Fv2%2Fmedia&parent=550"}],"wp:term":[{"taxonomy":"category","embeddable":true,"href":"https:\/\/blog.creamontblanc.org\/index.php?rest_route=%2Fwp%2Fv2%2Fcategories&post=550"},{"taxonomy":"post_tag","embeddable":true,"href":"https:\/\/blog.creamontblanc.org\/index.php?rest_route=%2Fwp%2Fv2%2Ftags&post=550"}],"curies":[{"name":"wp","href":"https:\/\/api.w.org\/{rel}","templated":true}]}}