{"id":5466,"date":"2024-04-15T09:52:09","date_gmt":"2024-04-15T08:52:09","guid":{"rendered":"https:\/\/blog.creamontblanc.org?p=5466"},"modified":"2024-06-03T11:01:48","modified_gmt":"2024-06-03T10:01:48","slug":"vous-etes-invite-a-feter-la-belle-saison-des-sciences-participatives","status":"publish","type":"post","link":"https:\/\/blog.creamontblanc.org?p=5466","title":{"rendered":"Ap\u00e9ro Science Participative !  | Lundi 13 mai, de 17h \u00e0 19h"},"content":{"rendered":"\n<p><\/p>\n\n\n\n<figure class=\"wp-block-image size-full\"><img loading=\"lazy\" decoding=\"async\" width=\"1000\" height=\"565\" src=\"https:\/\/blog.creamontblanc.org\/wp-content\/uploads\/2024\/04\/en-tete-benevole-science-participative-crea.jpg\" alt=\"\u00a9 \u00c9mile Joyeux - CREA Mont-Blanc - SPozzi\nHerbivore sauvage - fleurs d'altitude - observateurs b\u00e9n\u00e9voles - s'engager pour le vivant - \u00e9cologie - participation\" class=\"wp-image-5476\" srcset=\"https:\/\/blog.creamontblanc.org\/wp-content\/uploads\/2024\/04\/en-tete-benevole-science-participative-crea.jpg 1000w, https:\/\/blog.creamontblanc.org\/wp-content\/uploads\/2024\/04\/en-tete-benevole-science-participative-crea-300x170.jpg 300w, https:\/\/blog.creamontblanc.org\/wp-content\/uploads\/2024\/04\/en-tete-benevole-science-participative-crea-768x434.jpg 768w\" sizes=\"auto, (max-width: 1000px) 100vw, 1000px\" \/><\/figure>\n\n\n\n<p class=\"has-small-font-size\"><em>\u00a9 \u00c9mile Joyeux<\/em> &#8211; CREA Mont-Blanc &#8211; SPozzi<\/p>\n\n\n\n<div style=\"height:18px\" aria-hidden=\"true\" class=\"wp-block-spacer\"><\/div>\n\n\n\n<h2 class=\"wp-block-heading has-text-align-center has-text-color has-link-color has-medium-font-size wp-elements-daa87cb23bdae38a5a57bfc77cb5828a\" style=\"color:#00afd3\">Vous \u00eates invit\u00e9 \u00e0 f\u00eater la Belle saison des Sciences Participatives ! | <strong>Le 13 mai 2024, de 17h \u00e0 19h, au <a href=\"https:\/\/maps.app.goo.gl\/nt6QiDTy7hZe6Wrw5\" target=\"_blank\" rel=\"noopener\" title=\"\">Chalet de la R\u00e9serve des Aiguilles Rouges au col des Montets<\/a><\/strong>,<\/h2>\n\n\n\n<!--more-->\n\n\n\n<div class=\"wp-block-group is-vertical is-layout-flex wp-container-core-group-is-layout-8cf370e7 wp-block-group-is-layout-flex\">\n<p class=\"has-medium-font-size\" id=\"lire-la-suite\">Venez d\u00e9couvrir les <a href=\"https:\/\/spot.creamontblanc.org\/\" target=\"_blank\" rel=\"noopener\" title=\"\">diff\u00e9rentes missions possibles <\/a>pour aider les chercheurs \u00e0 r\u00e9colter des donn\u00e9es pour l\u2019\u00e9tude de la biodiversit\u00e9 de montagne. <\/p>\n\n\n\n<p class=\"has-medium-font-size\">Venez partager vos exp\u00e9riences d\u2019observateur chevronn\u00e9 !&nbsp;<\/p>\n\n\n\n<p class=\"has-medium-font-size\">Afin de c\u00e9l\u00e9brer ensemble l\u2019arriv\u00e9e du printemps, et \u00e9galement le d\u00e9but de la belle saison des programmes de science participative que nous menons au CREA, nous vous invitons \u00e0 nous r\u00e9unir autour d\u2019un verre !&nbsp;<\/p>\n\n\n\n<p class=\"has-medium-font-size\">Tous les b\u00e9n\u00e9voles de notre communaut\u00e9, toutes les personnes d\u00e9sireuses de participer \u00e0 leur tour, ou tout simplement d\u2019en apprendre plus sur nos programmes, sont invit\u00e9s \u00e0 nous rejoindre \u00e0 cette occasion !<\/p>\n\n\n\n<p class=\"has-medium-font-size\">Au CREA, nous disposons de diff\u00e9rents programmes de science participative, que vous pouvez d\u00e9couvrir sur notre plateforme flambant neuve : <a href=\"https:\/\/spot.creamontblanc.org\/\" target=\"_blank\" rel=\"noopener\" title=\"\">https:\/\/spot.creamontblanc.org\/<\/a><\/p>\n\n\n\n<p class=\"has-medium-font-size\">Vous avez des arbres dont vous aimez observer les changements dans votre jardin, inscrivez-vous au programme d&rsquo;observation <a href=\"https:\/\/spot.creamontblanc.org\/programmes\/phenoclim\" target=\"_blank\" rel=\"noopener\" title=\"\">Ph\u00e9noclim<\/a> ! Vous aimez espionner, \u00e0 distance respectueuse, les discr\u00e8tes esp\u00e8ces de haute altitude ? Le programme \u00ab\u00a0<a href=\"https:\/\/spot.creamontblanc.org\/programmes\/belle-rencontre\" target=\"_blank\" rel=\"noopener\" title=\"\">Belle rencontre<\/a>\u00a0\u00bb est fait pour vous. Vous, c&rsquo;est plut\u00f4t les chocards, que vous aimez photographier \u00e0 l&rsquo;occasion d&rsquo;une randonn\u00e9e ? Il y aussi <a href=\"https:\/\/spot.creamontblanc.org\/programmes\/haut-en-couleur\" target=\"_blank\" rel=\"noopener\" title=\"\">de quoi vous satisfaire<\/a> ! Si vous \u00eates alpiniste, nous avons une <a href=\"https:\/\/spot.creamontblanc.org\/programmes\/mission-flore\" target=\"_blank\" rel=\"noopener\" title=\"\">mission sp\u00e9ciale<\/a>, calibr\u00e9e pour votre profil sp\u00e9cifique.<\/p>\n\n\n\n<p class=\"has-medium-font-size\">Un petit nouveau, le programme <a href=\"https:\/\/creamontblanc.org\/fr\/herbiland-herbivores-landes-montagne\/\" target=\"_blank\" rel=\"noopener\" title=\"\">HerbiLand<\/a>, a rejoint cette offre diversifi\u00e9e : il concerne l&rsquo;\u00e9tude de l&rsquo;\u00e9volution des populations des grands herbivores sauvages en fonction de l&rsquo;\u00e9volution de la lande, du climat, et de l&rsquo;activit\u00e9 pastorale et r\u00e9cr\u00e9ative en montagne. Pour participer, il s&rsquo;agit de faire du ramassage de crottes, t\u00e9moins du r\u00e9gime alimentaire et de la pr\u00e9sence de ces herbivores au sein des territoires d&rsquo;altitude.<\/p>\n\n\n\n<div style=\"height:44px\" aria-hidden=\"true\" class=\"wp-block-spacer wp-container-content-442e7b1a\"><\/div>\n\n\n\n<div class=\"wp-block-group is-vertical is-layout-flex wp-container-core-group-is-layout-8cf370e7 wp-block-group-is-layout-flex\">\n<div class=\"wp-block-group is-vertical is-content-justification-center is-layout-flex wp-container-core-group-is-layout-4b2eccd6 wp-block-group-is-layout-flex\">\n<p class=\"has-text-align-left has-medium-font-size\">N\u2019h\u00e9sitez pas \u00e0 nous \u00e9crire pour avoir d\u2019avantage de pr\u00e9cisions ou pour manifester votre envie de participer : <\/p>\n\n\n\n<p class=\"has-text-color has-link-color has-medium-font-size wp-elements-d06333603e313758c44f62855410ad27\" style=\"color:#00afd3\"><strong><a href=\"mailto:mfavier@creamontblanc.org\">mfavier@creamontblanc.org<\/a>&nbsp;<\/strong>| <strong>+33 06 58 22 68 12&nbsp;<\/strong><\/p>\n<\/div>\n<\/div>\n<\/div>\n\n\n\n<div class=\"wp-block-group is-vertical is-layout-flex wp-container-core-group-is-layout-8cf370e7 wp-block-group-is-layout-flex\">\n<div class=\"wp-block-group is-vertical is-layout-flex wp-container-core-group-is-layout-8cf370e7 wp-block-group-is-layout-flex\">\n<p class=\"has-text-color has-link-color has-medium-font-size wp-elements-69e11278afd6b1c67d293b92a1840b03\" style=\"color:#00afd3\"><strong>&gt;&gt;&gt; Une sortie sur le terrain pour vous permettre de d\u00e9couvrir les protocoles et r\u00e9pondre \u00e0 toutes vos questions sera organis\u00e9e par le CREA le 10 juin 2024, 9h-17h !<\/strong><\/p>\n\n\n\n<p class=\"has-text-color has-link-color has-medium-font-size wp-elements-3a5af985fe410198a4b690c41e5ed099\" style=\"color:#00afd3\"><strong>&gt;&gt;&gt; Un temps d&rsquo;\u00e9change en visio sera \u00e9galement pr\u00e9vu pour les personnes indisponibles pour cet \u00e9v\u00e9nement, le 27 mai de 18h \u00e0 19h. Lien de la visioconf\u00e9rence ici :<\/strong><\/p>\n<\/div>\n\n\n\n<p class=\"has-text-align-center has-medium-font-size\"><a href=\"https:\/\/tel.meet\/yhh-rugy-hrt?pin=1976485292146\" target=\"_blank\" rel=\"noopener\" title=\"\">https:\/\/tel.meet\/yhh-rugy-hrt?pin=1976485292146<\/a><\/p>\n\n\n\n<div style=\"height:44px\" aria-hidden=\"true\" class=\"wp-block-spacer wp-container-content-442e7b1a\"><\/div>\n<\/div>\n\n\n\n<p class=\"has-text-align-left has-medium-font-size\"><strong>Merci \u00e0 Alex Bruneau, au Chalet des Aiguilles rouges et \u00e0 la Communaut\u00e9 de Communes de la vall\u00e9e de Chamonix pour leur g\u00e9n\u00e9reuse hospitalit\u00e9 !<\/strong>&nbsp;<\/p>\n\n\n\n<div style=\"height:41px\" aria-hidden=\"true\" class=\"wp-block-spacer\"><\/div>\n\n\n\n<figure class=\"wp-block-image size-large\"><img loading=\"lazy\" decoding=\"async\" width=\"1000\" height=\"560\" src=\"http:\/\/blog.creamontblanc.org\/wp-content\/uploads\/2024\/04\/Bandeau-herbilandspot-1000x560.png\" alt=\"partenaires-SPOT-Herbiland-CREA\" class=\"wp-image-5470\" srcset=\"https:\/\/blog.creamontblanc.org\/wp-content\/uploads\/2024\/04\/Bandeau-herbilandspot-1000x560.png 1000w, https:\/\/blog.creamontblanc.org\/wp-content\/uploads\/2024\/04\/Bandeau-herbilandspot-300x168.png 300w, https:\/\/blog.creamontblanc.org\/wp-content\/uploads\/2024\/04\/Bandeau-herbilandspot-768x430.png 768w, https:\/\/blog.creamontblanc.org\/wp-content\/uploads\/2024\/04\/Bandeau-herbilandspot-1536x860.png 1536w, https:\/\/blog.creamontblanc.org\/wp-content\/uploads\/2024\/04\/Bandeau-herbilandspot.png 2000w\" sizes=\"auto, (max-width: 1000px) 100vw, 1000px\" \/><figcaption class=\"wp-element-caption\">partenaires du CREA Mont-Blanc<\/figcaption><\/figure>\n","protected":false},"excerpt":{"rendered":"<p>\u00a9 \u00c9mile Joyeux &#8211; CREA Mont-Blanc &#8211; SPozzi Vous \u00eates invit\u00e9 \u00e0 f\u00eater la Belle saison des Sciences Participatives ! | Le 13 mai 2024, de 17h \u00e0 19h, au Chalet de la R\u00e9serve des Aiguilles Rouges au col des &hellip; <a href=\"https:\/\/blog.creamontblanc.org?p=5466\">Lire la suite\u00ad\u00ad<\/a><\/p>\n","protected":false},"author":26,"featured_media":5476,"comment_status":"open","ping_status":"open","sticky":false,"template":"","format":"standard","meta":{"_monsterinsights_skip_tracking":false,"_monsterinsights_sitenote_active":false,"_monsterinsights_sitenote_note":"","_monsterinsights_sitenote_category":0,"ngg_post_thumbnail":0,"footnotes":""},"categories":[258,31,48,5],"tags":[335,326,44,11,302,324,46,334,12,38,333],"class_list":["post-5466","post","type-post","status-publish","format-standard","has-post-thumbnail","hentry","category-actus-passees","category-sciences-participatives","category-sciences-terrain","category-vie-association","tag-apero","tag-belle-rencontre","tag-benevolat","tag-evenement","tag-herbiland","tag-mission-flore","tag-phenoclim","tag-programme","tag-rencontre","tag-science-participative","tag-spot"],"aioseo_notices":[],"amp_enabled":true,"_links":{"self":[{"href":"https:\/\/blog.creamontblanc.org\/index.php?rest_route=\/wp\/v2\/posts\/5466","targetHints":{"allow":["GET"]}}],"collection":[{"href":"https:\/\/blog.creamontblanc.org\/index.php?rest_route=\/wp\/v2\/posts"}],"about":[{"href":"https:\/\/blog.creamontblanc.org\/index.php?rest_route=\/wp\/v2\/types\/post"}],"author":[{"embeddable":true,"href":"https:\/\/blog.creamontblanc.org\/index.php?rest_route=\/wp\/v2\/users\/26"}],"replies":[{"embeddable":true,"href":"https:\/\/blog.creamontblanc.org\/index.php?rest_route=%2Fwp%2Fv2%2Fcomments&post=5466"}],"version-history":[{"count":31,"href":"https:\/\/blog.creamontblanc.org\/index.php?rest_route=\/wp\/v2\/posts\/5466\/revisions"}],"predecessor-version":[{"id":5527,"href":"https:\/\/blog.creamontblanc.org\/index.php?rest_route=\/wp\/v2\/posts\/5466\/revisions\/5527"}],"wp:featuredmedia":[{"embeddable":true,"href":"https:\/\/blog.creamontblanc.org\/index.php?rest_route=\/wp\/v2\/media\/5476"}],"wp:attachment":[{"href":"https:\/\/blog.creamontblanc.org\/index.php?rest_route=%2Fwp%2Fv2%2Fmedia&parent=5466"}],"wp:term":[{"taxonomy":"category","embeddable":true,"href":"https:\/\/blog.creamontblanc.org\/index.php?rest_route=%2Fwp%2Fv2%2Fcategories&post=5466"},{"taxonomy":"post_tag","embeddable":true,"href":"https:\/\/blog.creamontblanc.org\/index.php?rest_route=%2Fwp%2Fv2%2Ftags&post=5466"}],"curies":[{"name":"wp","href":"https:\/\/api.w.org\/{rel}","templated":true}]}}