{"id":5452,"date":"2024-04-03T10:44:01","date_gmt":"2024-04-03T09:44:01","guid":{"rendered":"https:\/\/blog.creamontblanc.org?p=5452"},"modified":"2024-05-13T12:24:12","modified_gmt":"2024-05-13T11:24:12","slug":"sciencesandwich-mardi-23-avril-a-partir-de-18h30","status":"publish","type":"post","link":"https:\/\/blog.creamontblanc.org?p=5452","title":{"rendered":"#ScienceSandwich : Mardi 23 avril \u00e0 partir de 18h30"},"content":{"rendered":"\n<h2 class=\"wp-block-heading\">Les refuges de montagne : \u00e0 la crois\u00e9e des enjeux soci\u00e9taux et environnementaux<\/h2>\n\n\n\n<p><strong><em><span style=\"text-decoration: underline;\">Changement de lieu et d&rsquo;heure :<\/span> en raison des travaux actuellement en cours \u00e0 l&rsquo;Observatoire du Mont-Blanc, cette \u00e9dition Science Sandwich aura lieu \u00e0 partir de 18h30 \u00e0 la Maison de forte de Hautetour, situ\u00e9e au 114 Passage Mont Joux \u00e0 Saint-Gervais-les-Bains. Nous remercions chaleureusement le service culturel de Saint-Gervais pour son accueil et pour l&rsquo;organisation !<\/em><\/strong><\/p>\n\n\n\n<figure class=\"wp-block-image size-large is-resized\"><img loading=\"lazy\" decoding=\"async\" width=\"1000\" height=\"665\" src=\"http:\/\/blog.creamontblanc.org\/wp-content\/uploads\/2024\/03\/refuge-remix-pfontana-1000x665.jpg\" alt=\"\" class=\"wp-image-5453\" style=\"width:519px;height:auto\" srcset=\"https:\/\/blog.creamontblanc.org\/wp-content\/uploads\/2024\/03\/refuge-remix-pfontana-1000x665.jpg 1000w, https:\/\/blog.creamontblanc.org\/wp-content\/uploads\/2024\/03\/refuge-remix-pfontana-300x200.jpg 300w, https:\/\/blog.creamontblanc.org\/wp-content\/uploads\/2024\/03\/refuge-remix-pfontana-768x511.jpg 768w, https:\/\/blog.creamontblanc.org\/wp-content\/uploads\/2024\/03\/refuge-remix-pfontana.jpg 1350w\" sizes=\"auto, (max-width: 1000px) 100vw, 1000px\" \/><figcaption class=\"wp-element-caption\">Participants de l&rsquo;\u00e9dition 2023 de l&rsquo;\u00e9v\u00e8nement cr\u00e9atif et collaboratif <a href=\"https:\/\/labexittem.fr\/science-et-societe\/refuge-remix\/\" target=\"_blank\" rel=\"noreferrer noopener\">Refuge Remix<\/a>, photographi\u00e9s par <a href=\"https:\/\/www.instagram.com\/philomene_fontana\/\" target=\"_blank\" rel=\"noopener\" title=\"\">Philom\u00e8ne Fontana<\/a> au dessus du Refuge du Couvercle<\/figcaption><\/figure>\n\n\n\n<p>Dans le cadre de l&rsquo;exposition <a href=\"https:\/\/www.saintgervais.com\/jai-envie\/evenement-et-animation\/agenda\/exposition-refuges-alpins-de-labri-de-fortune-au-tourisme-daltitude-saint-gervais-les-bains-fr-4247561\/\" target=\"_blank\" rel=\"noopener\" title=\"\">Refuges alpins. De l&rsquo;abri de montagne au tourisme d&rsquo;altitude<\/a>, visible \u00e0 la Maison forte de Hautetour jusqu&rsquo;au 24 mai 2024, nous vous proposons un rendez-vous \u00e0 l\u2019heure de l\u2019ap\u00e9ro, dans une \u00e9dition co-organis\u00e9e par le CREA Mont-Blanc, le labex ITTEM, le Conservatoire d\u2019Espaces Naturels Haute-Savoie (Asters) et le service culturel de Saint-Gervais.<\/p>\n\n\n\n<p>Ensemble, nous vous pr\u00e9senterons les programmes mis en place avec les refuges pour inviter touristes, gardiens et professionnels de la montagne \u00e0 contribuer \u00e0 des actions participatives, au service de la connaissance de l\u2019environnement ou pour imaginer \u00e0 quoi ressemblera le refuge de demain, \u00e0 l\u2019\u00e8re de l\u2019Anthropoc\u00e8ne.<\/p>\n\n\n\n<p>Pour animer et guider les \u00e9changes, nous aurons le plaisir d&rsquo;accueillir les intervenants suivants, experts passionn\u00e9s de leur domaine :<\/p>\n\n\n\n<ul class=\"wp-block-list\">\n<li class=\"has-small-font-size\"><strong>Philippe Bourdeau, <\/strong>professeur \u00e9m\u00e9rite \u00e0 l&rsquo;Institut d&rsquo;urbanisme et de g\u00e9ographie alpine de l&rsquo;Universit\u00e9 Grenoble Alpes, coordinateur scientifique du programme Refuges Sentinelles ;<\/li>\n\n\n\n<li class=\"has-small-font-size\"><strong>Marine Lemaire, <\/strong>charg\u00e9e de projets Sports de Nature \u00e0 Asters, conservatoire d&rsquo;espaces naturels de Haute-Savoie ; <\/li>\n\n\n\n<li class=\"has-small-font-size\"><strong>Colin Van Reeth,<\/strong> responsable de la recherche et de la science participative au CREA Mont-Blanc ;<\/li>\n\n\n\n<li class=\"has-small-font-size\"><strong>C\u00e9lia Bonnet-Ligeon, <\/strong>responsable de la diffusion et de la valorisation au CREA Mont-Blanc, co-conceptrice du format de Refuge Remix et animatrice des deux \u00e9ditions pr\u00e9c\u00e9dentes en 2019 et 2023.<\/li>\n<\/ul>\n\n\n\n<p>Ne manquez pas cette opportunit\u00e9 unique de participer \u00e0 une soir\u00e9e alliant r\u00e9flexion, \u00e9changes et convivialit\u00e9 autour d&rsquo;un verre ! Nous vous attendons nombreux \u00e0 la Maison forte de Hautetour, le mardi 23 avril d\u00e8s 18h30.<\/p>\n\n\n\n<figure class=\"wp-block-image size-large is-resized\"><img loading=\"lazy\" decoding=\"async\" width=\"1000\" height=\"306\" src=\"https:\/\/blog.creamontblanc.org\/wp-content\/uploads\/2024\/04\/Capture-de\u0301cran-2024-04-03-a\u0300-11.39.17-1000x306.png\" alt=\"\" class=\"wp-image-5459\" style=\"width:494px;height:auto\" srcset=\"https:\/\/blog.creamontblanc.org\/wp-content\/uploads\/2024\/04\/Capture-de\u0301cran-2024-04-03-a\u0300-11.39.17-1000x306.png 1000w, https:\/\/blog.creamontblanc.org\/wp-content\/uploads\/2024\/04\/Capture-de\u0301cran-2024-04-03-a\u0300-11.39.17-300x92.png 300w, https:\/\/blog.creamontblanc.org\/wp-content\/uploads\/2024\/04\/Capture-de\u0301cran-2024-04-03-a\u0300-11.39.17-768x235.png 768w, https:\/\/blog.creamontblanc.org\/wp-content\/uploads\/2024\/04\/Capture-de\u0301cran-2024-04-03-a\u0300-11.39.17.png 1484w\" sizes=\"auto, (max-width: 1000px) 100vw, 1000px\" \/><\/figure>\n\n\n\n<figure class=\"wp-block-embed is-type-video is-provider-youtube wp-block-embed-youtube wp-embed-aspect-16-9 wp-has-aspect-ratio\"><div class=\"wp-block-embed__wrapper\">\n<iframe loading=\"lazy\" title=\"Science sandwich les refuges de montagne \u00e0 la crois\u00e9e des enjeux soci\u00e9taux et environnementaux\" width=\"500\" height=\"281\" src=\"https:\/\/www.youtube.com\/embed\/y8Hmys4a9B0?feature=oembed\" frameborder=\"0\" allow=\"accelerometer; autoplay; clipboard-write; encrypted-media; gyroscope; picture-in-picture; web-share\" referrerpolicy=\"strict-origin-when-cross-origin\" allowfullscreen><\/iframe>\n<\/div><figcaption class=\"wp-element-caption\">Captation de l&rsquo;\u00e9v\u00e9nement &#8211; merci \u00e0 <a href=\"https:\/\/www.tvmountain.com\/\" target=\"_blank\" rel=\"noopener\" title=\"\">tvmountain<\/a> <\/figcaption><\/figure>\n\n\n\n<h3 class=\"wp-block-heading\">Infos pratiques #ScienceSandwich<\/h3>\n\n\n\n<p><strong><a href=\"https:\/\/blog.creamontblanc.org\/?p=3366\" target=\"_blank\" rel=\"noreferrer noopener\"><em>Science Sandwich<\/em><\/a>&nbsp;du&nbsp;<a href=\"https:\/\/creamontblanc.org\/fr\/\" target=\"_blank\" rel=\"noreferrer noopener\">CREA Mont-Blanc<\/a><\/strong><br>Hors-les-murs \u00e0 la Maison forte de Hautetour &#8211; 114 Passage Mont Joux &#8211; 74170 Saint-Gervais-les-Bains <br>Exceptionnellement \u00e0 l&rsquo;heure de l&rsquo;ap\u00e9ro !<br>Entr\u00e9e libre \u2013 dans la limite des places disponibles<br>\u00c9changes en fran\u00e7ais <br>Les pr\u00e9sentations seront capt\u00e9es par TVMountain et retransmises par le service culturel de Saint-Gervais<br><br>Ne manquez pas ces rencontres mensuelles, plac\u00e9es sous le signe de la d\u00e9couverte et la convivialit\u00e9.&nbsp;<br>Informations sur les prochaines dates dans notre rubrique&nbsp;<a href=\"https:\/\/blog.creamontblanc.org\/?cat=189\" target=\"_blank\" rel=\"noreferrer noopener\">Agenda<\/a><\/p>\n\n\n\n<figure class=\"wp-block-image size-large is-resized\"><img loading=\"lazy\" decoding=\"async\" width=\"1000\" height=\"165\" src=\"http:\/\/blog.creamontblanc.org\/wp-content\/uploads\/2023\/11\/Capture-de\u0301cran-2023-01-25-a\u0300-14.59.00-3-1000x165.png\" alt=\"\" class=\"wp-image-5352\" style=\"width:451px;height:auto\" srcset=\"https:\/\/blog.creamontblanc.org\/wp-content\/uploads\/2023\/11\/Capture-de\u0301cran-2023-01-25-a\u0300-14.59.00-3-1000x165.png 1000w, https:\/\/blog.creamontblanc.org\/wp-content\/uploads\/2023\/11\/Capture-de\u0301cran-2023-01-25-a\u0300-14.59.00-3-300x50.png 300w, https:\/\/blog.creamontblanc.org\/wp-content\/uploads\/2023\/11\/Capture-de\u0301cran-2023-01-25-a\u0300-14.59.00-3-768x127.png 768w, https:\/\/blog.creamontblanc.org\/wp-content\/uploads\/2023\/11\/Capture-de\u0301cran-2023-01-25-a\u0300-14.59.00-3-1536x254.png 1536w, https:\/\/blog.creamontblanc.org\/wp-content\/uploads\/2023\/11\/Capture-de\u0301cran-2023-01-25-a\u0300-14.59.00-3.png 1548w\" sizes=\"auto, (max-width: 1000px) 100vw, 1000px\" \/><\/figure>\n","protected":false},"excerpt":{"rendered":"<p>Les refuges de montagne : \u00e0 la crois\u00e9e des enjeux soci\u00e9taux et environnementaux Changement de lieu et d&rsquo;heure : en raison des travaux actuellement en cours \u00e0 l&rsquo;Observatoire du Mont-Blanc, cette \u00e9dition Science Sandwich aura lieu \u00e0 partir de 18h30 &hellip; <a href=\"https:\/\/blog.creamontblanc.org?p=5452\">Lire la suite\u00ad\u00ad<\/a><\/p>\n","protected":false},"author":25,"featured_media":5453,"comment_status":"open","ping_status":"open","sticky":false,"template":"","format":"standard","meta":{"_monsterinsights_skip_tracking":false,"_monsterinsights_sitenote_active":false,"_monsterinsights_sitenote_note":"","_monsterinsights_sitenote_category":0,"ngg_post_thumbnail":0,"footnotes":""},"categories":[258],"tags":[332,12,38,123],"class_list":["post-5452","post","type-post","status-publish","format-standard","has-post-thumbnail","hentry","category-actus-passees","tag-refuges","tag-rencontre","tag-science-participative","tag-science-sandwich"],"aioseo_notices":[],"amp_enabled":true,"_links":{"self":[{"href":"https:\/\/blog.creamontblanc.org\/index.php?rest_route=\/wp\/v2\/posts\/5452","targetHints":{"allow":["GET"]}}],"collection":[{"href":"https:\/\/blog.creamontblanc.org\/index.php?rest_route=\/wp\/v2\/posts"}],"about":[{"href":"https:\/\/blog.creamontblanc.org\/index.php?rest_route=\/wp\/v2\/types\/post"}],"author":[{"embeddable":true,"href":"https:\/\/blog.creamontblanc.org\/index.php?rest_route=\/wp\/v2\/users\/25"}],"replies":[{"embeddable":true,"href":"https:\/\/blog.creamontblanc.org\/index.php?rest_route=%2Fwp%2Fv2%2Fcomments&post=5452"}],"version-history":[{"count":6,"href":"https:\/\/blog.creamontblanc.org\/index.php?rest_route=\/wp\/v2\/posts\/5452\/revisions"}],"predecessor-version":[{"id":5532,"href":"https:\/\/blog.creamontblanc.org\/index.php?rest_route=\/wp\/v2\/posts\/5452\/revisions\/5532"}],"wp:featuredmedia":[{"embeddable":true,"href":"https:\/\/blog.creamontblanc.org\/index.php?rest_route=\/wp\/v2\/media\/5453"}],"wp:attachment":[{"href":"https:\/\/blog.creamontblanc.org\/index.php?rest_route=%2Fwp%2Fv2%2Fmedia&parent=5452"}],"wp:term":[{"taxonomy":"category","embeddable":true,"href":"https:\/\/blog.creamontblanc.org\/index.php?rest_route=%2Fwp%2Fv2%2Fcategories&post=5452"},{"taxonomy":"post_tag","embeddable":true,"href":"https:\/\/blog.creamontblanc.org\/index.php?rest_route=%2Fwp%2Fv2%2Ftags&post=5452"}],"curies":[{"name":"wp","href":"https:\/\/api.w.org\/{rel}","templated":true}]}}