{"id":542,"date":"2017-06-26T11:02:48","date_gmt":"2017-06-26T10:02:48","guid":{"rendered":"http:\/\/blog.creamontblanc.org\/?p=542"},"modified":"2017-10-23T08:56:04","modified_gmt":"2017-10-23T07:56:04","slug":"volontaires-2017-cest-parti","status":"publish","type":"post","link":"https:\/\/blog.creamontblanc.org?p=542","title":{"rendered":"Volontaires 2017 &#8211; c&rsquo;est parti !"},"content":{"rendered":"<p><strong>Hier, nous accueillions les premiers volontaires scientifiques 2017 du CREA Mont-Blanc. Dans la bonne humeur et sous un soleil radieux, ils ont fait leurs premiers pas dans le monde de la recherche en montagne. Suivez-les pendant une semaine sur le terrain !<\/strong><\/p>\n<p><!--more--><\/p>\n<p>&nbsp;<\/p>\n<figure id=\"attachment_543\" class=\"thumbnail wp-caption aligncenter\" style=\"width: 1000px\"><a href=\"http:\/\/blog.creamontblanc.org\/?attachment_id=543\" rel=\"attachment wp-att-543\"><img loading=\"lazy\" decoding=\"async\" class=\"size-full wp-image-543\" src=\"http:\/\/blog.creamontblanc.org\/wp-content\/uploads\/2017\/06\/equipe_volontaires_2017.jpg\" alt=\"L'\u00e9quipe du CREA Mont-Blanc accompagn\u00e9e des volontaires 2017\" width=\"1000\" height=\"500\" \/><\/a><figcaption class=\"caption wp-caption-text\"><em><strong>Les volontaires 2017<\/strong> <strong>accompagn\u00e9s d&rsquo;une partie de l&rsquo;\u00e9quipe du CREA Mont-blanc<\/strong> \u00a9 CREA Mont-Blanc<br \/><\/em><\/figcaption><\/figure>\n<p>&nbsp;<\/p>\n<p>Lundi matin, 8h30. L\u2019Observatoire du Mont-Blanc est d\u00e9j\u00e0 en \u00e9bullition et tout le monde s\u2019active comme dans une fourmili\u00e8re. Cette semaine, l\u2019\u00e9quipe est renforc\u00e9e par 6 volontaires venus des 4 coins de la France pour soutenir les chercheurs dans leurs missions de terrain. La pi\u00e8ce principale du petit observatoire historique de Joseph Vallot est encombr\u00e9e de gros sacs de rando, de mat\u00e9riel de terrain, jumelles, crottiers, GPS, piquets de marquage, outils de mesure\u2026 sans oublier les pique-niques. Rien ne doit \u00eatre oubli\u00e9, le chemin est long, il faudra tout porter \u00e0 dos d\u2019homme : pas question de redescendre chercher quoi que ce soit. Ce soir, apr\u00e8s une longue journ\u00e9e de collecte de donn\u00e9es sur le terrain, tout le monde dormira au refuge de Loriaz.<\/p>\n<h1><strong>Volontariat scientifique \u00e0 Chamonix<\/strong><\/h1>\n<p>Chacun de pr\u00e9sente : nos volontaires viennent de Thonon-les-bain, de Nantes ou du Vars \u2013 et m\u00eame de Tha\u00eflande pour cette lyc\u00e9enne qui fait ses \u00e9tudes \u00e0 Nice. Martine, elle, est d\u2019ici. Elle voulait d\u00e9couvrir sa montagne autrement. Les profils sont vari\u00e9s mais un point commun lie nos volontaires : l\u2019amour pour la montagne, la nature et une sensibilit\u00e9 forte aux impacts du changement climatique sur notre environnement.<\/p>\n<p>Les conversations vont bon train dans une ambiance conviviale \u2013 \u00e7a fait \u00e0 peine quelques heures qu\u2019on se connait et d\u00e9j\u00e0 l\u2019on se tutoie \u2013 et les questions fusent. Sur l\u2019origine des Sciences participatives, n\u00e9e de l\u2019implication des bagueurs, passionn\u00e9s d\u2019ornithologie, dans les laboratoires du Mus\u00e9um National d\u2019Histoire Naturelle. Sur l\u2019histoire des sciences \u00e0 Chamonix-Mont-Blanc, et l\u2019h\u00e9ritage de Joseph Vallot, explorateur touche-\u00e0-tout passionn\u00e9 par les milieux d\u2019altitude.\u00a0 Et sur les activit\u00e9s de recherche du CREA Mont-Blanc et le programme de la semaine. L\u2019impatience se lit sur les visages des volontaires, et de l\u2019\u00e9quipe du CREA Mont-Blanc !<\/p>\n<h1><strong>Contribuer \u00e0 la science au Mont-Blanc<\/strong><\/h1>\n<p>Le programme est charg\u00e9 et la m\u00e9t\u00e9o s\u2019annonce capricieuse. Des orages sont attendus en milieu de semaine et la pluie risque de s\u2019inviter pour la fin du s\u00e9jour. Il faudra donc \u00eatre productifs d\u00e8s les premiers jours et rester adaptables. Aujourd\u2019hui, le groupe va contribuer au module <a href=\"http:\/\/www.atlasmontblanc.org\/fr\/especes-en-live\" target=\"_blank\" rel=\"noopener\">Esp\u00e8ces en live<\/a> de l\u2019Atlas du Mont-Blanc et d\u00e9couvrir la zone d&rsquo;\u00e9tude de l&rsquo;<a href=\"http:\/\/creamontblanc.org\/fr\/nos-programmes-de-recherche\" target=\"_blank\" rel=\"noopener\">Observatoire des Relations Climat-Homme-milieux Agrosylvopastoraux du Massif alpin<\/a> (placette ORCHAMP) install\u00e9e l\u2019ann\u00e9e derni\u00e8re avant l\u2019installation d\u2019une nouvelle placette demain. Ils iront relever les cartes SIM des <a href=\"https:\/\/www.youtube.com\/watch?v=-6yBwPAcv1w&amp;list=PLdZQ6byfzGavfHOH96Pdi4TL3f8iWMfga\" target=\"_blank\" rel=\"noopener\">Pi\u00e8ges photos<\/a> de Loriaz. Il faudra \u00e9galement donner un coup de main \u00e0 Louise Boulangeat, chercheure \u00e9cologue au <a href=\"http:\/\/www-leca.ujf-grenoble.fr\/\" target=\"_blank\" rel=\"noopener\">LECA \u00e0 Grenoble<\/a>, qui passe trois jours sur le terrain pour localiser, mesurer et peser une s\u00e9rie de plantes pour l\u2019inventaire des 5 000 plantes des Alpes.<\/p>\n<p>10h, il est temps de partir. On r\u00e9partit le poids du mat\u00e9riel dans les sacs de tous les membres du groupe avant de poser pour une photo de famille devant l\u2019Observatoire du Mont-Blanc. C\u2019est parti pour le site d\u2019\u00e9tude de Loriaz accessible apr\u00e8s 3h de marche. Le calme revient \u00e0 l\u2019observatoire, du moins jusqu\u2019\u00e0 leur retour demain soir.<\/p>\n<p>&nbsp;<\/p>\n<p>R\u00e9daction : Charlotte Mader<\/p>\n","protected":false},"excerpt":{"rendered":"<p>Hier, nous accueillions les premiers volontaires scientifiques 2017 du CREA Mont-Blanc. Dans la bonne humeur et sous un soleil radieux, ils ont fait leurs premiers pas dans le monde de la recherche en montagne. Suivez-les pendant une semaine sur le &hellip; <a href=\"https:\/\/blog.creamontblanc.org?p=542\">Lire la suite\u00ad\u00ad<\/a><\/p>\n","protected":false},"author":5,"featured_media":543,"comment_status":"open","ping_status":"open","sticky":false,"template":"","format":"standard","meta":{"_monsterinsights_skip_tracking":false,"_monsterinsights_sitenote_active":false,"_monsterinsights_sitenote_note":"","_monsterinsights_sitenote_category":0,"ngg_post_thumbnail":0,"footnotes":""},"categories":[31],"tags":[8,44,61,45,27,52,103,18,12,38,59,100],"class_list":["post-542","post","type-post","status-publish","format-standard","has-post-thumbnail","hentry","category-sciences-participatives","tag-alpes","tag-benevolat","tag-chamonix","tag-loriaz","tag-mont-blanc","tag-orchamp","tag-randonnee","tag-recherche","tag-rencontre","tag-science-participative","tag-volontariat","tag-volontariat-scientifique"],"aioseo_notices":[],"amp_enabled":true,"_links":{"self":[{"href":"https:\/\/blog.creamontblanc.org\/index.php?rest_route=\/wp\/v2\/posts\/542","targetHints":{"allow":["GET"]}}],"collection":[{"href":"https:\/\/blog.creamontblanc.org\/index.php?rest_route=\/wp\/v2\/posts"}],"about":[{"href":"https:\/\/blog.creamontblanc.org\/index.php?rest_route=\/wp\/v2\/types\/post"}],"author":[{"embeddable":true,"href":"https:\/\/blog.creamontblanc.org\/index.php?rest_route=\/wp\/v2\/users\/5"}],"replies":[{"embeddable":true,"href":"https:\/\/blog.creamontblanc.org\/index.php?rest_route=%2Fwp%2Fv2%2Fcomments&post=542"}],"version-history":[{"count":12,"href":"https:\/\/blog.creamontblanc.org\/index.php?rest_route=\/wp\/v2\/posts\/542\/revisions"}],"predecessor-version":[{"id":858,"href":"https:\/\/blog.creamontblanc.org\/index.php?rest_route=\/wp\/v2\/posts\/542\/revisions\/858"}],"wp:featuredmedia":[{"embeddable":true,"href":"https:\/\/blog.creamontblanc.org\/index.php?rest_route=\/wp\/v2\/media\/543"}],"wp:attachment":[{"href":"https:\/\/blog.creamontblanc.org\/index.php?rest_route=%2Fwp%2Fv2%2Fmedia&parent=542"}],"wp:term":[{"taxonomy":"category","embeddable":true,"href":"https:\/\/blog.creamontblanc.org\/index.php?rest_route=%2Fwp%2Fv2%2Fcategories&post=542"},{"taxonomy":"post_tag","embeddable":true,"href":"https:\/\/blog.creamontblanc.org\/index.php?rest_route=%2Fwp%2Fv2%2Ftags&post=542"}],"curies":[{"name":"wp","href":"https:\/\/api.w.org\/{rel}","templated":true}]}}