{"id":5316,"date":"2023-11-13T15:41:32","date_gmt":"2023-11-13T14:41:32","guid":{"rendered":"https:\/\/blog.creamontblanc.org?p=5316"},"modified":"2024-01-31T10:09:05","modified_gmt":"2024-01-31T09:09:05","slug":"sciencesandwich-jeudi-14-decembre-de-12h30-a-13h30","status":"publish","type":"post","link":"https:\/\/blog.creamontblanc.org?p=5316","title":{"rendered":"#ScienceSandwich : Jeudi 14 d\u00e9cembre de 12h30 \u00e0 13h30"},"content":{"rendered":"\n<h2 class=\"wp-block-heading\">Sonder les \u00e9tats d&rsquo;\u00e2mes du mont Blanc, du glacier des Bossons et du Lac Vert<\/h2>\n\n\n\n<figure data-wp-context=\"{&quot;imageId&quot;:&quot;69f1e878441fc&quot;}\" data-wp-interactive=\"core\/image\" data-wp-key=\"69f1e878441fc\" class=\"wp-block-image size-large is-resized wp-lightbox-container\"><img loading=\"lazy\" decoding=\"async\" width=\"1000\" height=\"667\" data-wp-class--hide=\"state.isContentHidden\" data-wp-class--show=\"state.isContentVisible\" data-wp-init=\"callbacks.setButtonStyles\" data-wp-on--click=\"actions.showLightbox\" data-wp-on--load=\"callbacks.setButtonStyles\" data-wp-on-window--resize=\"callbacks.setButtonStyles\" src=\"https:\/\/blog.creamontblanc.org\/wp-content\/uploads\/2023\/11\/G.-Darnis-10s-1000x667.jpg\" alt=\"\" class=\"wp-image-5317\" style=\"width:691px;height:auto\" srcset=\"https:\/\/blog.creamontblanc.org\/wp-content\/uploads\/2023\/11\/G.-Darnis-10s-1000x667.jpg 1000w, https:\/\/blog.creamontblanc.org\/wp-content\/uploads\/2023\/11\/G.-Darnis-10s-300x200.jpg 300w, https:\/\/blog.creamontblanc.org\/wp-content\/uploads\/2023\/11\/G.-Darnis-10s-768x512.jpg 768w, https:\/\/blog.creamontblanc.org\/wp-content\/uploads\/2023\/11\/G.-Darnis-10s-1536x1024.jpg 1536w, https:\/\/blog.creamontblanc.org\/wp-content\/uploads\/2023\/11\/G.-Darnis-10s.jpg 1620w\" sizes=\"auto, (max-width: 1000px) 100vw, 1000px\" \/><button\n\t\t\tclass=\"lightbox-trigger\"\n\t\t\ttype=\"button\"\n\t\t\taria-haspopup=\"dialog\"\n\t\t\taria-label=\"Agrandir\"\n\t\t\tdata-wp-init=\"callbacks.initTriggerButton\"\n\t\t\tdata-wp-on--click=\"actions.showLightbox\"\n\t\t\tdata-wp-style--right=\"state.imageButtonRight\"\n\t\t\tdata-wp-style--top=\"state.imageButtonTop\"\n\t\t>\n\t\t\t<svg xmlns=\"http:\/\/www.w3.org\/2000\/svg\" width=\"12\" height=\"12\" fill=\"none\" viewBox=\"0 0 12 12\">\n\t\t\t\t<path fill=\"#fff\" d=\"M2 0a2 2 0 0 0-2 2v2h1.5V2a.5.5 0 0 1 .5-.5h2V0H2Zm2 10.5H2a.5.5 0 0 1-.5-.5V8H0v2a2 2 0 0 0 2 2h2v-1.5ZM8 12v-1.5h2a.5.5 0 0 0 .5-.5V8H12v2a2 2 0 0 1-2 2H8Zm2-12a2 2 0 0 1 2 2v2h-1.5V2a.5.5 0 0 0-.5-.5H8V0h2Z\" \/>\n\t\t\t<\/svg>\n\t\t<\/button><figcaption class=\"wp-element-caption\">Face au glacier des Bossons \u00a9&nbsp;G\u00e9rard Darnis<\/figcaption><\/figure>\n\n\n\n<p>Pour le prochain <em>#ScienceSandwich<\/em>, on vous propose de d\u00e9couvrir l&rsquo;approche exp\u00e9rimentale dont ont fait l&rsquo;objet le Lac Vert, le glacier des Bossons et le mont Blanc. Inspir\u00e9 par le Diagnostic Crois\u00e9 r\u00e9alis\u00e9 avec les Mamus Kogis dans le Vercors, comment nos communaut\u00e9s peuvent capter les messages transmis par les \u00e9l\u00e9ments naturels de ces lieux embl\u00e9matiques de notre vall\u00e9e ?<\/p>\n\n\n\n<p>En 2021, <a href=\"https:\/\/www.linkedin.com\/in\/adebusschere\/?originalSubdomain=fr\" target=\"_blank\" rel=\"noopener\" title=\"Aur\u00e9lie Debussch\u00e8re\">Aur\u00e9lie Debussch\u00e8re<\/a> , chercheuse en Sciences Humaines et Sociales \u00e0 l&rsquo;Universit\u00e9 Grenoble Alpes, a explor\u00e9 de nouveaux champs de compr\u00e9hension des espaces naturels dans un milieu alpin en pleine mutation. Elle a \u00e9t\u00e9 accompagn\u00e9e par Patricia et Isaline Wyssenbach, m\u00e8re et fille toutes deux originaires du monde agro-pastoral en Valais. Ces derni\u00e8res g\u00e8rent une micro-ferme refuge et proposent des randonn\u00e9es avec leurs animaux pour arpenter les territoires valaisans, v\u00e9ritable support pour la transmission des connaissances et favoriser le d\u00e9veloppement du lien humain-animal. De part leurs activit\u00e9s, elles entretiennent un rapport particuli\u00e8rement sensible \u00e0 leur environnement et ont la capacit\u00e9 de lire le territoire de fa\u00e7on pr\u00e9cise et profonde. <\/p>\n\n\n\n<p>Cette rencontre est l&rsquo;occasion de comprendre comment de nouveaux outils comme une cartographie du sensible aliment\u00e9e par des observations paysag\u00e8res,  des ressentis ou des enregistrements sonores, permettent d&rsquo;entrer en relation avec des sites naturels en allant au-del\u00e0 des aspects environnementaux. Ces approches pourraient contribuer \u00e0 ouvrir de nouvelles perspectives pour le tourisme dans nos territoires. <\/p>\n\n\n\n<p>Pour aller plus loin : <br>&#8211; article \u00ab\u00a0<em><a href=\"https:\/\/journals.openedition.org\/rga\/11325\" target=\"_blank\" rel=\"noopener\" title=\"Contributions paysannes en terre alpine : Repr\u00e9sentation et n\u00e9gociation avec l'invisible en Pays du Mont-Blanc\">Contributions paysannes en terre alpine : Repr\u00e9sentation et n\u00e9gociation avec l&rsquo;invisible en Pays du Mont-Blanc<\/a><\/em>\u00a0\u00bb portant sur le m\u00e9moire de master de Aur\u00e9lie Debussch\u00e8re : \u00ab\u00a0<em>Les sagesses ancestrales comme catalyseur d&rsquo;innovations dans les socio-\u00e9cosyst\u00e8mes ruraux et de montagne<\/em>\u00a0\u00bb <br>&#8211; \u00e9mission <em><a href=\"https:\/\/pages.rts.ch\/emissions\/passe-moi-les-jumelles\/12938779-presentations-de-matthieu-sur-la-via-alpinaisaline-poussiere-d-etoile-episode-1-la-chrysalide.html\" target=\"_blank\" rel=\"noopener\" title=\"Passe moi les jumelles\">Passe moi les jumelles<\/a><\/em> avec Isaline Wyssenbach  <br>&#8211; site web <em><a href=\"https:\/\/www.terredecoeur.ch\/\" target=\"_blank\" rel=\"noopener\" title=\"Terre de coeur\">Terre de coeur<\/a><\/em> et compte instagram de Patricia Wyssenbach <a href=\"https:\/\/www.instagram.com\/wyssenbachpatricia\/\" target=\"_blank\" rel=\"noopener\" title=\"@wyssenbachpatricia \">@wyssenbachpatricia <\/a><\/p>\n\n\n\n<p>Nous vous attendons nombreux \u00e0 l\u2019Observatoire du Mont-Blanc le jeudi 14 d\u00e9cembre d\u00e8s 12h30.<\/p>\n\n\n\n<figure class=\"wp-block-image size-large is-resized\"><img loading=\"lazy\" decoding=\"async\" width=\"1000\" height=\"750\" src=\"https:\/\/blog.creamontblanc.org\/wp-content\/uploads\/2023\/11\/Massif-du-Mont-Blanc-2-2-1000x750.jpeg\" alt=\"\" class=\"wp-image-5329\" style=\"width:661px;height:auto\" srcset=\"https:\/\/blog.creamontblanc.org\/wp-content\/uploads\/2023\/11\/Massif-du-Mont-Blanc-2-2-1000x750.jpeg 1000w, https:\/\/blog.creamontblanc.org\/wp-content\/uploads\/2023\/11\/Massif-du-Mont-Blanc-2-2-300x225.jpeg 300w, https:\/\/blog.creamontblanc.org\/wp-content\/uploads\/2023\/11\/Massif-du-Mont-Blanc-2-2-768x576.jpeg 768w, https:\/\/blog.creamontblanc.org\/wp-content\/uploads\/2023\/11\/Massif-du-Mont-Blanc-2-2-1536x1152.jpeg 1536w, https:\/\/blog.creamontblanc.org\/wp-content\/uploads\/2023\/11\/Massif-du-Mont-Blanc-2-2.jpeg 2048w\" sizes=\"auto, (max-width: 1000px) 100vw, 1000px\" \/><figcaption class=\"wp-element-caption\">Massif du Mont-Blanc \u00a9 CREA Mont-Blanc<\/figcaption><\/figure>\n\n\n\n<h3 class=\"wp-block-heading\">Infos pratiques #ScienceSandwich<\/h3>\n\n\n\n<p><strong><a href=\"https:\/\/blog.creamontblanc.org\/?p=3366\" target=\"_blank\" rel=\"noreferrer noopener\"><em>Science Sandwich<\/em>&nbsp;<\/a>au&nbsp;<a href=\"https:\/\/creamontblanc.org\/fr\/\" target=\"_blank\" rel=\"noreferrer noopener\">CREA Mont-Blanc<\/a><\/strong><br>\u00e0 l\u2019Observatoire du Mont-Blanc \u2013 67 lacets du belv\u00e9d\u00e8re \u2013 74400 Chamonix Mont-Blanc<br>Une fois par mois, de 12h30 \u00e0 13h30<br>Pique-nique tir\u00e9 du sac<br>Entr\u00e9e libre \u2013 dans la limite des places disponibles<br>\u00c9changes en fran\u00e7ais ou en anglais selon les intervenants et th\u00e9matiques<br>Conf\u00e9rences retransmises en live sur&nbsp;<a href=\"https:\/\/www.youtube.com\/playlist?list=PLdZQ6byfzGavssZ6MX6nog9NB-_7qh3ki\" target=\"_blank\" rel=\"noreferrer noopener\">notre cha\u00eene youtube<\/a><br>Lien vers le live Youtube : <a href=\"https:\/\/www.youtube.com\/live\/0ZA3CgKEIBM?feature=shared\" target=\"_blank\" rel=\"noopener\" title=\"\">https:\/\/www.youtube.com\/live\/0ZA3CgKEIBM?feature=shared<\/a><br><br>Ne manquez pas ces rencontres mensuelles, plac\u00e9es sous le signe de la d\u00e9couverte et la convivialit\u00e9.&nbsp;<br>Informations sur les prochaines dates dans notre rubrique&nbsp;<a href=\"https:\/\/blog.creamontblanc.org\/?cat=189\" target=\"_blank\" rel=\"noreferrer noopener\">Agenda<\/a><\/p>\n\n\n\n<figure class=\"wp-block-image size-large is-resized\"><img loading=\"lazy\" decoding=\"async\" width=\"1000\" height=\"165\" src=\"https:\/\/blog.creamontblanc.org\/wp-content\/uploads\/2023\/11\/Capture-de\u0301cran-2023-01-25-a\u0300-14.59.00-3-1000x165.png\" alt=\"\" class=\"wp-image-5352\" style=\"width:479px;height:auto\" srcset=\"https:\/\/blog.creamontblanc.org\/wp-content\/uploads\/2023\/11\/Capture-de\u0301cran-2023-01-25-a\u0300-14.59.00-3-1000x165.png 1000w, https:\/\/blog.creamontblanc.org\/wp-content\/uploads\/2023\/11\/Capture-de\u0301cran-2023-01-25-a\u0300-14.59.00-3-300x50.png 300w, https:\/\/blog.creamontblanc.org\/wp-content\/uploads\/2023\/11\/Capture-de\u0301cran-2023-01-25-a\u0300-14.59.00-3-768x127.png 768w, https:\/\/blog.creamontblanc.org\/wp-content\/uploads\/2023\/11\/Capture-de\u0301cran-2023-01-25-a\u0300-14.59.00-3-1536x254.png 1536w, https:\/\/blog.creamontblanc.org\/wp-content\/uploads\/2023\/11\/Capture-de\u0301cran-2023-01-25-a\u0300-14.59.00-3.png 1548w\" sizes=\"auto, (max-width: 1000px) 100vw, 1000px\" \/><\/figure>\n","protected":false},"excerpt":{"rendered":"<p>Sonder les \u00e9tats d&rsquo;\u00e2mes du mont Blanc, du glacier des Bossons et du Lac Vert Pour le prochain #ScienceSandwich, on vous propose de d\u00e9couvrir l&rsquo;approche exp\u00e9rimentale dont ont fait l&rsquo;objet le Lac Vert, le glacier des Bossons et le mont &hellip; <a href=\"https:\/\/blog.creamontblanc.org?p=5316\">Lire la suite\u00ad\u00ad<\/a><\/p>\n","protected":false},"author":5,"featured_media":5317,"comment_status":"open","ping_status":"open","sticky":false,"template":"","format":"standard","meta":{"_monsterinsights_skip_tracking":false,"_monsterinsights_sitenote_active":false,"_monsterinsights_sitenote_note":"","_monsterinsights_sitenote_category":0,"ngg_post_thumbnail":0,"footnotes":""},"categories":[258],"tags":[],"class_list":["post-5316","post","type-post","status-publish","format-standard","has-post-thumbnail","hentry","category-actus-passees"],"aioseo_notices":[],"amp_enabled":true,"_links":{"self":[{"href":"https:\/\/blog.creamontblanc.org\/index.php?rest_route=\/wp\/v2\/posts\/5316","targetHints":{"allow":["GET"]}}],"collection":[{"href":"https:\/\/blog.creamontblanc.org\/index.php?rest_route=\/wp\/v2\/posts"}],"about":[{"href":"https:\/\/blog.creamontblanc.org\/index.php?rest_route=\/wp\/v2\/types\/post"}],"author":[{"embeddable":true,"href":"https:\/\/blog.creamontblanc.org\/index.php?rest_route=\/wp\/v2\/users\/5"}],"replies":[{"embeddable":true,"href":"https:\/\/blog.creamontblanc.org\/index.php?rest_route=%2Fwp%2Fv2%2Fcomments&post=5316"}],"version-history":[{"count":24,"href":"https:\/\/blog.creamontblanc.org\/index.php?rest_route=\/wp\/v2\/posts\/5316\/revisions"}],"predecessor-version":[{"id":5375,"href":"https:\/\/blog.creamontblanc.org\/index.php?rest_route=\/wp\/v2\/posts\/5316\/revisions\/5375"}],"wp:featuredmedia":[{"embeddable":true,"href":"https:\/\/blog.creamontblanc.org\/index.php?rest_route=\/wp\/v2\/media\/5317"}],"wp:attachment":[{"href":"https:\/\/blog.creamontblanc.org\/index.php?rest_route=%2Fwp%2Fv2%2Fmedia&parent=5316"}],"wp:term":[{"taxonomy":"category","embeddable":true,"href":"https:\/\/blog.creamontblanc.org\/index.php?rest_route=%2Fwp%2Fv2%2Fcategories&post=5316"},{"taxonomy":"post_tag","embeddable":true,"href":"https:\/\/blog.creamontblanc.org\/index.php?rest_route=%2Fwp%2Fv2%2Ftags&post=5316"}],"curies":[{"name":"wp","href":"https:\/\/api.w.org\/{rel}","templated":true}]}}