{"id":488,"date":"2017-04-04T13:01:41","date_gmt":"2017-04-04T12:01:41","guid":{"rendered":"http:\/\/blog.creamontblanc.org\/?p=488"},"modified":"2018-02-01T12:34:34","modified_gmt":"2018-02-01T11:34:34","slug":"phenologie-et-parasites-adapter-ses-observations-du-frene","status":"publish","type":"post","link":"https:\/\/blog.creamontblanc.org?p=488","title":{"rendered":"Ph\u00e9nologie et parasites : adapter ses observations du fr\u00eane"},"content":{"rendered":"<p><strong>Parmi les esp\u00e8ces foresti\u00e8res suivies dans le cadre du programme Ph\u00e9noclim, le fr\u00eane est celle dont les stades ph\u00e9nologiques d\u00e9butent le plus tard. Cette ann\u00e9e, les observations se compliquent \u00e0 cause d&rsquo;un champignon parasite. Quelques conseils pour aider les b\u00e9n\u00e9voles.<\/strong><\/p>\n<figure id=\"attachment_492\" class=\"thumbnail wp-caption aligncenter\" style=\"width: 1000px\"><a href=\"http:\/\/blog.creamontblanc.org\/phenologie-et-parasites-adapter-ses-observations-du-frene\/olympus-digital-camera-2\/\" rel=\"attachment wp-att-492\"><img loading=\"lazy\" decoding=\"async\" class=\"wp-image-492\" src=\"http:\/\/blog.creamontblanc.org\/wp-content\/uploads\/2017\/04\/chalarose_frene_c_-Author-providedIFFF_CC_BY.jpg\" alt=\"Le champignon responsable de la chalarose du fr\u00eane \u00a9 Author provided\/IFFF, CC BY\" width=\"1000\" height=\"540\" \/><\/a><figcaption class=\"caption wp-caption-text\">Le champignon responsable de la chalarose du fr\u00eane \u00a9 Author provided\/IFFF, CC BY<\/figcaption><\/figure>\n<p><!--more--><\/p>\n<p><strong>Petit rappel sur le fr\u00eane<\/strong><\/p>\n<p>Le fr\u00eane est l\u2019une des dix essences\u00a0v\u00e9g\u00e9tales suivies dans le cadre du programme Ph\u00e9noclim. Pouvant mesurer jusqu\u2019\u00e0 40 m de haut, et vivre jusqu\u2019\u00e0 200 ans, cet arbre est un des derniers \u00e0 sortir de sa dormance au printemps : sa floraison d\u00e9bute vers la mi-mars\u00a0; viennent ensuite le d\u00e9bourrement et la feuillaison jusqu\u2019\u00e0 mi-juin. Mais voil\u00e0, ce grand bonhomme, bien que pr\u00e9sentant une bonne r\u00e9sistance aux chocs, semble souffrir de nouvelles maladies\u2026<\/p>\n<p><strong>Les maladies du fr\u00eane<\/strong><\/p>\n<p>En Am\u00e9rique du nord, le fr\u00eane est attaqu\u00e9, depuis les ann\u00e9es 2000, par un insecte ravageur, l\u2019agrile. En Europe, c&rsquo;est un champignon invasif,\u00a0responsable de la chalarose du fr\u00eane, qui d\u00e9cime des populations enti\u00e8res. Rep\u00e9r\u00e9e dans les ann\u00e9es 1990 en Pologne, la maladie est arriv\u00e9e en France, et notamment dans le r\u00e9seau Ph\u00e9noclim en Savoie, dans le Haut-Jura et Haut-Doubs\u2026 Nous vous avions d\u00e9j\u00e0 parl\u00e9 de la maladie lors d&rsquo;un pr\u00e9c\u00e9dent article Zoom sur la chalarose du fr\u00eane (publi\u00e9 sur notre blog le 3 octobre 2016).<\/p>\n<p><strong>La chalarose et vos observations<\/strong><\/p>\n<p>La chalarose peut avoir un impact fort sur les dates des \u00e9v\u00e9nements ph\u00e9nologiques du fr\u00eane, allant jusqu&rsquo;\u00e0 entra\u00eener la mort de l&rsquo;individu. Sur des arbres dont de nombreux rameaux sont atteins, les observations deviennent difficiles. Aujourd&rsquo;hui, le protocole d&rsquo;observation du fr\u00eane s&rsquo;adapte pour prendre en compte les particularit\u00e9s li\u00e9es \u00e0 la maladie.Voici ci-dessous quelques points, d\u00e9finis par Daphn\u00e9 Asse et Fabrice Bonne, pour que vous\u00a0puissiez identifier la maladie et savoir quand noter ou non les stades ph\u00e9nologiques\u00a0:<\/p>\n<ol>\n<li>Pour identifier les rameaux morts ou touch\u00e9s par la maladie, \u00e9tudiez les fleurs qui sortent bien avant le d\u00e9bourrement. Les rameaux morts ne fleurissent pas. Cela donne\u00a0une assez\u00a0bonne id\u00e9e de l&rsquo;\u00e9tat sanitaire du houppier des arbres (suffisamment matures pour fleurir), et facilite l\u2019estimation de la quantit\u00e9 de rameaux morts (plus difficile \u00e0 \u00e9valuer\u00a0en hiver).\u00a0Bien-s\u00fbr certaines ann\u00e9es la floraison est moindre, mais en g\u00e9n\u00e9ral elle se fait tr\u00e8s t\u00f4t en saison et donne une bonne indication.<\/li>\n<li>Si moins de 1\/3 des rameaux sont atteints, continuez de suivre leur ph\u00e9nologie (attention ce peut \u00eatre la branche enti\u00e8re ou seulement le bout des rameaux).<\/li>\n<li>Certains fr\u00eanes \u00ab\u00a0repartent\u00a0\u00bb apr\u00e8s plusieurs ann\u00e9es, bien qu\u2019il n&rsquo;existerait que 4 \u00e0 5% de r\u00e9sistance\u00a0chez les individus autochtones. En effet, les jeunes rameaux atteints dans le houppier\u00a0peuvent tomber\u00a0et \u00eatre \u00ab\u00a0balay\u00e9s\u00a0\u00bb par certains grands coups de vent\u00a0: l&rsquo;arbre peut alors r\u00e9appara\u00eetre plus \u00ab\u00a0sain\u00a0\u00bb, parce qu&rsquo;il se retape et qu&rsquo;il\u00a0n&rsquo;est\u00a0pas encore\u00a0amoindri\u00a0par un pathog\u00e8ne secondaire (chancre, par exemple).\u00a0Ainsi, si vous observez plus d\u20191\/3 de branches mortes sur un individu, ne le notez pas directement comme \u00ab\u00a0individu perdu ou mort\u00a0\u00bb, ne notez pas non plus la ph\u00e9nologie mais signalez-le en remarque et continuez \u00e0 surveiller la progression de l\u2019arbre. Si au bout de deux ou trois ans, le fr\u00eane ne repart pas, alors vous pourrez le noter comme mort. S&rsquo;il repart, notez de nouveau vos observations !<\/li>\n<li>La maladie induit un d\u00e9calage ph\u00e9nologique chez les jeunes fr\u00eanes en particulier, qui sont les plus sensibles et les plus expos\u00e9s \u00e0 la maladie. Si vous souhaitez rajouter des individus dans votre zone de suivi, ne choisissez pas de jeunes fr\u00eanes, qui pr\u00e9sentent, par ailleurs, un int\u00e9r\u00eat moindre \u00e0 l\u2019observation car ils ne fleurissent pas forc\u00e9ment.<\/li>\n<\/ol>\n<p>En cas de doute ou pour \u00e9changer avec la communaut\u00e9 Ph\u00e9noclim sur cette question ou d&rsquo;autres pr\u00e9occupations li\u00e9es \u00e0 vos observations, vous pouvez publier un message sur le groupe Facebook <a href=\"https:\/\/www.facebook.com\/groups\/observateursdaltitude\/\" target=\"_blank\">Observateurs d&rsquo;Altitude<\/a> administr\u00e9 par l&rsquo;\u00e9quipe du CREA Mont-Blanc.<\/p>\n<p><a href=\"https:\/\/www.facebook.com\/groups\/observateursdaltitude\/\" target=\"_blank\" rel=\"attachment wp-att-489\"><img loading=\"lazy\" decoding=\"async\" class=\"aligncenter size-full wp-image-489\" src=\"http:\/\/blog.creamontblanc.org\/wp-content\/uploads\/2017\/04\/visuel_groupe_fb.png\" alt=\"visuel_groupe_fb\" width=\"260\" height=\"67\" \/><\/a><\/p>\n<p>&nbsp;<\/p>\n<p>R\u00e9daction : Anne Brasselet<\/p>\n<hr \/>\n<p><strong>Pour aller plus loin<\/strong><\/p>\n<p>La <a href=\"http:\/\/phenoclim.org\/fr\/boite-a-outils\/documents-observation\/Fiche_espece_frene.pdf\" target=\"_blank\">Fiche esp\u00e8ce du fr\u00eane<\/a> dans la <a href=\"http:\/\/phenoclim.org\/fr\/boite-a-outils-1\" target=\"_blank\">Boite \u00e0 outil<\/a> du site <a href=\"http:\/\/phenoclim.org\" target=\"_blank\">Ph\u00e9noclim<\/a><\/p>\n<p>Le groupe Facebook <a href=\"https:\/\/www.facebook.com\/groups\/observateursdaltitude\/\" target=\"_blank\">Observateurs d&rsquo;Altitude<\/a><\/p>\n<p>L&rsquo;article <a class=\"wp-image-492\" href=\"https:\/\/theconversation.com\/chalarose-du-frene-et-autres-maladies-invasives-il-est-possible-de-mieux-proteger-les-forets-71203\" target=\"_blank\">Chalarose du fr\u00eane et autres maladies invasives<\/a> de Claude Husson et Benoit Mar\u00e7ait (INRA) publi\u00e9 sur le site <a href=\"https:\/\/theconversation.com\/fr\" target=\"_blank\">The Conversation France<\/a><\/p>\n<p>Plus d&rsquo;informations sur l&rsquo;Agrile sur le site de l&rsquo;<a href=\"http:\/\/www.inspection.gc.ca\/vegetaux\/phytoravageurs-especes-envahissantes\/insectes\/agrile-du-frene\/fra\/1337273882117\/1337273975030\" target=\"_blank\">Agence canadienne d&rsquo;inspection des aliments<\/a><\/p>\n<p>&nbsp;<\/p>\n<p>&nbsp;<\/p>\n","protected":false},"excerpt":{"rendered":"<p>Parmi les esp\u00e8ces foresti\u00e8res suivies dans le cadre du programme Ph\u00e9noclim, le fr\u00eane est celle dont les stades ph\u00e9nologiques d\u00e9butent le plus tard. Cette ann\u00e9e, les observations se compliquent \u00e0 cause d&rsquo;un champignon parasite. Quelques conseils pour aider les b\u00e9n\u00e9voles.<\/p>\n","protected":false},"author":5,"featured_media":492,"comment_status":"open","ping_status":"open","sticky":false,"template":"","format":"standard","meta":{"_monsterinsights_skip_tracking":false,"_monsterinsights_sitenote_active":false,"_monsterinsights_sitenote_note":"","_monsterinsights_sitenote_category":0,"ngg_post_thumbnail":0,"footnotes":""},"categories":[31],"tags":[46,35,38],"class_list":["post-488","post","type-post","status-publish","format-standard","has-post-thumbnail","hentry","category-sciences-participatives","tag-phenoclim","tag-phenologie","tag-science-participative"],"aioseo_notices":[],"amp_enabled":true,"_links":{"self":[{"href":"https:\/\/blog.creamontblanc.org\/index.php?rest_route=\/wp\/v2\/posts\/488","targetHints":{"allow":["GET"]}}],"collection":[{"href":"https:\/\/blog.creamontblanc.org\/index.php?rest_route=\/wp\/v2\/posts"}],"about":[{"href":"https:\/\/blog.creamontblanc.org\/index.php?rest_route=\/wp\/v2\/types\/post"}],"author":[{"embeddable":true,"href":"https:\/\/blog.creamontblanc.org\/index.php?rest_route=\/wp\/v2\/users\/5"}],"replies":[{"embeddable":true,"href":"https:\/\/blog.creamontblanc.org\/index.php?rest_route=%2Fwp%2Fv2%2Fcomments&post=488"}],"version-history":[{"count":5,"href":"https:\/\/blog.creamontblanc.org\/index.php?rest_route=\/wp\/v2\/posts\/488\/revisions"}],"predecessor-version":[{"id":495,"href":"https:\/\/blog.creamontblanc.org\/index.php?rest_route=\/wp\/v2\/posts\/488\/revisions\/495"}],"wp:featuredmedia":[{"embeddable":true,"href":"https:\/\/blog.creamontblanc.org\/index.php?rest_route=\/wp\/v2\/media\/492"}],"wp:attachment":[{"href":"https:\/\/blog.creamontblanc.org\/index.php?rest_route=%2Fwp%2Fv2%2Fmedia&parent=488"}],"wp:term":[{"taxonomy":"category","embeddable":true,"href":"https:\/\/blog.creamontblanc.org\/index.php?rest_route=%2Fwp%2Fv2%2Fcategories&post=488"},{"taxonomy":"post_tag","embeddable":true,"href":"https:\/\/blog.creamontblanc.org\/index.php?rest_route=%2Fwp%2Fv2%2Ftags&post=488"}],"curies":[{"name":"wp","href":"https:\/\/api.w.org\/{rel}","templated":true}]}}