{"id":4788,"date":"2023-08-02T11:01:37","date_gmt":"2023-08-02T10:01:37","guid":{"rendered":"https:\/\/blog.creamontblanc.org?p=4788"},"modified":"2024-01-19T12:59:36","modified_gmt":"2024-01-19T11:59:36","slug":"sciences-participatives-pour-le-suivi-des-ongules","status":"publish","type":"post","link":"https:\/\/blog.creamontblanc.org?p=4788","title":{"rendered":"Sciences Participatives pour le suivi des ongul\u00e9s"},"content":{"rendered":"\n<h3 class=\"wp-block-heading\">Collecte de crottes d&rsquo;ongul\u00e9s sauvages et domestiques pour le projet <a href=\"https:\/\/creamontblanc.org\/fr\/herbiland-herbivores-landes-montagne\/\" target=\"_blank\" rel=\"noopener\" title=\"HerbiLand\">HerbiLand<\/a><\/h3>\n\n\n\n<p>Dans le cadre de ce projet sur la dynamique des populations d&rsquo;ongul\u00e9s sauvages en milieu supra-forestier, un des objectifs scientifiques est de d\u00e9terminer les esp\u00e8ces v\u00e9g\u00e9tales des landes consomm\u00e9es par les diff\u00e9rentes esp\u00e8ces d&rsquo;ongul\u00e9s sauvages et domestiques : chamois, bouquetin, cerf, mouton, vache.<\/p>\n\n\n\n<div class=\"wp-block-columns is-layout-flex wp-container-core-columns-is-layout-9d6595d7 wp-block-columns-is-layout-flex\">\n<div class=\"wp-block-column is-layout-flow wp-block-column-is-layout-flow\">\n<figure class=\"wp-block-image size-large\"><img loading=\"lazy\" decoding=\"async\" width=\"1000\" height=\"135\" src=\"https:\/\/blog.creamontblanc.org\/wp-content\/uploads\/2024\/01\/Herbiland_bandeau_financeurs-2024-1000x135.png\" alt=\"\" class=\"wp-image-5392\" srcset=\"https:\/\/blog.creamontblanc.org\/wp-content\/uploads\/2024\/01\/Herbiland_bandeau_financeurs-2024-1000x135.png 1000w, https:\/\/blog.creamontblanc.org\/wp-content\/uploads\/2024\/01\/Herbiland_bandeau_financeurs-2024-300x40.png 300w, https:\/\/blog.creamontblanc.org\/wp-content\/uploads\/2024\/01\/Herbiland_bandeau_financeurs-2024-768x104.png 768w, https:\/\/blog.creamontblanc.org\/wp-content\/uploads\/2024\/01\/Herbiland_bandeau_financeurs-2024-1536x207.png 1536w, https:\/\/blog.creamontblanc.org\/wp-content\/uploads\/2024\/01\/Herbiland_bandeau_financeurs-2024.png 2048w\" sizes=\"auto, (max-width: 1000px) 100vw, 1000px\" \/><\/figure>\n<\/div>\n\n\n\n<div class=\"wp-block-column is-layout-flow wp-block-column-is-layout-flow\">\n<figure class=\"wp-block-image size-full is-resized\"><img loading=\"lazy\" decoding=\"async\" width=\"900\" height=\"201\" src=\"http:\/\/blog.creamontblanc.org\/wp-content\/uploads\/2023\/08\/Herbiland_bandeau_partenaires-1.png\" alt=\"\" class=\"wp-image-4835\" style=\"width:225px;height:50px\"\/><\/figure>\n<\/div>\n<\/div>\n\n\n\n<p><em><a href=\"https:\/\/creamontblanc.org\/fr\/herbiland-herbivores-landes-montagne\/\" target=\"_blank\" rel=\"noopener\" title=\"En savoir plus sur le projet HerbiLand\">En savoir plus sur le projet HerbiLand<\/a>, financ\u00e9 par les fonds europ\u00e9ens FEDER Massif Alpes 2021-2027 et cofinanc\u00e9 par la Fondation Alpes Sauvages et la Fondation Cr\u00e9dit Mutuel, men\u00e9 par le CREA Mont-Blanc en partenariat technique et op\u00e9rationnel avec l\u2019OFB Office Fran\u00e7ais de la Biodiversit\u00e9 et le Laboratoire d\u2019\u00c9cologie Alpine CNRS-LECA.<\/em><br><\/p>\n\n\n<div class=\"wp-block-image\">\n<figure class=\"aligncenter size-full is-resized\"><img loading=\"lazy\" decoding=\"async\" width=\"1172\" height=\"493\" src=\"http:\/\/blog.creamontblanc.org\/wp-content\/uploads\/2023\/08\/2023formation.jpg\" alt=\"\" class=\"wp-image-4841\" style=\"width:879px;height:370px\"\/><\/figure>\n<\/div>\n\n\n<h3 class=\"wp-block-heading\">Participez aux relev\u00e9s sur le terrain<\/h3>\n\n\n\n<p>Sur le massif du Mont-Blanc, le CREA Mont-Blanc invite ses b\u00e9n\u00e9voles \u00e0 participer aux relev\u00e9s de crottes d&rsquo;ongul\u00e9s sauvages (cerf, chamois, bouquetin). <a href=\"https:\/\/creamontblanc.org\/fr\/contacts\" target=\"_blank\" rel=\"noopener\" title=\"Contactez-nous\">Contactez-nous<\/a> si vous souhaitez int\u00e9grer notre \u00e9quipe de participants !<\/p>\n\n\n\n<p>La collecte de crottes de ces herbivores permettra d&rsquo;estimer l&rsquo;importance des esp\u00e8ces de lande dans leur r\u00e9gime alimentaire, si les ligneux bas sont consomm\u00e9s, \u00e0 quelle saison et en quelle proportion par rapport aux herbac\u00e9es, et par quels ongul\u00e9s. Tout en estimant \u00e9galement le chevauchement de r\u00e9gime alimentaire entre ongul\u00e9s sauvages selon la saison, et entre ongul\u00e9s sauvages et domestiques en \u00e9t\u00e9.<br><br>Retrouvez ci-dessous les informations pratiques pour la collecte: <\/p>\n\n\n\n<div class=\"wp-block-columns is-layout-flex wp-container-core-columns-is-layout-9d6595d7 wp-block-columns-is-layout-flex\">\n<div class=\"wp-block-column is-layout-flow wp-block-column-is-layout-flow\">\n<figure class=\"wp-block-image size-full\"><a href=\"https:\/\/blog.creamontblanc.org\/wp-content\/uploads\/2023\/08\/CREA_protocole_crotte_aout2023.pdf\" target=\"_blank\" rel=\"noreferrer noopener\"><img loading=\"lazy\" decoding=\"async\" width=\"484\" height=\"486\" src=\"http:\/\/blog.creamontblanc.org\/wp-content\/uploads\/2023\/08\/protocole.png\" alt=\"\" class=\"wp-image-4805\" srcset=\"https:\/\/blog.creamontblanc.org\/wp-content\/uploads\/2023\/08\/protocole.png 484w, https:\/\/blog.creamontblanc.org\/wp-content\/uploads\/2023\/08\/protocole-300x300.png 300w, https:\/\/blog.creamontblanc.org\/wp-content\/uploads\/2023\/08\/protocole-150x150.png 150w\" sizes=\"auto, (max-width: 484px) 100vw, 484px\" \/><\/a><figcaption class=\"wp-element-caption\">Protocole<\/figcaption><\/figure>\n<\/div>\n\n\n\n<div class=\"wp-block-column is-layout-flow wp-block-column-is-layout-flow\">\n<figure class=\"wp-block-image size-full\"><a href=\"http:\/\/blog.creamontblanc.org\/wp-content\/uploads\/2023\/08\/CREA_Fiche-saisie.pdf\" target=\"_blank\" rel=\"noreferrer noopener\"><img loading=\"lazy\" decoding=\"async\" width=\"477\" height=\"472\" src=\"http:\/\/blog.creamontblanc.org\/wp-content\/uploads\/2023\/08\/fiche.png\" alt=\"\" class=\"wp-image-4812\" srcset=\"https:\/\/blog.creamontblanc.org\/wp-content\/uploads\/2023\/08\/fiche.png 477w, https:\/\/blog.creamontblanc.org\/wp-content\/uploads\/2023\/08\/fiche-300x297.png 300w\" sizes=\"auto, (max-width: 477px) 100vw, 477px\" \/><\/a><figcaption class=\"wp-element-caption\">Fiche de saisie<\/figcaption><\/figure>\n<\/div>\n\n\n\n<div class=\"wp-block-column is-layout-flow wp-block-column-is-layout-flow\">\n<figure class=\"wp-block-image size-full\"><a href=\"http:\/\/blog.creamontblanc.org\/wp-content\/uploads\/2023\/08\/cle\u0301-de\u0301termination_FNE.pdf\" target=\"_blank\" rel=\"noreferrer noopener\"><img loading=\"lazy\" decoding=\"async\" width=\"498\" height=\"496\" src=\"https:\/\/blog.creamontblanc.org\/wp-content\/uploads\/2023\/08\/Capture-de\u0301cran-2023-08-03-a\u0300-11.37.24.png\" alt=\"\" class=\"wp-image-4818\" srcset=\"https:\/\/blog.creamontblanc.org\/wp-content\/uploads\/2023\/08\/Capture-de\u0301cran-2023-08-03-a\u0300-11.37.24.png 498w, https:\/\/blog.creamontblanc.org\/wp-content\/uploads\/2023\/08\/Capture-de\u0301cran-2023-08-03-a\u0300-11.37.24-300x300.png 300w, https:\/\/blog.creamontblanc.org\/wp-content\/uploads\/2023\/08\/Capture-de\u0301cran-2023-08-03-a\u0300-11.37.24-150x150.png 150w\" sizes=\"auto, (max-width: 498px) 100vw, 498px\" \/><\/a><figcaption class=\"wp-element-caption\">Cl\u00e9 de d\u00e9termination FNE 74<\/figcaption><\/figure>\n<\/div>\n<\/div>\n\n\n\n<p>Les secteurs d\u2019\u00e9tude du massif du Mont-Blanc sont Loriaz, Peclerey, Blaiti\u00e8re pendant la p\u00e9riode d\u00e9neig\u00e9e de la zone supra-foresti\u00e8re (environ mai-novembre).<br><br><a href=\"https:\/\/umap.openstreetmap.fr\/fr\/map\/collecte-crottes-herbiland_946769?scaleControl=false&amp;miniMap=false&amp;scrollWheelZoom=false&amp;zoomControl=true&amp;allowEdit=false&amp;moreControl=true&amp;searchControl=null&amp;tilelayersControl=null&amp;embedControl=null&amp;datalayersControl=true&amp;onLoadPanel=undefined&amp;captionBar=false&amp;captionMenus=true#12\/45.9206\/6.8445\" target=\"_blank\" rel=\"noopener\" title=\"Carte des secteurs : \">Carte des secteurs : <\/a><\/p>\n\n\n\n<p><iframe loading=\"lazy\" width=\"100%\" height=\"300px\" frameborder=\"0\" allowfullscreen=\"\" allow=\"geolocation\" src=\"\/\/umap.openstreetmap.fr\/fr\/map\/collecte-crottes-herbiland_946769?scaleControl=false&amp;miniMap=false&amp;scrollWheelZoom=false&amp;zoomControl=true&amp;allowEdit=false&amp;moreControl=true&amp;searchControl=null&amp;tilelayersControl=null&amp;embedControl=null&amp;datalayersControl=true&amp;onLoadPanel=undefined&amp;captionBar=false&amp;captionMenus=true\"><\/iframe><p><a href=\"\/\/umap.openstreetmap.fr\/fr\/map\/collecte-crottes-herbiland_946769?scaleControl=false&amp;miniMap=false&amp;scrollWheelZoom=true&amp;zoomControl=true&amp;allowEdit=false&amp;moreControl=true&amp;searchControl=null&amp;tilelayersControl=null&amp;embedControl=null&amp;datalayersControl=true&amp;onLoadPanel=undefined&amp;captionBar=false&amp;captionMenus=true\">Voir en plein \u00e9cran<\/a><\/p><br>La premi\u00e8re formation de collectes de crottes a eu lieu le mercredi 2 ao\u00fbt 2023 dans le jardin de l&rsquo;Observatoire. Une occasion pour chaque participant de s&rsquo;inscrire dans une d\u00e9marche scientifique, d&rsquo;apprendre \u00e0 utiliser des cl\u00e9s de d\u00e9termination, reconna\u00eetre les crottes des herbivores et de repartir avec des tubes de collecte pour participer activement \u00e0 ce projet. <\/p>\n\n\n\n<div class=\"wp-block-columns is-layout-flex wp-container-core-columns-is-layout-9d6595d7 wp-block-columns-is-layout-flex\">\n<div class=\"wp-block-column is-layout-flow wp-block-column-is-layout-flow\">\n<figure class=\"wp-block-image size-large\"><img loading=\"lazy\" decoding=\"async\" width=\"1000\" height=\"774\" src=\"http:\/\/blog.creamontblanc.org\/wp-content\/uploads\/2023\/08\/2023-08-03-at-10.15.22-1000x774.jpg\" alt=\"\" class=\"wp-image-4825\" srcset=\"https:\/\/blog.creamontblanc.org\/wp-content\/uploads\/2023\/08\/2023-08-03-at-10.15.22-1000x774.jpg 1000w, https:\/\/blog.creamontblanc.org\/wp-content\/uploads\/2023\/08\/2023-08-03-at-10.15.22-300x232.jpg 300w, https:\/\/blog.creamontblanc.org\/wp-content\/uploads\/2023\/08\/2023-08-03-at-10.15.22-768x594.jpg 768w, https:\/\/blog.creamontblanc.org\/wp-content\/uploads\/2023\/08\/2023-08-03-at-10.15.22-1536x1189.jpg 1536w, https:\/\/blog.creamontblanc.org\/wp-content\/uploads\/2023\/08\/2023-08-03-at-10.15.22.jpg 1777w\" sizes=\"auto, (max-width: 1000px) 100vw, 1000px\" \/><\/figure>\n<\/div>\n\n\n\n<div class=\"wp-block-column is-layout-flow wp-block-column-is-layout-flow\">\n<figure class=\"wp-block-image size-full\"><img loading=\"lazy\" decoding=\"async\" width=\"992\" height=\"768\" src=\"http:\/\/blog.creamontblanc.org\/wp-content\/uploads\/2023\/08\/2023-08-02-at-20.30.21-2.jpg\" alt=\"\" class=\"wp-image-4827\" srcset=\"https:\/\/blog.creamontblanc.org\/wp-content\/uploads\/2023\/08\/2023-08-02-at-20.30.21-2.jpg 992w, https:\/\/blog.creamontblanc.org\/wp-content\/uploads\/2023\/08\/2023-08-02-at-20.30.21-2-300x232.jpg 300w, https:\/\/blog.creamontblanc.org\/wp-content\/uploads\/2023\/08\/2023-08-02-at-20.30.21-2-768x595.jpg 768w\" sizes=\"auto, (max-width: 992px) 100vw, 992px\" \/><\/figure>\n<\/div>\n\n\n\n<div class=\"wp-block-column is-layout-flow wp-block-column-is-layout-flow\">\n<figure class=\"wp-block-image size-large\"><img loading=\"lazy\" decoding=\"async\" width=\"1000\" height=\"774\" src=\"http:\/\/blog.creamontblanc.org\/wp-content\/uploads\/2023\/08\/20230802-1000x774.jpg\" alt=\"\" class=\"wp-image-4831\" srcset=\"https:\/\/blog.creamontblanc.org\/wp-content\/uploads\/2023\/08\/20230802-1000x774.jpg 1000w, https:\/\/blog.creamontblanc.org\/wp-content\/uploads\/2023\/08\/20230802-300x232.jpg 300w, https:\/\/blog.creamontblanc.org\/wp-content\/uploads\/2023\/08\/20230802-768x594.jpg 768w, https:\/\/blog.creamontblanc.org\/wp-content\/uploads\/2023\/08\/20230802.jpg 1400w\" sizes=\"auto, (max-width: 1000px) 100vw, 1000px\" \/><\/figure>\n<\/div>\n<\/div>\n","protected":false},"excerpt":{"rendered":"<p>Collecte de crottes d&rsquo;ongul\u00e9s sauvages et domestiques pour le projet HerbiLand Dans le cadre de ce projet sur la dynamique des populations d&rsquo;ongul\u00e9s sauvages en milieu supra-forestier, un des objectifs scientifiques est de d\u00e9terminer les esp\u00e8ces v\u00e9g\u00e9tales des landes consomm\u00e9es &hellip; <a href=\"https:\/\/blog.creamontblanc.org?p=4788\">Lire la suite\u00ad\u00ad<\/a><\/p>\n","protected":false},"author":21,"featured_media":4792,"comment_status":"open","ping_status":"open","sticky":false,"template":"","format":"standard","meta":{"_monsterinsights_skip_tracking":false,"_monsterinsights_sitenote_active":false,"_monsterinsights_sitenote_note":"","_monsterinsights_sitenote_category":0,"ngg_post_thumbnail":0,"footnotes":""},"categories":[194,31],"tags":[44,302,38],"class_list":["post-4788","post","type-post","status-publish","format-standard","has-post-thumbnail","hentry","category-la-recherche","category-sciences-participatives","tag-benevolat","tag-herbiland","tag-science-participative"],"aioseo_notices":[],"amp_enabled":true,"_links":{"self":[{"href":"https:\/\/blog.creamontblanc.org\/index.php?rest_route=\/wp\/v2\/posts\/4788","targetHints":{"allow":["GET"]}}],"collection":[{"href":"https:\/\/blog.creamontblanc.org\/index.php?rest_route=\/wp\/v2\/posts"}],"about":[{"href":"https:\/\/blog.creamontblanc.org\/index.php?rest_route=\/wp\/v2\/types\/post"}],"author":[{"embeddable":true,"href":"https:\/\/blog.creamontblanc.org\/index.php?rest_route=\/wp\/v2\/users\/21"}],"replies":[{"embeddable":true,"href":"https:\/\/blog.creamontblanc.org\/index.php?rest_route=%2Fwp%2Fv2%2Fcomments&post=4788"}],"version-history":[{"count":18,"href":"https:\/\/blog.creamontblanc.org\/index.php?rest_route=\/wp\/v2\/posts\/4788\/revisions"}],"predecessor-version":[{"id":5395,"href":"https:\/\/blog.creamontblanc.org\/index.php?rest_route=\/wp\/v2\/posts\/4788\/revisions\/5395"}],"wp:featuredmedia":[{"embeddable":true,"href":"https:\/\/blog.creamontblanc.org\/index.php?rest_route=\/wp\/v2\/media\/4792"}],"wp:attachment":[{"href":"https:\/\/blog.creamontblanc.org\/index.php?rest_route=%2Fwp%2Fv2%2Fmedia&parent=4788"}],"wp:term":[{"taxonomy":"category","embeddable":true,"href":"https:\/\/blog.creamontblanc.org\/index.php?rest_route=%2Fwp%2Fv2%2Fcategories&post=4788"},{"taxonomy":"post_tag","embeddable":true,"href":"https:\/\/blog.creamontblanc.org\/index.php?rest_route=%2Fwp%2Fv2%2Ftags&post=4788"}],"curies":[{"name":"wp","href":"https:\/\/api.w.org\/{rel}","templated":true}]}}