{"id":4707,"date":"2023-07-24T12:44:50","date_gmt":"2023-07-24T11:44:50","guid":{"rendered":"https:\/\/blog.creamontblanc.org?p=4707"},"modified":"2023-07-26T13:58:11","modified_gmt":"2023-07-26T12:58:11","slug":"lhistoire-scientifique-de-la-vallee-en-bd","status":"publish","type":"post","link":"https:\/\/blog.creamontblanc.org?p=4707","title":{"rendered":"L&rsquo;histoire scientifique de la vall\u00e9e en BD"},"content":{"rendered":"\n<h3 class=\"wp-block-heading\">Durant l&rsquo;ann\u00e9e 2022 \/ 2023, le CREA Mont-Blanc a eu le plaisir de suivre le travail d&rsquo;A\u00eblig Cr\u00e9no, illustrateur r\u00e9cemment diplom\u00e9 de la prestigieuse \u00e9cole Estienne \u00e0 Paris, qui a choisi l&rsquo;histoire scientifique de la vall\u00e9e de Chamonix Mont-Blanc pour son projet de fin d&rsquo;\u00e9tudes. Le r\u00e9sultat : une bande dessin\u00e9e de 24 pages, qui aurait plu &#8211; on l&rsquo;esp\u00e8re &#8211; \u00e0 Joseph Vallot. <\/h3>\n\n\n\n<figure class=\"wp-block-image size-large\"><img loading=\"lazy\" decoding=\"async\" width=\"1000\" height=\"663\" src=\"https:\/\/blog.creamontblanc.org\/wp-content\/uploads\/2023\/07\/Capture-de\u0301cran-2023-07-24-a\u0300-12.24.57-min-1000x663.png\" alt=\"\" class=\"wp-image-4708\" srcset=\"https:\/\/blog.creamontblanc.org\/wp-content\/uploads\/2023\/07\/Capture-de\u0301cran-2023-07-24-a\u0300-12.24.57-min-1000x663.png 1000w, https:\/\/blog.creamontblanc.org\/wp-content\/uploads\/2023\/07\/Capture-de\u0301cran-2023-07-24-a\u0300-12.24.57-min-300x199.png 300w, https:\/\/blog.creamontblanc.org\/wp-content\/uploads\/2023\/07\/Capture-de\u0301cran-2023-07-24-a\u0300-12.24.57-min-768x509.png 768w, https:\/\/blog.creamontblanc.org\/wp-content\/uploads\/2023\/07\/Capture-de\u0301cran-2023-07-24-a\u0300-12.24.57-min-1536x1018.png 1536w, https:\/\/blog.creamontblanc.org\/wp-content\/uploads\/2023\/07\/Capture-de\u0301cran-2023-07-24-a\u0300-12.24.57-min.png 1690w\" sizes=\"auto, (max-width: 1000px) 100vw, 1000px\" \/><\/figure>\n\n\n\n<p><\/p>\n\n\n\n<p><\/p>\n\n\n\n<div class=\"wp-block-columns is-layout-flex wp-container-core-columns-is-layout-9d6595d7 wp-block-columns-is-layout-flex\">\n<div class=\"wp-block-column is-layout-flow wp-block-column-is-layout-flow\" style=\"flex-basis:50%\">\n<p><em>Projet r\u00e9alis\u00e9 par A\u00eblig Cr\u00e9no<br>Dans le cadre du projet de dipl\u00f4me du DSAA DIS 2<br>\u00a9 CREA Mont-Blanc \u00a9 Ecole Estienne<br>Tous droits r\u00e9serv\u00e9s<\/em><\/p>\n<\/div>\n\n\n\n<div class=\"wp-block-column is-layout-flow wp-block-column-is-layout-flow\" style=\"flex-basis:50%\">\n<div class=\"wp-block-buttons is-content-justification-center is-layout-flex wp-container-core-buttons-is-layout-16018d1d wp-block-buttons-is-layout-flex\">\n<div class=\"wp-block-button\"><a class=\"wp-block-button__link has-virtue-primary-background-color has-background wp-element-button\" href=\"https:\/\/drive.google.com\/file\/d\/1bFEY-DN8GkMhaYnwrrBSQrs7sjhIc7YZ\/view?usp=sharing\" target=\"_blank\" rel=\"noreferrer noopener\">Lire l&rsquo;int\u00e9gralit\u00e9 de la BD<\/a><\/div>\n<\/div>\n<\/div>\n<\/div>\n\n\n\n<p><\/p>\n\n\n\n<figure class=\"wp-block-image size-large\"><img loading=\"lazy\" decoding=\"async\" width=\"1000\" height=\"658\" src=\"https:\/\/blog.creamontblanc.org\/wp-content\/uploads\/2023\/07\/Capture-de\u0301cran-2023-07-24-a\u0300-12.45.54-min-1000x658.png\" alt=\"\" class=\"wp-image-4722\" srcset=\"https:\/\/blog.creamontblanc.org\/wp-content\/uploads\/2023\/07\/Capture-de\u0301cran-2023-07-24-a\u0300-12.45.54-min-1000x658.png 1000w, https:\/\/blog.creamontblanc.org\/wp-content\/uploads\/2023\/07\/Capture-de\u0301cran-2023-07-24-a\u0300-12.45.54-min-300x197.png 300w, https:\/\/blog.creamontblanc.org\/wp-content\/uploads\/2023\/07\/Capture-de\u0301cran-2023-07-24-a\u0300-12.45.54-min-768x505.png 768w, https:\/\/blog.creamontblanc.org\/wp-content\/uploads\/2023\/07\/Capture-de\u0301cran-2023-07-24-a\u0300-12.45.54-min-1536x1010.png 1536w, https:\/\/blog.creamontblanc.org\/wp-content\/uploads\/2023\/07\/Capture-de\u0301cran-2023-07-24-a\u0300-12.45.54-min.png 1682w\" sizes=\"auto, (max-width: 1000px) 100vw, 1000px\" \/><\/figure>\n\n\n\n<h3 class=\"wp-block-heading\">Peux-tu te pr\u00e9senter, ainsi que ton parcours ?<\/h3>\n\n\n\n<blockquote class=\"wp-block-quote is-layout-flow wp-block-quote-is-layout-flow\">\n<p>Je suis A\u00eblig Cr\u00e9no, depuis tout jeune je passe beaucoup de temps \u00e0 dessiner ce qui m&rsquo;entoure. C\u2019est pourquoi je me suis tourn\u00e9 vers des formations dans les arts graphiques. J\u2019ai r\u00e9alis\u00e9 un Bac Arts Appliqu\u00e9s, un BTS Design Graphique et un DSAA en Illustration Scientifique.<\/p>\n<\/blockquote>\n\n\n\n<h3 class=\"wp-block-heading\">Quelle formation as-tu suivie \u00e0 l\u2019\u00e9cole Estienne ?<\/h3>\n\n\n\n<blockquote class=\"wp-block-quote is-layout-flow wp-block-quote-is-layout-flow\">\n<p>J&rsquo;ai suivi le Dipl\u00f4me Sup\u00e9rieur en Art Appliqu\u00e9 en Design d&rsquo;Illustration Scientifique (DSAA DIS) \u00e0 l&rsquo;\u00e9cole Estienne, \u00e0 Paris. Durant cette formation j\u2019ai pu travailler sur la transmission, la vulgarisation et la sensibilisation de connaissances gr\u00e2ce \u00e0 l\u2019illustration scientifique et au design graphique.<\/p>\n<\/blockquote>\n\n\n\n<h3 class=\"wp-block-heading\">Quel est ton lien avec la science ?<\/h3>\n\n\n\n<blockquote class=\"wp-block-quote is-layout-flow wp-block-quote-is-layout-flow\">\n<p>Je dirais que j\u2019ai eu, pendant longtemps, un rapport de consommateur de sujets scientifiques, notamment pour les sciences de la vie et de l\u2019environnement. L\u2019illustration scientifique me permet d\u2019avoir, \u00e0 mon \u00e9chelle, un r\u00f4le dans la m\u00e9diation et ainsi participer \u00e0 la transmission de connaissance.<\/p>\n<\/blockquote>\n\n\n\n<h3 class=\"wp-block-heading\">Pourquoi avoir choisi ce th\u00e8me pour ton projet de fin d\u2019\u00e9tudes ?<\/h3>\n\n\n\n<blockquote class=\"wp-block-quote is-layout-flow wp-block-quote-is-layout-flow\">\n<p>Les milieux montagneux regorgent de tellement de sujets fascinants, mais ils sont pour une grande partie de niche. C\u2019est pourquoi, en \u00e9changeant avec Anne Delestrade et Brad Carlson <strong><em>(NDLR : qui a officiellement encadr\u00e9 le projet d&rsquo;A\u00eblig durant toute l&rsquo;ann\u00e9e)<\/em><\/strong>, la valorisation de l\u2019histoire des sciences de montagne se trouvait \u00eatre une bonne introduction \u00e0 ce domaine.<\/p>\n<\/blockquote>\n\n\n\n<div class=\"wp-block-columns is-layout-flex wp-container-core-columns-is-layout-9d6595d7 wp-block-columns-is-layout-flex\">\n<div class=\"wp-block-column is-layout-flow wp-block-column-is-layout-flow\" style=\"flex-basis:33.33%\">\n<figure class=\"wp-block-image size-large\"><img loading=\"lazy\" decoding=\"async\" width=\"644\" height=\"1000\" src=\"https:\/\/blog.creamontblanc.org\/wp-content\/uploads\/2023\/07\/Capture-de\u0301cran-2023-07-24-a\u0300-12.52.58-min-1-644x1000.png\" alt=\"\" class=\"wp-image-4728\" srcset=\"https:\/\/blog.creamontblanc.org\/wp-content\/uploads\/2023\/07\/Capture-de\u0301cran-2023-07-24-a\u0300-12.52.58-min-1-644x1000.png 644w, https:\/\/blog.creamontblanc.org\/wp-content\/uploads\/2023\/07\/Capture-de\u0301cran-2023-07-24-a\u0300-12.52.58-min-1-193x300.png 193w, https:\/\/blog.creamontblanc.org\/wp-content\/uploads\/2023\/07\/Capture-de\u0301cran-2023-07-24-a\u0300-12.52.58-min-1-768x1193.png 768w, https:\/\/blog.creamontblanc.org\/wp-content\/uploads\/2023\/07\/Capture-de\u0301cran-2023-07-24-a\u0300-12.52.58-min-1.png 838w\" sizes=\"auto, (max-width: 644px) 100vw, 644px\" \/><\/figure>\n<\/div>\n\n\n\n<div class=\"wp-block-column is-layout-flow wp-block-column-is-layout-flow\" style=\"flex-basis:66.66%\">\n<figure class=\"wp-block-image size-large\"><img loading=\"lazy\" decoding=\"async\" width=\"1331\" height=\"772\" src=\"https:\/\/blog.creamontblanc.org\/wp-content\/uploads\/2023\/07\/Screen-Shot-2023-06-20-at-11.15.14-AM-min-edited.png\" alt=\"\" class=\"wp-image-4730\" srcset=\"https:\/\/blog.creamontblanc.org\/wp-content\/uploads\/2023\/07\/Screen-Shot-2023-06-20-at-11.15.14-AM-min-edited.png 1331w, https:\/\/blog.creamontblanc.org\/wp-content\/uploads\/2023\/07\/Screen-Shot-2023-06-20-at-11.15.14-AM-min-edited-300x174.png 300w, https:\/\/blog.creamontblanc.org\/wp-content\/uploads\/2023\/07\/Screen-Shot-2023-06-20-at-11.15.14-AM-min-edited-1000x580.png 1000w, https:\/\/blog.creamontblanc.org\/wp-content\/uploads\/2023\/07\/Screen-Shot-2023-06-20-at-11.15.14-AM-min-edited-768x445.png 768w\" sizes=\"auto, (max-width: 1331px) 100vw, 1331px\" \/><\/figure>\n\n\n\n<p><em>Des relev\u00e9s de v\u00e9g\u00e9tation dans le massif du Mont-Blanc \u00e0 la pr\u00e9sentation de son travail \u00e0 Paris lors de sa soutenance, le 20 juin 2023 : A\u00eblig est un illustrateur scientifique tout terrain. <\/em><\/p>\n<\/div>\n<\/div>\n\n\n\n<h3 class=\"wp-block-heading\">Un petit mot sur ton immersion au CREA Mont-Blanc ?<\/h3>\n\n\n\n<blockquote class=\"wp-block-quote is-layout-flow wp-block-quote-is-layout-flow\">\n<p>Durant les deux semaines que j\u2019ai pu passer au CREA Mont-Blanc, j\u2019ai eu l\u2019occasion de rencontrer des personnes passionn\u00e9es et passionnantes. Tant sur le terrain que <a href=\"https:\/\/creamontblanc.org\/fr\/observatoire-vallot-histoire-scientifique-chamonix-patrimoine\/\" target=\"_blank\" rel=\"noopener\" title=\"\">dans le Chalet Vallot<\/a>. Durant ces quelques jours, j\u2019ai vu la vari\u00e9t\u00e9 des projets <strong><em>(NDLR : en particulier <a href=\"https:\/\/blog.creamontblanc.org\/?p=4165\" target=\"_blank\" rel=\"noopener\" title=\"\">le #ScienceSandwich consacr\u00e9 aux esp\u00e8ces blanches<\/a>) <\/em><\/strong>et eu une id\u00e9e de ceux \u00e0 d\u00e9couvrir.<\/p>\n<\/blockquote>\n\n\n\n<h3 class=\"wp-block-heading\">Quel a \u00e9t\u00e9 ton plus grand challenge dans ce projet ?<\/h3>\n\n\n\n<blockquote class=\"wp-block-quote is-layout-flow wp-block-quote-is-layout-flow\">\n<p>Le plus gros challenge durant le projet a \u00e9t\u00e9 l\u2019une des parties que je n\u2019avais jamais eu l\u2019occasion de faire : il s&rsquo;agit de l\u2019archivage des ressources et de la s\u00e9lection des \u00e9l\u00e9ments que l\u2019on allait conserver pour le sc\u00e9nario de la bande dessin\u00e9e documentaire. C\u2019est une \u00e9tape assez longue et dense mais qui est super captivante pour se lancer dans un projet comme celui-ci.<\/p>\n<cite>Ci-dessous : storyboard et test de couleur<\/cite><\/blockquote>\n\n\n\n<div class=\"wp-block-columns is-layout-flex wp-container-core-columns-is-layout-9d6595d7 wp-block-columns-is-layout-flex\">\n<div class=\"wp-block-column is-layout-flow wp-block-column-is-layout-flow\">\n<figure class=\"wp-block-image size-full\"><img loading=\"lazy\" decoding=\"async\" width=\"456\" height=\"681\" src=\"https:\/\/blog.creamontblanc.org\/wp-content\/uploads\/2023\/07\/test-couleurs-num-min.png\" alt=\"\" class=\"wp-image-4732\" srcset=\"https:\/\/blog.creamontblanc.org\/wp-content\/uploads\/2023\/07\/test-couleurs-num-min.png 456w, https:\/\/blog.creamontblanc.org\/wp-content\/uploads\/2023\/07\/test-couleurs-num-min-201x300.png 201w\" sizes=\"auto, (max-width: 456px) 100vw, 456px\" \/><\/figure>\n<\/div>\n\n\n\n<div class=\"wp-block-column is-layout-flow wp-block-column-is-layout-flow\">\n<figure class=\"wp-block-image size-large\"><img loading=\"lazy\" decoding=\"async\" width=\"757\" height=\"1000\" src=\"https:\/\/blog.creamontblanc.org\/wp-content\/uploads\/2023\/07\/Capture-de\u0301cran-2023-07-24-a\u0300-13.00.48-min-757x1000.png\" alt=\"\" class=\"wp-image-4734\" srcset=\"https:\/\/blog.creamontblanc.org\/wp-content\/uploads\/2023\/07\/Capture-de\u0301cran-2023-07-24-a\u0300-13.00.48-min-757x1000.png 757w, https:\/\/blog.creamontblanc.org\/wp-content\/uploads\/2023\/07\/Capture-de\u0301cran-2023-07-24-a\u0300-13.00.48-min-227x300.png 227w, https:\/\/blog.creamontblanc.org\/wp-content\/uploads\/2023\/07\/Capture-de\u0301cran-2023-07-24-a\u0300-13.00.48-min-768x1014.png 768w, https:\/\/blog.creamontblanc.org\/wp-content\/uploads\/2023\/07\/Capture-de\u0301cran-2023-07-24-a\u0300-13.00.48-min.png 1098w\" sizes=\"auto, (max-width: 757px) 100vw, 757px\" \/><\/figure>\n<\/div>\n\n\n\n<div class=\"wp-block-column is-layout-flow wp-block-column-is-layout-flow\">\n<figure class=\"wp-block-image size-large\"><img loading=\"lazy\" decoding=\"async\" width=\"759\" height=\"1000\" src=\"https:\/\/blog.creamontblanc.org\/wp-content\/uploads\/2023\/07\/Capture-de\u0301cran-2023-07-24-a\u0300-13.02.08-759x1000.png\" alt=\"\" class=\"wp-image-4738\" srcset=\"https:\/\/blog.creamontblanc.org\/wp-content\/uploads\/2023\/07\/Capture-de\u0301cran-2023-07-24-a\u0300-13.02.08-759x1000.png 759w, https:\/\/blog.creamontblanc.org\/wp-content\/uploads\/2023\/07\/Capture-de\u0301cran-2023-07-24-a\u0300-13.02.08-228x300.png 228w, https:\/\/blog.creamontblanc.org\/wp-content\/uploads\/2023\/07\/Capture-de\u0301cran-2023-07-24-a\u0300-13.02.08-768x1012.png 768w, https:\/\/blog.creamontblanc.org\/wp-content\/uploads\/2023\/07\/Capture-de\u0301cran-2023-07-24-a\u0300-13.02.08.png 1112w\" sizes=\"auto, (max-width: 759px) 100vw, 759px\" \/><\/figure>\n<\/div>\n<\/div>\n\n\n\n<h3 class=\"wp-block-heading\">Et la suite pour toi ?<\/h3>\n\n\n\n<blockquote class=\"wp-block-quote is-layout-flow wp-block-quote-is-layout-flow\">\n<p>Cette ann\u00e9e m\u2019a permis de confirmer que je souhaite continuer \u00e0 travailler sur des th\u00e9matiques li\u00e9es aux milieux montagneux et sur le vivant en g\u00e9n\u00e9ral (notamment l\u2019anatomie compar\u00e9e). Ma participation <a href=\"https:\/\/blog.creamontblanc.org\/?p=3686\" target=\"_blank\" rel=\"noopener\" title=\"\">aux relev\u00e9s de terrain pendant l\u2019\u00e9t\u00e9 2022<\/a> m&rsquo;a \u00e9galement aid\u00e9 \u00e0 prendre conscience que je souhaiterai \u00eatre plus qu\u2019un \u00ab\u00a0illustrateur de bureau\u201d, l\u2019id\u00e9e serait de pouvoir accompagner les scientifiques sur leurs lieux d\u2019\u00e9tudes pour mieux saisir leurs ressentis et ajouter de l\u2019humain dans la science. L\u2019objectif serait de devenir, en quelque sorte, un illustrateur scientifique tout terrain.<\/p>\n<\/blockquote>\n\n\n\n<p><strong>Toute l&rsquo;\u00e9quipe du CREA Mont-Blanc f\u00e9licite A\u00eblig pour son travail passionn\u00e9 et passionnant autour de l&rsquo;histoire de Joseph Vallot et des suites qui sont \u00e9crites chaque jour par notre association, au service de la connaissance scientifique du massif. Merci \u00e0 Brad Carlson d&rsquo;avoir assur\u00e9 le suivi du projet ! <\/strong><\/p>\n\n\n\n<figure class=\"wp-block-image size-large\"><img loading=\"lazy\" decoding=\"async\" width=\"1000\" height=\"658\" src=\"https:\/\/blog.creamontblanc.org\/wp-content\/uploads\/2023\/07\/Capture-de\u0301cran-2023-07-24-a\u0300-12.46.05-min1-1000x658.png\" alt=\"\" class=\"wp-image-4740\" srcset=\"https:\/\/blog.creamontblanc.org\/wp-content\/uploads\/2023\/07\/Capture-de\u0301cran-2023-07-24-a\u0300-12.46.05-min1-1000x658.png 1000w, https:\/\/blog.creamontblanc.org\/wp-content\/uploads\/2023\/07\/Capture-de\u0301cran-2023-07-24-a\u0300-12.46.05-min1-300x197.png 300w, https:\/\/blog.creamontblanc.org\/wp-content\/uploads\/2023\/07\/Capture-de\u0301cran-2023-07-24-a\u0300-12.46.05-min1-768x505.png 768w, https:\/\/blog.creamontblanc.org\/wp-content\/uploads\/2023\/07\/Capture-de\u0301cran-2023-07-24-a\u0300-12.46.05-min1-1536x1010.png 1536w, https:\/\/blog.creamontblanc.org\/wp-content\/uploads\/2023\/07\/Capture-de\u0301cran-2023-07-24-a\u0300-12.46.05-min1.png 1682w\" sizes=\"auto, (max-width: 1000px) 100vw, 1000px\" \/><\/figure>\n","protected":false},"excerpt":{"rendered":"<p>Durant l&rsquo;ann\u00e9e 2022 \/ 2023, le CREA Mont-Blanc a eu le plaisir de suivre le travail d&rsquo;A\u00eblig Cr\u00e9no, illustrateur r\u00e9cemment diplom\u00e9 de la prestigieuse \u00e9cole Estienne \u00e0 Paris, qui a choisi l&rsquo;histoire scientifique de la vall\u00e9e de Chamonix Mont-Blanc pour &hellip; <a href=\"https:\/\/blog.creamontblanc.org?p=4707\">Lire la suite\u00ad\u00ad<\/a><\/p>\n","protected":false},"author":18,"featured_media":4708,"comment_status":"open","ping_status":"open","sticky":false,"template":"","format":"standard","meta":{"_monsterinsights_skip_tracking":false,"_monsterinsights_sitenote_active":false,"_monsterinsights_sitenote_note":"","_monsterinsights_sitenote_category":0,"ngg_post_thumbnail":0,"footnotes":""},"categories":[5],"tags":[298,297,185,299,296,15,14,300,281,192,301],"class_list":["post-4707","post","type-post","status-publish","format-standard","has-post-thumbnail","hentry","category-vie-association","tag-bd","tag-dessin","tag-etudiants","tag-histoire","tag-illustration","tag-joseph-vallot","tag-observatoire-du-mont-blanc","tag-patrimoine","tag-projetobs","tag-retour-dexperience","tag-vallot"],"aioseo_notices":[],"amp_enabled":true,"_links":{"self":[{"href":"https:\/\/blog.creamontblanc.org\/index.php?rest_route=\/wp\/v2\/posts\/4707","targetHints":{"allow":["GET"]}}],"collection":[{"href":"https:\/\/blog.creamontblanc.org\/index.php?rest_route=\/wp\/v2\/posts"}],"about":[{"href":"https:\/\/blog.creamontblanc.org\/index.php?rest_route=\/wp\/v2\/types\/post"}],"author":[{"embeddable":true,"href":"https:\/\/blog.creamontblanc.org\/index.php?rest_route=\/wp\/v2\/users\/18"}],"replies":[{"embeddable":true,"href":"https:\/\/blog.creamontblanc.org\/index.php?rest_route=%2Fwp%2Fv2%2Fcomments&post=4707"}],"version-history":[{"count":27,"href":"https:\/\/blog.creamontblanc.org\/index.php?rest_route=\/wp\/v2\/posts\/4707\/revisions"}],"predecessor-version":[{"id":4756,"href":"https:\/\/blog.creamontblanc.org\/index.php?rest_route=\/wp\/v2\/posts\/4707\/revisions\/4756"}],"wp:featuredmedia":[{"embeddable":true,"href":"https:\/\/blog.creamontblanc.org\/index.php?rest_route=\/wp\/v2\/media\/4708"}],"wp:attachment":[{"href":"https:\/\/blog.creamontblanc.org\/index.php?rest_route=%2Fwp%2Fv2%2Fmedia&parent=4707"}],"wp:term":[{"taxonomy":"category","embeddable":true,"href":"https:\/\/blog.creamontblanc.org\/index.php?rest_route=%2Fwp%2Fv2%2Fcategories&post=4707"},{"taxonomy":"post_tag","embeddable":true,"href":"https:\/\/blog.creamontblanc.org\/index.php?rest_route=%2Fwp%2Fv2%2Ftags&post=4707"}],"curies":[{"name":"wp","href":"https:\/\/api.w.org\/{rel}","templated":true}]}}