{"id":454,"date":"2017-03-03T16:54:24","date_gmt":"2017-03-03T15:54:24","guid":{"rendered":"http:\/\/blog.creamontblanc.org\/?p=454"},"modified":"2022-12-12T11:42:01","modified_gmt":"2022-12-12T10:42:01","slug":"living-lab-mont-blanc","status":"publish","type":"post","link":"https:\/\/blog.creamontblanc.org?p=454","title":{"rendered":"Living lab Mont-Blanc"},"content":{"rendered":"<p><strong>Du 29 septembre au 1er octobre aura lieu \u00e0 Chamonix le premier marathon collaboratif pour valoriser le patrimoine naturel et scientifique du massif du Mont-Blanc. M\u00e9diateurs, communicants, makers, d\u00e9veloppeurs ou amoureux de la montagne, rejoignez la communaut\u00e9 pour un mix hors du commun entre France, Suisse et Italie !<\/strong><\/p>\n<p>&nbsp;<\/p>\n<figure id=\"attachment_455\" class=\"thumbnail wp-caption aligncenter\" style=\"width: 1000px\"><a href=\"http:\/\/blog.creamontblanc.org\/living-lab-mont-blanc\/journee-dintroduction-de-la-semaine-sciences-aux-posettes\/\" rel=\"attachment wp-att-455\"><img loading=\"lazy\" decoding=\"async\" class=\"size-full wp-image-455\" src=\"http:\/\/blog.creamontblanc.org\/wp-content\/uploads\/2017\/03\/11-07-2016_Intro_posettes1.jpg\" alt=\"Sortie de terrain aux Posettes \u00a9 CREA Mont-Blanc\" width=\"1000\" height=\"501\" srcset=\"https:\/\/blog.creamontblanc.org\/wp-content\/uploads\/2017\/03\/11-07-2016_Intro_posettes1.jpg 1000w, https:\/\/blog.creamontblanc.org\/wp-content\/uploads\/2017\/03\/11-07-2016_Intro_posettes1-300x150.jpg 300w, https:\/\/blog.creamontblanc.org\/wp-content\/uploads\/2017\/03\/11-07-2016_Intro_posettes1-768x385.jpg 768w\" sizes=\"auto, (max-width: 1000px) 100vw, 1000px\" \/><\/a><figcaption class=\"caption wp-caption-text\"><em>Sortie de terrain aux Posettes \u00a9 CREA Mont-Blanc<\/em><\/figcaption><\/figure>\n<p>&nbsp;<\/p>\n<p>Au CREA Mont-Blanc, alors que l\u2019on pratique la \u00ab participation citoyenne \u00bb depuis pr\u00e8s de 20 ans, nous nous sommes laiss\u00e9 s\u00e9duire par ce nouveau format, le Living Lab, qui essaime partout en France et dans le monde. En suivant le mod\u00e8le des communaut\u00e9s <a href=\"http:\/\/www.museomix.org\/\" target=\"_blank\" rel=\"noopener\">Mus\u00e9omix<\/a> ou <a href=\"http:\/\/ardechemixcamp.org\/\" target=\"_blank\" rel=\"noopener\">Mix Camp<\/a>, nous vous proposons donc de participer cette ann\u00e9e \u00e0 Chamonix \u00e0 un \u00e9v\u00e8nement in\u00e9dit en montagne pour contribuer \u00e0 faire du Mont-Blanc un site de suivi de r\u00e9f\u00e9rence de l\u2019impact du changement climatique sur la plan\u00e8te.<\/p>\n<p>Pendant 3 jours en immersion sur le terrain avec des chercheurs internationaux, d\u00e9couvrez l\u2019incroyable patrimoine naturel du massif du Mont-Blanc et la fa\u00e7on dont la faune et la flore est suivie par le milieu de la recherche\u2026 et par les citoyens ! Participez vous-m\u00eame, dans la grande lign\u00e9e des initiatives de sciences citoyennes, au processus de recherche et d\u2019innovation \u00e0 travers des d\u00e9couvertes inattendues, des collaborations stimulantes et des rencontres privil\u00e9gi\u00e9es.<\/p>\n<p>&nbsp;<\/p>\n<p style=\"text-align: center\"><strong>Living lab Mont-Blanc \u00a0<\/strong><\/p>\n<p style=\"text-align: center\">Du vendredi 29 septembre au dimanche 1er octobre 2017<br \/>\nCharmonix-Mont-Blanc<\/p>\n<p>&nbsp;<\/p>\n<p><em>Plus d\u2019infos, tarifs et inscriptions \u00e0 venir<\/em><\/p>\n<p>&nbsp;<\/p>\n<blockquote><p>Vous voulez rejoindre l\u2019\u00e9quipe de b\u00e9n\u00e9voles, devenir facilitateur ou mettre en place un partenariat pour l\u2019organisation et la logistique de l\u2019\u00e9v\u00e8nement (h\u00f4telier, restaurateurs&#8230;)? CONTACTEZ-NOUS !<\/p><\/blockquote>\n<p>&nbsp;<\/p>\n<p><strong>Contact : Charlotte Mader<\/strong><\/p>\n<p>Responsable de communication au CREA Mont-blanc<br \/>\nObservatoire du Mont-Blanc<\/p>\n<p><a href=\"http:\/\/cmader@creamontblanc.org\" target=\"_blank\" rel=\"noopener\">contact mail <\/a><br \/>\n04 50 53 45 16<\/p>\n<p>&nbsp;<\/p>\n<p><strong>Les partenaires<\/strong><\/p>\n<p>Agence R\u00e9gionale de Protection de l&rsquo;environnement, Vall\u00e9e d&rsquo;Aoste (Italie)<\/p>\n<p>Mus\u00e9um d&rsquo;Histoire Naturelle de Neuch\u00e2tel (Suisse)<\/p>\n<p>Vall\u00e9e de Chamonix Mont-Blanc (France)<\/p>\n<p>Museomix Auvergne-Rh\u00f4ne-Alpes (France)<\/p>\n<p>Blue Ice (France)<\/p>\n<p>La Casemate (France)<\/p>\n","protected":false},"excerpt":{"rendered":"<p>Du 29 septembre au 1er octobre aura lieu \u00e0 Chamonix le premier marathon collaboratif pour valoriser le patrimoine naturel et scientifique du massif du Mont-Blanc. M\u00e9diateurs, communicants, makers, d\u00e9veloppeurs ou amoureux de la montagne, rejoignez la communaut\u00e9 pour un mix &hellip; <a href=\"https:\/\/blog.creamontblanc.org?p=454\">Lire la suite\u00ad\u00ad<\/a><\/p>\n","protected":false},"author":5,"featured_media":455,"comment_status":"open","ping_status":"open","sticky":false,"template":"","format":"standard","meta":{"_monsterinsights_skip_tracking":false,"_monsterinsights_sitenote_active":false,"_monsterinsights_sitenote_note":"","_monsterinsights_sitenote_category":0,"ngg_post_thumbnail":0,"footnotes":""},"categories":[258],"tags":[228],"class_list":["post-454","post","type-post","status-publish","format-standard","has-post-thumbnail","hentry","category-actus-passees","tag-living-lab"],"aioseo_notices":[],"amp_enabled":true,"_links":{"self":[{"href":"https:\/\/blog.creamontblanc.org\/index.php?rest_route=\/wp\/v2\/posts\/454","targetHints":{"allow":["GET"]}}],"collection":[{"href":"https:\/\/blog.creamontblanc.org\/index.php?rest_route=\/wp\/v2\/posts"}],"about":[{"href":"https:\/\/blog.creamontblanc.org\/index.php?rest_route=\/wp\/v2\/types\/post"}],"author":[{"embeddable":true,"href":"https:\/\/blog.creamontblanc.org\/index.php?rest_route=\/wp\/v2\/users\/5"}],"replies":[{"embeddable":true,"href":"https:\/\/blog.creamontblanc.org\/index.php?rest_route=%2Fwp%2Fv2%2Fcomments&post=454"}],"version-history":[{"count":5,"href":"https:\/\/blog.creamontblanc.org\/index.php?rest_route=\/wp\/v2\/posts\/454\/revisions"}],"predecessor-version":[{"id":863,"href":"https:\/\/blog.creamontblanc.org\/index.php?rest_route=\/wp\/v2\/posts\/454\/revisions\/863"}],"wp:featuredmedia":[{"embeddable":true,"href":"https:\/\/blog.creamontblanc.org\/index.php?rest_route=\/wp\/v2\/media\/455"}],"wp:attachment":[{"href":"https:\/\/blog.creamontblanc.org\/index.php?rest_route=%2Fwp%2Fv2%2Fmedia&parent=454"}],"wp:term":[{"taxonomy":"category","embeddable":true,"href":"https:\/\/blog.creamontblanc.org\/index.php?rest_route=%2Fwp%2Fv2%2Fcategories&post=454"},{"taxonomy":"post_tag","embeddable":true,"href":"https:\/\/blog.creamontblanc.org\/index.php?rest_route=%2Fwp%2Fv2%2Ftags&post=454"}],"curies":[{"name":"wp","href":"https:\/\/api.w.org\/{rel}","templated":true}]}}