{"id":4490,"date":"2023-06-04T15:46:02","date_gmt":"2023-06-04T14:46:02","guid":{"rendered":"https:\/\/blog.creamontblanc.org?p=4490"},"modified":"2023-08-21T11:25:05","modified_gmt":"2023-08-21T10:25:05","slug":"cet-automne-participer-au-suivi-de-la-fructification-des-arbres","status":"publish","type":"post","link":"https:\/\/blog.creamontblanc.org?p=4490","title":{"rendered":"Cet automne, participez au suivi de la fructification des arbres"},"content":{"rendered":"\n<p><strong>La capacit\u00e9 des arbres \u00e0 produire des graines est un \u00e9l\u00e9ment cl\u00e9 pour la dynamique des for\u00eats. Les observateurs du programme Ph\u00e9noclim sont habitu\u00e9s \u00e0 observer \u00e0 l\u2019automne la s\u00e9nescence de 5 esp\u00e8ces (h\u00eatre, bouleau pubescent, bouleau verruqueux, sorbier, m\u00e9l\u00e8ze). Cette ann\u00e9e, en lien avec le chercheur Georges Kunstler de l\u2019INRAE, nous vous proposons d\u2019observer \u00e9galement la fructification des arbres pour des esp\u00e8ces telles que le noisetier, le fr\u00eane, le sapin et l\u2019\u00e9pic\u00e9a. On vous explique tout \u00e7a.<\/strong><\/p>\n\n\n\n<div class=\"wp-block-columns is-layout-flex wp-container-core-columns-is-layout-9d6595d7 wp-block-columns-is-layout-flex\">\n<div class=\"wp-block-column is-layout-flow wp-block-column-is-layout-flow\"><div class=\"wp-block-image\">\n<figure class=\"aligncenter size-large is-resized\"><img loading=\"lazy\" decoding=\"async\" src=\"http:\/\/blog.creamontblanc.org\/wp-content\/uploads\/2023\/07\/0009-0018bis-1000x751.jpg\" alt=\"\" class=\"wp-image-4604\" style=\"width:500px;height:376px\" width=\"500\" height=\"376\" srcset=\"https:\/\/blog.creamontblanc.org\/wp-content\/uploads\/2023\/07\/0009-0018bis-1000x751.jpg 1000w, https:\/\/blog.creamontblanc.org\/wp-content\/uploads\/2023\/07\/0009-0018bis-300x225.jpg 300w, https:\/\/blog.creamontblanc.org\/wp-content\/uploads\/2023\/07\/0009-0018bis-768x576.jpg 768w, https:\/\/blog.creamontblanc.org\/wp-content\/uploads\/2023\/07\/0009-0018bis-1536x1153.jpg 1536w, https:\/\/blog.creamontblanc.org\/wp-content\/uploads\/2023\/07\/0009-0018bis.jpg 1969w\" sizes=\"auto, (max-width: 500px) 100vw, 500px\" \/><figcaption class=\"wp-element-caption\">C\u00f4ne d&rsquo;\u00e9pic\u00e9a. Cr\u00e9dit : INRAE<\/figcaption><\/figure>\n<\/div><\/div>\n<\/div>\n\n\n\n<h2 class=\"wp-block-heading\">Objectif du projet<\/h2>\n\n\n\n<p>La capacit\u00e9 des arbres \u00e0 produire des graines est un \u00e9l\u00e9ment cl\u00e9 pour la dynamique des for\u00eats des Alpes. Dans le contexte du changement climatique et des perturbations fr\u00e9quentes des for\u00eats, la production de graines d\u00e9termine la capacit\u00e9 des arbres \u00e0 se r\u00e9g\u00e9n\u00e9rer et \u00e0 disperser. La production de graines est aussi une ressource majeure pour de nombreuses esp\u00e8ces qui les consomment, avec donc des impacts sur l\u2019ensemble de la cha\u00eene alimentaire.&nbsp;<\/p>\n\n\n\n<p>Une bonne compr\u00e9hension des capacit\u00e9s de reproductions des arbres forestiers et de l\u2019impact du changement climatique demande cependant un grand nombre d\u2019observations. En effet, la reproduction des arbres peut conna\u00eetre des variations tr\u00e8s importante d&rsquo;une ann\u00e9e \u00e0 l&rsquo;autre avec des ann\u00e9es de fructification massive et d\u2019autres tr\u00e8s faibles, et ce de mani\u00e8re quasi-synchrone \u00e0 l\u2019\u00e9chelle de tous les arbres d\u2019une r\u00e9gion.&nbsp;Ce ph\u00e9nom\u00e8ne de variation interannuelle et synchrone de la fructification est appel\u00e9&nbsp;<em>masting<\/em>. Cette forte variation interannuelle demande donc un suivi r\u00e9p\u00e9t\u00e9 sur plusieurs ann\u00e9es pour pouvoir estimer la capacit\u00e9 de reproduction d\u2019un arbre.<\/p>\n\n\n\n<p>Une ann\u00e9e de forte fructification, l&rsquo;abondance des consommateurs de graines, notamment de rongeurs, augmente de fa\u00e7on spectaculaire. Si l\u2019ann\u00e9e suivante la production de graines est faible ou nulle, la population de consommateurs s\u2019effondre. Pour les arbres, cette variabilit\u00e9 interannuelle est une strat\u00e9gie efficace pour limiter la pr\u00e9dation des graines. Cette strat\u00e9gie est cependant aussi d\u00e9pendante des r\u00e9gimes de variations du climat qui sont largement modifi\u00e9s par le changement climatique.&nbsp;<\/p>\n\n\n\n<h2 class=\"wp-block-heading\">Comment participer au projet ?<\/h2>\n\n\n\n<figure class=\"wp-block-gallery has-nested-images columns-default is-cropped wp-block-gallery-1 is-layout-flex wp-block-gallery-is-layout-flex\">\n<figure class=\"wp-block-image size-large is-style-default\"><img loading=\"lazy\" decoding=\"async\" width=\"750\" height=\"1000\" data-id=\"4543\" src=\"https:\/\/blog.creamontblanc.org\/wp-content\/uploads\/2023\/06\/Fag_Chantal_Reid-750x1000.jpeg\" alt=\"\" class=\"wp-image-4543\" srcset=\"https:\/\/blog.creamontblanc.org\/wp-content\/uploads\/2023\/06\/Fag_Chantal_Reid-750x1000.jpeg 750w, https:\/\/blog.creamontblanc.org\/wp-content\/uploads\/2023\/06\/Fag_Chantal_Reid-225x300.jpeg 225w, https:\/\/blog.creamontblanc.org\/wp-content\/uploads\/2023\/06\/Fag_Chantal_Reid.jpeg 768w\" sizes=\"auto, (max-width: 750px) 100vw, 750px\" \/><figcaption class=\"wp-element-caption\">H\u00eatre &#8211; Chantal Reid <\/figcaption><\/figure>\n\n\n\n<figure class=\"wp-block-image size-large\"><img loading=\"lazy\" decoding=\"async\" width=\"750\" height=\"1000\" data-id=\"4547\" src=\"https:\/\/blog.creamontblanc.org\/wp-content\/uploads\/2023\/06\/frax1_Jim_Clark-750x1000.jpeg\" alt=\"\" class=\"wp-image-4547\" srcset=\"https:\/\/blog.creamontblanc.org\/wp-content\/uploads\/2023\/06\/frax1_Jim_Clark-750x1000.jpeg 750w, https:\/\/blog.creamontblanc.org\/wp-content\/uploads\/2023\/06\/frax1_Jim_Clark-225x300.jpeg 225w, https:\/\/blog.creamontblanc.org\/wp-content\/uploads\/2023\/06\/frax1_Jim_Clark.jpeg 768w\" sizes=\"auto, (max-width: 750px) 100vw, 750px\" \/><figcaption class=\"wp-element-caption\">Fr\u00eane &#8211; Jim Clark<\/figcaption><\/figure>\n\n\n\n<figure class=\"wp-block-image size-large\"><img loading=\"lazy\" decoding=\"async\" width=\"750\" height=\"1000\" data-id=\"4549\" src=\"https:\/\/blog.creamontblanc.org\/wp-content\/uploads\/2023\/06\/pic3_Jim_Clark-750x1000.jpeg\" alt=\"\" class=\"wp-image-4549\" srcset=\"https:\/\/blog.creamontblanc.org\/wp-content\/uploads\/2023\/06\/pic3_Jim_Clark-750x1000.jpeg 750w, https:\/\/blog.creamontblanc.org\/wp-content\/uploads\/2023\/06\/pic3_Jim_Clark-225x300.jpeg 225w, https:\/\/blog.creamontblanc.org\/wp-content\/uploads\/2023\/06\/pic3_Jim_Clark.jpeg 768w\" sizes=\"auto, (max-width: 750px) 100vw, 750px\" \/><figcaption class=\"wp-element-caption\">Epicea &#8211; Jim Clark<\/figcaption><\/figure>\n\n\n\n<figure class=\"wp-block-image size-large\"><img loading=\"lazy\" decoding=\"async\" width=\"750\" height=\"1000\" data-id=\"4553\" src=\"https:\/\/blog.creamontblanc.org\/wp-content\/uploads\/2023\/06\/sorb1_ChantalReid-750x1000.jpeg\" alt=\"\" class=\"wp-image-4553\" srcset=\"https:\/\/blog.creamontblanc.org\/wp-content\/uploads\/2023\/06\/sorb1_ChantalReid-750x1000.jpeg 750w, https:\/\/blog.creamontblanc.org\/wp-content\/uploads\/2023\/06\/sorb1_ChantalReid-225x300.jpeg 225w, https:\/\/blog.creamontblanc.org\/wp-content\/uploads\/2023\/06\/sorb1_ChantalReid.jpeg 768w\" sizes=\"auto, (max-width: 750px) 100vw, 750px\" \/><figcaption class=\"wp-element-caption\">Sorbier &#8211; Chantal Reid<\/figcaption><\/figure>\n\n\n\n<figure class=\"wp-block-image size-large\"><img decoding=\"async\" data-id=\"4564\" src=\"https:\/\/blog.creamontblanc.org\/wp-content\/uploads\/2023\/06\/Lar1_Chantal_Reid_test5.png\" alt=\"\" class=\"wp-image-4564\"\/><figcaption class=\"wp-element-caption\">M\u00e9l\u00e8ze &#8211; Chantal Reid<\/figcaption><\/figure>\n\n\n\n<figure class=\"wp-block-image size-large\"><img loading=\"lazy\" decoding=\"async\" width=\"908\" height=\"641\" data-id=\"4566\" src=\"https:\/\/blog.creamontblanc.org\/wp-content\/uploads\/2023\/06\/Abies2.png\" alt=\"\" class=\"wp-image-4566\" srcset=\"https:\/\/blog.creamontblanc.org\/wp-content\/uploads\/2023\/06\/Abies2.png 908w, https:\/\/blog.creamontblanc.org\/wp-content\/uploads\/2023\/06\/Abies2-300x212.png 300w, https:\/\/blog.creamontblanc.org\/wp-content\/uploads\/2023\/06\/Abies2-768x542.png 768w\" sizes=\"auto, (max-width: 908px) 100vw, 908px\" \/><figcaption class=\"wp-element-caption\">Sapin &#8211; Ulrich Wasem WSL<\/figcaption><\/figure>\n<figcaption class=\"blocks-gallery-caption wp-element-caption\">Les diff\u00e9rents fruits des esp\u00e8ces concern\u00e9es par le protocole. Pour les r\u00e9sineux, seuls les c\u00f4nes de l&rsquo;ann\u00e9e doivent \u00eatre compt\u00e9s. En effet les r\u00e9sineux conservent souvent des vieux c\u00f4nes des ann\u00e9es pr\u00e9c\u00e9dentes sur leurs branches. Ces vieux c\u00f4nes se rep\u00e8rent facilement car ils sont bien ouverts (voir le bas de la photo du m\u00e9l\u00e8ze)<\/figcaption><\/figure>\n\n\n\n<p><\/p>\n\n\n\n<ul class=\"wp-block-list\">\n<li><strong>Esp\u00e8ces Ph\u00e9noclim concern\u00e9es<\/strong> : h\u00eatre, fr\u00eane commun, noisetier, sorbier des oiseleurs, \u00e9pic\u00e9a, m\u00e9l\u00e8ze, sapin pectin\u00e9<\/li>\n<\/ul>\n\n\n\n<ul class=\"wp-block-list\">\n<li><strong>P\u00e9riode d\u2019observation<\/strong> (les c\u00f4nes et graines doivent \u00eatre bien d\u00e9velopp\u00e9s mais avant la dispersion des graines) :\n<ul class=\"wp-block-list\">\n<li>Ao\u00fbt \u00e0 Septembre pour le h\u00eatre, fr\u00eane commun, m\u00e9l\u00e8ze, \u00e9pic\u00e9a, sapin, noisetier<\/li>\n\n\n\n<li>Septembre \u00e0 Octobre pour le sorbier des oiseleurs<\/li>\n<\/ul>\n<\/li>\n<\/ul>\n\n\n\n<ul class=\"wp-block-list\">\n<li><strong>Protocole<\/strong> : Passez observer vos arbres une fois pendant la p\u00e9riode d\u2019observation et notez les param\u00e8tres suivants (les informations <strong>en gras<\/strong> correspondent au nom des champs \u00e0 remplir dans l\u2019interface <a href=\"https:\/\/www.inaturalist.org\/projects\/mastif\">https:\/\/www.inaturalist.org\/projects\/mastif<\/a> ) :\n<ul class=\"wp-block-list\">\n<li><strong>cropCount<\/strong> : avec des jumelles, comptez le nombre de graines ou c\u00f4nes sur une partie visible du houppier de l\u2019arbre. Astuce : pour les feuillus, il ne s\u2019agit pas de compter individuellement chaque graine. Allez voir nos conseils ci-dessous dans la section \u201cTrop de graines \u00e0 compter?\u201d<\/li>\n\n\n\n<li><strong>cropFraction&nbsp;<\/strong>: estimez la proportion de la production totale de graines que vous avez observ\u00e9e. Par exemple, si vous avez observ\u00e9 qu&rsquo;une face de l&rsquo;arbre, vous estimez avoir observ\u00e9 50% de la production totale de graines, cropFraction = 0.5<\/li>\n\n\n\n<li><strong>stemDiameter<\/strong> : mesurez la circonf\u00e9rence de l\u2019arbre \u00e0 1m30 de hauteur (vous l&rsquo;avez peut-\u00eatre d\u00e9j\u00e0 not\u00e9 sur phenoclim.org). Pour obtenir le diam\u00e8tre, il faut simplement diviser la valeur de circonf\u00e9rence par Pi (3,14)<\/li>\n\n\n\n<li><strong>canopyClass&nbsp;<\/strong>: indiquez l\u2019ombrage de l\u2019arbre selon la classification suivante. <strong>:<\/strong> 1: arbre de parc, 2: arbre en plein soleil, 3: arbre avec ombre partielle, 4: arbre principalement \u00e0 l&rsquo;ombre, 5: arbre avec ombre totale <\/li>\n<\/ul>\n<\/li>\n\n\n\n<li><a href=\"http:\/\/blog.creamontblanc.org\/wp-content\/uploads\/2023\/08\/Suivi-FRUCTIFICATION-anne\u0301e-2023-V2.pdf\" target=\"_blank\" rel=\"noopener\" title=\"T\u00e9l\u00e9charger si besoin la fiche terrain r\u00e9capitulative pour vous aider \">T\u00e9l\u00e9charger si besoin la fiche terrain r\u00e9capitulative pour vous aider <\/a><\/li>\n<\/ul>\n\n\n\n<ul class=\"wp-block-list\">\n<li><strong>Pour saisir vos observations<\/strong>, rendez vous sur <a href=\"https:\/\/www.inaturalist.org\/projects\/mastif\">https:\/\/www.inaturalist.org\/projects\/mastif<\/a> Pour chaque observation, vous devrez \u00e9galement sp\u00e9cifier\n<ul class=\"wp-block-list\">\n<li><strong>treeIdentifier<\/strong> : l\u2019identifiant Ph\u00e9noclim de votre arbre (ex: noisetier2)<\/li>\n\n\n\n<li><strong>cropYear<\/strong> : l\u2019ann\u00e9e en cours lors de votre observation (2023)<\/li>\n<\/ul>\n<\/li>\n<\/ul>\n\n\n\n<p><\/p>\n\n\n\n<h2 class=\"wp-block-heading\">Trop de graines \u00e0 compter ?<\/h2>\n\n\n\n<p>Au cours d&rsquo;une ann\u00e9e donn\u00e9e, un arbre peut produire jusqu&rsquo;\u00e0 des centaines de milliers de graines.&nbsp;Ces chiffres doivent \u00eatre repr\u00e9sent\u00e9s dans les donn\u00e9es, m\u00eame s&rsquo;ils sont impr\u00e9cis. Ce d\u00e9nombrement n\u00e9cessite alors des m\u00e9thodes d&rsquo;approximation. <\/p>\n\n\n\n<p>Une bonne m\u00e9thode d&rsquo;approximation est de se baser sur une zone de l&rsquo;arbre regroupant 10 fruits (l&rsquo;usage de jumelles est vivement recommand\u00e9 pour cette action car elles facilitent l&rsquo;observation). Observez et comptez ensuite combien de zones avec environ 10 fruits vous rep\u00e9rez sur l&rsquo;arbre. Si l&rsquo;arbre est tr\u00e8s abondant, il est possible de regrouper les zones par centaine de fruits. <\/p>\n\n\n\n<p>Pour le sorbier comptez le nombre d\u2019<a href=\"https:\/\/fr.wikipedia.org\/wiki\/Infrutescence\" target=\"_blank\" rel=\"noopener\" title=\"infrutescences\">infrutescences<\/a>, pour le fr\u00eane comptez le nombre de groupes de <a href=\"https:\/\/fr.wikipedia.org\/wiki\/Samare\" target=\"_blank\" rel=\"noopener\" title=\"samares\">samares<\/a>. Sur l\u2019interface de saisie, vous n\u2019aurez qu\u2019\u00e0 multiplier le nombre estim\u00e9 par un nombre moyen de graines. On peut estimer qu\u2019une infrutescence de sorbier compte en moyenne une quarantaine de graines, et qu\u2019un groupe de samares de fr\u00eane, compte en moyenne une centaine de graines, mais c\u2019est tr\u00e8s variable d\u2019un individu \u00e0 un autre et d\u2019une ann\u00e9e \u00e0 l\u2019autre (de 10 \u00e0 50 pour le sorbier et de 50 \u00e0 400 pour le fr\u00eane). La meilleure strat\u00e9gie est donc, une fois que vous avez comptez le nombre infrutescences ou samares lors de votre observation, de compter le nombre de graines sur environ 3 infrutescences de l\u2019arbre et d\u2019utiliser la moyenne.<\/p>\n\n\n\n<p>La pr\u00e9cision que vous apporterez \u00e0 vos d\u00e9nombrements  d\u00e9pendra donc de l\u2019esp\u00e8ce observ\u00e9e et de sa production de l\u2019ann\u00e9e. Pour les arbres prolifiques, vous pouvez indiquer des nombres \u00e0 la centaine, au milli\u00e8me, ou m\u00eame \u00e0 la dizaine de milli\u00e8me pr\u00e8s.<\/p>\n\n\n\n<h2 class=\"wp-block-heading\">Les z\u00e9ros ne posent pas de probl\u00e8me<\/h2>\n\n\n\n<p>Tout comme les animaux, un jeune arbre peut ne pas \u00eatre encore mature. Certaines esp\u00e8ces ont des individus m\u00e2les et femelles (elles sont \u00ab dio\u00efques \u00bb). Encore plus compliqu\u00e9, le fr\u00eane commun est \u00ab trio\u00efque \u00bb, les arbres sont soit m\u00e2les, soit femelles, soit hermaphrodites. Un arbre mature peut avoir une r\u00e9colte rat\u00e9e au cours d&rsquo;une ann\u00e9e donn\u00e9e. Il est important pour nous de comprendre les conditions qui conduisent \u00e0 la maturit\u00e9 reproductive, les rapports sexuels pour une esp\u00e8ce, et les conditions qui conduisent \u00e0 une mauvaise r\u00e9colte.&nbsp; Lorsque vous saisissez des z\u00e9ros, assurez-vous que vous comptez \u00e0 un moment de l&rsquo;ann\u00e9e o\u00f9 la r\u00e9colte serait visible pour les arbres qui se reproduisent.&nbsp; \u00c0 cette \u00e9poque, n&rsquo;h\u00e9sitez pas \u00e0 indiquer un cropCount = 0.<\/p>\n\n\n\n<h2 class=\"wp-block-heading\">On en parle ?<\/h2>\n\n\n\n<p>Si vous avez des questions, on vous invite \u00e0 nous rejoindre pour une session FAQ en pr\u00e9sence Georges Kunstler, chercheur au Laboratoire \u00c9cosyst\u00e8mes et Soci\u00e9t\u00e9s en Montagne, le <strong>lundi 21 ao\u00fbt<\/strong>, <strong>en visio <\/strong>au lien ci-apr\u00e8s : <\/p>\n\n\n\n<p><a href=\"https:\/\/meet.google.com\/orx-ukqz-wzw\">https:\/\/meet.google.com\/orx-ukqz-wzw<\/a><\/p>\n\n\n\n<p><\/p>\n\n\n\n<p><\/p>\n\n\n\n<p><\/p>\n","protected":false},"excerpt":{"rendered":"<p>La capacit\u00e9 des arbres \u00e0 produire des graines est un \u00e9l\u00e9ment cl\u00e9 pour la dynamique des for\u00eats. Les observateurs du programme Ph\u00e9noclim sont habitu\u00e9s \u00e0 observer \u00e0 l\u2019automne la s\u00e9nescence de 5 esp\u00e8ces (h\u00eatre, bouleau pubescent, bouleau verruqueux, sorbier, m\u00e9l\u00e8ze). &hellip; <a href=\"https:\/\/blog.creamontblanc.org?p=4490\">Lire la suite\u00ad\u00ad<\/a><\/p>\n","protected":false},"author":12,"featured_media":4604,"comment_status":"open","ping_status":"open","sticky":false,"template":"","format":"standard","meta":{"_monsterinsights_skip_tracking":false,"_monsterinsights_sitenote_active":false,"_monsterinsights_sitenote_note":"","_monsterinsights_sitenote_category":0,"ngg_post_thumbnail":0,"footnotes":""},"categories":[194,31],"tags":[46,38],"class_list":["post-4490","post","type-post","status-publish","format-standard","has-post-thumbnail","hentry","category-la-recherche","category-sciences-participatives","tag-phenoclim","tag-science-participative"],"aioseo_notices":[],"amp_enabled":true,"_links":{"self":[{"href":"https:\/\/blog.creamontblanc.org\/index.php?rest_route=\/wp\/v2\/posts\/4490","targetHints":{"allow":["GET"]}}],"collection":[{"href":"https:\/\/blog.creamontblanc.org\/index.php?rest_route=\/wp\/v2\/posts"}],"about":[{"href":"https:\/\/blog.creamontblanc.org\/index.php?rest_route=\/wp\/v2\/types\/post"}],"author":[{"embeddable":true,"href":"https:\/\/blog.creamontblanc.org\/index.php?rest_route=\/wp\/v2\/users\/12"}],"replies":[{"embeddable":true,"href":"https:\/\/blog.creamontblanc.org\/index.php?rest_route=%2Fwp%2Fv2%2Fcomments&post=4490"}],"version-history":[{"count":46,"href":"https:\/\/blog.creamontblanc.org\/index.php?rest_route=\/wp\/v2\/posts\/4490\/revisions"}],"predecessor-version":[{"id":4857,"href":"https:\/\/blog.creamontblanc.org\/index.php?rest_route=\/wp\/v2\/posts\/4490\/revisions\/4857"}],"wp:featuredmedia":[{"embeddable":true,"href":"https:\/\/blog.creamontblanc.org\/index.php?rest_route=\/wp\/v2\/media\/4604"}],"wp:attachment":[{"href":"https:\/\/blog.creamontblanc.org\/index.php?rest_route=%2Fwp%2Fv2%2Fmedia&parent=4490"}],"wp:term":[{"taxonomy":"category","embeddable":true,"href":"https:\/\/blog.creamontblanc.org\/index.php?rest_route=%2Fwp%2Fv2%2Fcategories&post=4490"},{"taxonomy":"post_tag","embeddable":true,"href":"https:\/\/blog.creamontblanc.org\/index.php?rest_route=%2Fwp%2Fv2%2Ftags&post=4490"}],"curies":[{"name":"wp","href":"https:\/\/api.w.org\/{rel}","templated":true}]}}