{"id":4398,"date":"2023-06-15T15:50:00","date_gmt":"2023-06-15T14:50:00","guid":{"rendered":"https:\/\/blog.creamontblanc.org?p=4398"},"modified":"2023-09-18T15:05:48","modified_gmt":"2023-09-18T14:05:48","slug":"cet-ete-faites-un-detour-par-la-science","status":"publish","type":"post","link":"https:\/\/blog.creamontblanc.org?p=4398","title":{"rendered":"\u00c9t\u00e9 2023, faites un d\u00e9tour par la science !"},"content":{"rendered":"\n<h3 class=\"wp-block-heading\">Retour en images sur l&rsquo;\u00e9t\u00e9 2023 avec le CREA Mont-Blanc<\/h3>\n\n\n\n<p>Avec environ 200 participants tout au long de l&rsquo;\u00e9t\u00e9,  le CREA Mont-Blanc a confirm\u00e9 sa mission de diffusion et partage de connaissances scientifiques en s&rsquo;appuyant sur une participation active. <br>Aussi bien sur le terrain, avec des partenaires ou \u00e0 l&rsquo;Observatoire, l&rsquo;ONG a pu tester des formats innovants et collaboratifs.<\/p>\n\n\n\n<figure class=\"wp-block-gallery has-nested-images columns-default is-cropped wp-block-gallery-1 is-layout-flex wp-block-gallery-is-layout-flex\">\n<figure class=\"wp-block-image size-large\"><img loading=\"lazy\" decoding=\"async\" width=\"1000\" height=\"779\" data-id=\"5073\" src=\"http:\/\/blog.creamontblanc.org\/wp-content\/uploads\/2023\/06\/20230629_124339-scaled-e1695041915124-1000x779.jpg\" alt=\"\" class=\"wp-image-5073\" srcset=\"https:\/\/blog.creamontblanc.org\/wp-content\/uploads\/2023\/06\/20230629_124339-scaled-e1695041915124-1000x779.jpg 1000w, https:\/\/blog.creamontblanc.org\/wp-content\/uploads\/2023\/06\/20230629_124339-scaled-e1695041915124-300x234.jpg 300w, https:\/\/blog.creamontblanc.org\/wp-content\/uploads\/2023\/06\/20230629_124339-scaled-e1695041915124-768x599.jpg 768w, https:\/\/blog.creamontblanc.org\/wp-content\/uploads\/2023\/06\/20230629_124339-scaled-e1695041915124.jpg 1365w\" sizes=\"auto, (max-width: 1000px) 100vw, 1000px\" \/><figcaption class=\"wp-element-caption\">Les interactions plantes insectes cont\u00e9es par Thomas Auffray<\/figcaption><\/figure>\n\n\n\n<figure class=\"wp-block-image size-large\"><img loading=\"lazy\" decoding=\"async\" width=\"1000\" height=\"914\" data-id=\"5085\" src=\"http:\/\/blog.creamontblanc.org\/wp-content\/uploads\/2023\/06\/a7b727dd-99ca-4e7a-b48e-4f10871c36f6-1000x914.jpg\" alt=\"\" class=\"wp-image-5085\" srcset=\"https:\/\/blog.creamontblanc.org\/wp-content\/uploads\/2023\/06\/a7b727dd-99ca-4e7a-b48e-4f10871c36f6-1000x914.jpg 1000w, https:\/\/blog.creamontblanc.org\/wp-content\/uploads\/2023\/06\/a7b727dd-99ca-4e7a-b48e-4f10871c36f6-300x274.jpg 300w, https:\/\/blog.creamontblanc.org\/wp-content\/uploads\/2023\/06\/a7b727dd-99ca-4e7a-b48e-4f10871c36f6-768x702.jpg 768w, https:\/\/blog.creamontblanc.org\/wp-content\/uploads\/2023\/06\/a7b727dd-99ca-4e7a-b48e-4f10871c36f6.jpg 1526w\" sizes=\"auto, (max-width: 1000px) 100vw, 1000px\" \/><figcaption class=\"wp-element-caption\">\u00c0 la recherche des grenouillettes<\/figcaption><\/figure>\n\n\n\n<figure class=\"wp-block-image size-large\"><img loading=\"lazy\" decoding=\"async\" width=\"1000\" height=\"750\" data-id=\"5069\" src=\"https:\/\/blog.creamontblanc.org\/wp-content\/uploads\/2023\/06\/151fc724-4505-4c35-b590-f54b38e3cc3f-1000x750.jpg\" alt=\"\" class=\"wp-image-5069\" srcset=\"https:\/\/blog.creamontblanc.org\/wp-content\/uploads\/2023\/06\/151fc724-4505-4c35-b590-f54b38e3cc3f-1000x750.jpg 1000w, https:\/\/blog.creamontblanc.org\/wp-content\/uploads\/2023\/06\/151fc724-4505-4c35-b590-f54b38e3cc3f-300x225.jpg 300w, https:\/\/blog.creamontblanc.org\/wp-content\/uploads\/2023\/06\/151fc724-4505-4c35-b590-f54b38e3cc3f-768x576.jpg 768w, https:\/\/blog.creamontblanc.org\/wp-content\/uploads\/2023\/06\/151fc724-4505-4c35-b590-f54b38e3cc3f-1536x1152.jpg 1536w, https:\/\/blog.creamontblanc.org\/wp-content\/uploads\/2023\/06\/151fc724-4505-4c35-b590-f54b38e3cc3f.jpg 2048w\" sizes=\"auto, (max-width: 1000px) 100vw, 1000px\" \/><figcaption class=\"wp-element-caption\">Programme compte-ponte \u00e0 Vallorcine<\/figcaption><\/figure>\n\n\n\n<figure class=\"wp-block-image size-large\"><img loading=\"lazy\" decoding=\"async\" width=\"1000\" height=\"684\" data-id=\"5089\" src=\"http:\/\/blog.creamontblanc.org\/wp-content\/uploads\/2023\/06\/IMG_1984-1000x684.jpg\" alt=\"\" class=\"wp-image-5089\" srcset=\"https:\/\/blog.creamontblanc.org\/wp-content\/uploads\/2023\/06\/IMG_1984-1000x684.jpg 1000w, https:\/\/blog.creamontblanc.org\/wp-content\/uploads\/2023\/06\/IMG_1984-300x205.jpg 300w, https:\/\/blog.creamontblanc.org\/wp-content\/uploads\/2023\/06\/IMG_1984-768x525.jpg 768w, https:\/\/blog.creamontblanc.org\/wp-content\/uploads\/2023\/06\/IMG_1984-1536x1051.jpg 1536w, https:\/\/blog.creamontblanc.org\/wp-content\/uploads\/2023\/06\/IMG_1984.jpg 1700w\" sizes=\"auto, (max-width: 1000px) 100vw, 1000px\" \/><figcaption class=\"wp-element-caption\">Sensibilisation sur le terrain <\/figcaption><\/figure>\n\n\n\n<figure class=\"wp-block-image size-large\"><img loading=\"lazy\" decoding=\"async\" width=\"1000\" height=\"563\" data-id=\"5075\" src=\"http:\/\/blog.creamontblanc.org\/wp-content\/uploads\/2023\/06\/20230630_135654-1000x563.jpg\" alt=\"\" class=\"wp-image-5075\" srcset=\"https:\/\/blog.creamontblanc.org\/wp-content\/uploads\/2023\/06\/20230630_135654-1000x563.jpg 1000w, https:\/\/blog.creamontblanc.org\/wp-content\/uploads\/2023\/06\/20230630_135654-300x169.jpg 300w, https:\/\/blog.creamontblanc.org\/wp-content\/uploads\/2023\/06\/20230630_135654-768x432.jpg 768w, https:\/\/blog.creamontblanc.org\/wp-content\/uploads\/2023\/06\/20230630_135654-1536x864.jpg 1536w, https:\/\/blog.creamontblanc.org\/wp-content\/uploads\/2023\/06\/20230630_135654-scaled.jpg 2048w\" sizes=\"auto, (max-width: 1000px) 100vw, 1000px\" \/><figcaption class=\"wp-element-caption\">Arc&rsquo;teryx Alpine Academy au Chalet Vallot<\/figcaption><\/figure>\n\n\n\n<figure class=\"wp-block-image size-large\"><img loading=\"lazy\" decoding=\"async\" width=\"1000\" height=\"750\" data-id=\"5081\" src=\"http:\/\/blog.creamontblanc.org\/wp-content\/uploads\/2023\/06\/DSC06025-1000x750.jpg\" alt=\"\" class=\"wp-image-5081\" srcset=\"https:\/\/blog.creamontblanc.org\/wp-content\/uploads\/2023\/06\/DSC06025-1000x750.jpg 1000w, https:\/\/blog.creamontblanc.org\/wp-content\/uploads\/2023\/06\/DSC06025-300x225.jpg 300w, https:\/\/blog.creamontblanc.org\/wp-content\/uploads\/2023\/06\/DSC06025-768x576.jpg 768w, https:\/\/blog.creamontblanc.org\/wp-content\/uploads\/2023\/06\/DSC06025.jpg 1440w\" sizes=\"auto, (max-width: 1000px) 100vw, 1000px\" \/><figcaption class=\"wp-element-caption\">Refuges Sentinelles avec Astersc <\/figcaption><\/figure>\n\n\n\n<figure class=\"wp-block-image size-large\"><img loading=\"lazy\" decoding=\"async\" width=\"1000\" height=\"750\" data-id=\"5087\" src=\"http:\/\/blog.creamontblanc.org\/wp-content\/uploads\/2023\/06\/DSC05698-1000x750.jpg\" alt=\"\" class=\"wp-image-5087\" srcset=\"https:\/\/blog.creamontblanc.org\/wp-content\/uploads\/2023\/06\/DSC05698-1000x750.jpg 1000w, https:\/\/blog.creamontblanc.org\/wp-content\/uploads\/2023\/06\/DSC05698-300x225.jpg 300w, https:\/\/blog.creamontblanc.org\/wp-content\/uploads\/2023\/06\/DSC05698-768x576.jpg 768w, https:\/\/blog.creamontblanc.org\/wp-content\/uploads\/2023\/06\/DSC05698-1536x1152.jpg 1536w, https:\/\/blog.creamontblanc.org\/wp-content\/uploads\/2023\/06\/DSC05698.jpg 2048w\" sizes=\"auto, (max-width: 1000px) 100vw, 1000px\" \/><figcaption class=\"wp-element-caption\">Artoc\u00e8ne : Prendre vie dans le vide des marges glaciaires <\/figcaption><\/figure>\n\n\n\n<figure class=\"wp-block-image size-large\"><img loading=\"lazy\" decoding=\"async\" width=\"1000\" height=\"632\" data-id=\"5077\" src=\"http:\/\/blog.creamontblanc.org\/wp-content\/uploads\/2023\/06\/DSC05691-e1695041555990-1000x632.jpg\" alt=\"\" class=\"wp-image-5077\" srcset=\"https:\/\/blog.creamontblanc.org\/wp-content\/uploads\/2023\/06\/DSC05691-e1695041555990-1000x632.jpg 1000w, https:\/\/blog.creamontblanc.org\/wp-content\/uploads\/2023\/06\/DSC05691-e1695041555990-300x190.jpg 300w, https:\/\/blog.creamontblanc.org\/wp-content\/uploads\/2023\/06\/DSC05691-e1695041555990-768x486.jpg 768w, https:\/\/blog.creamontblanc.org\/wp-content\/uploads\/2023\/06\/DSC05691-e1695041555990-1536x971.jpg 1536w, https:\/\/blog.creamontblanc.org\/wp-content\/uploads\/2023\/06\/DSC05691-e1695041555990-80x50.jpg 80w, https:\/\/blog.creamontblanc.org\/wp-content\/uploads\/2023\/06\/DSC05691-e1695041555990.jpg 1877w\" sizes=\"auto, (max-width: 1000px) 100vw, 1000px\" \/><figcaption class=\"wp-element-caption\">Atelier participatif dans le cadre du festival Artoc\u00e8ne<\/figcaption><\/figure>\n\n\n\n<figure class=\"wp-block-image size-large\"><img loading=\"lazy\" decoding=\"async\" width=\"1000\" height=\"750\" data-id=\"5093\" src=\"http:\/\/blog.creamontblanc.org\/wp-content\/uploads\/2023\/06\/IMG_0059-1000x750.jpg\" alt=\"\" class=\"wp-image-5093\" srcset=\"https:\/\/blog.creamontblanc.org\/wp-content\/uploads\/2023\/06\/IMG_0059-1000x750.jpg 1000w, https:\/\/blog.creamontblanc.org\/wp-content\/uploads\/2023\/06\/IMG_0059-300x225.jpg 300w, https:\/\/blog.creamontblanc.org\/wp-content\/uploads\/2023\/06\/IMG_0059-768x576.jpg 768w, https:\/\/blog.creamontblanc.org\/wp-content\/uploads\/2023\/06\/IMG_0059-1536x1152.jpg 1536w, https:\/\/blog.creamontblanc.org\/wp-content\/uploads\/2023\/06\/IMG_0059-scaled.jpg 2048w\" sizes=\"auto, (max-width: 1000px) 100vw, 1000px\" \/><figcaption class=\"wp-element-caption\">Conf\u00e9rence Kilian Jornet Foundation<\/figcaption><\/figure>\n\n\n\n<figure class=\"wp-block-image size-large\"><img loading=\"lazy\" decoding=\"async\" width=\"1000\" height=\"750\" data-id=\"5071\" src=\"http:\/\/blog.creamontblanc.org\/wp-content\/uploads\/2023\/06\/2023-08-02-at-20.30.21-3-1000x750.jpg\" alt=\"\" class=\"wp-image-5071\" srcset=\"https:\/\/blog.creamontblanc.org\/wp-content\/uploads\/2023\/06\/2023-08-02-at-20.30.21-3-1000x750.jpg 1000w, https:\/\/blog.creamontblanc.org\/wp-content\/uploads\/2023\/06\/2023-08-02-at-20.30.21-3-300x225.jpg 300w, https:\/\/blog.creamontblanc.org\/wp-content\/uploads\/2023\/06\/2023-08-02-at-20.30.21-3-768x576.jpg 768w, https:\/\/blog.creamontblanc.org\/wp-content\/uploads\/2023\/06\/2023-08-02-at-20.30.21-3.jpg 1024w\" sizes=\"auto, (max-width: 1000px) 100vw, 1000px\" \/><figcaption class=\"wp-element-caption\">Atelier dans le jardin de l&rsquo;Observatoire<\/figcaption><\/figure>\n\n\n\n<figure class=\"wp-block-image size-large\"><img loading=\"lazy\" decoding=\"async\" width=\"1000\" height=\"838\" data-id=\"5083\" src=\"http:\/\/blog.creamontblanc.org\/wp-content\/uploads\/2023\/06\/IMG_20230802_175622-1000x838.jpg\" alt=\"\" class=\"wp-image-5083\" srcset=\"https:\/\/blog.creamontblanc.org\/wp-content\/uploads\/2023\/06\/IMG_20230802_175622-1000x838.jpg 1000w, https:\/\/blog.creamontblanc.org\/wp-content\/uploads\/2023\/06\/IMG_20230802_175622-300x252.jpg 300w, https:\/\/blog.creamontblanc.org\/wp-content\/uploads\/2023\/06\/IMG_20230802_175622-768x644.jpg 768w, https:\/\/blog.creamontblanc.org\/wp-content\/uploads\/2023\/06\/IMG_20230802_175622-1536x1288.jpg 1536w, https:\/\/blog.creamontblanc.org\/wp-content\/uploads\/2023\/06\/IMG_20230802_175622-scaled.jpg 2048w\" sizes=\"auto, (max-width: 1000px) 100vw, 1000px\" \/><figcaption class=\"wp-element-caption\">Sciences participatives pour HerbiLand<\/figcaption><\/figure>\n\n\n\n<figure class=\"wp-block-image size-large\"><img loading=\"lazy\" decoding=\"async\" width=\"1000\" height=\"750\" data-id=\"5091\" src=\"http:\/\/blog.creamontblanc.org\/wp-content\/uploads\/2023\/06\/IMG_3142-1000x750.jpg\" alt=\"\" class=\"wp-image-5091\" srcset=\"https:\/\/blog.creamontblanc.org\/wp-content\/uploads\/2023\/06\/IMG_3142-1000x750.jpg 1000w, https:\/\/blog.creamontblanc.org\/wp-content\/uploads\/2023\/06\/IMG_3142-300x225.jpg 300w, https:\/\/blog.creamontblanc.org\/wp-content\/uploads\/2023\/06\/IMG_3142-768x576.jpg 768w, https:\/\/blog.creamontblanc.org\/wp-content\/uploads\/2023\/06\/IMG_3142-1536x1152.jpg 1536w, https:\/\/blog.creamontblanc.org\/wp-content\/uploads\/2023\/06\/IMG_3142.jpg 1800w\" sizes=\"auto, (max-width: 1000px) 100vw, 1000px\" \/><figcaption class=\"wp-element-caption\">Wild Mont-Blanc avec la Petite Universit\u00e9<\/figcaption><\/figure>\n<\/figure>\n\n\n\n<hr class=\"wp-block-separator has-alpha-channel-opacity\"\/>\n\n\n\n<h3 class=\"wp-block-heading\">Programme \u00e9t\u00e9 2023<\/h3>\n\n\n\n<div class=\"wp-block-columns is-layout-flex wp-container-core-columns-is-layout-9d6595d7 wp-block-columns-is-layout-flex\">\n<div class=\"wp-block-column is-layout-flow wp-block-column-is-layout-flow\" style=\"flex-basis:33.33%\">\n<figure class=\"wp-block-image size-large\"><img loading=\"lazy\" decoding=\"async\" width=\"1000\" height=\"565\" src=\"https:\/\/blog.creamontblanc.org\/wp-content\/uploads\/2023\/05\/Ex-4-scaled-1-1000x565.jpg\" alt=\"\" class=\"wp-image-4416\" srcset=\"https:\/\/blog.creamontblanc.org\/wp-content\/uploads\/2023\/05\/Ex-4-scaled-1-1000x565.jpg 1000w, https:\/\/blog.creamontblanc.org\/wp-content\/uploads\/2023\/05\/Ex-4-scaled-1-300x169.jpg 300w, https:\/\/blog.creamontblanc.org\/wp-content\/uploads\/2023\/05\/Ex-4-scaled-1-768x434.jpg 768w, https:\/\/blog.creamontblanc.org\/wp-content\/uploads\/2023\/05\/Ex-4-scaled-1-1536x868.jpg 1536w, https:\/\/blog.creamontblanc.org\/wp-content\/uploads\/2023\/05\/Ex-4-scaled-1.jpg 2048w\" sizes=\"auto, (max-width: 1000px) 100vw, 1000px\" \/><\/figure>\n<\/div>\n\n\n\n<div class=\"wp-block-column is-layout-flow wp-block-column-is-layout-flow\" style=\"flex-basis:66.66%\">\n<h3 class=\"wp-block-heading\">Tout au long de l&rsquo;\u00e9t\u00e9 &#8211; Concours photo<\/h3>\n\n\n\n<p>Le CREA Mont-Blanc s&rsquo;associe au projet scientifique Alpalga pour un concours photo de science participative :<strong> partagez votre rencontre avec le monde microscopique qui peuple la neige !<\/strong> La r\u00e8gle est simple : si lors d\u2019une randonn\u00e9e ou toutes autres activit\u00e9s en montagne, vous avez la chance de voir des neiges color\u00e9es, prenez une photo ! <a href=\"https:\/\/alpalga.fr\/concours-photo\/\" target=\"_blank\" rel=\"noopener\" title=\"En savoir plus\">En savoir plus<\/a><\/p>\n<\/div>\n<\/div>\n\n\n\n<div class=\"wp-block-columns is-layout-flex wp-container-core-columns-is-layout-9d6595d7 wp-block-columns-is-layout-flex\">\n<div class=\"wp-block-column is-layout-flow wp-block-column-is-layout-flow\" style=\"flex-basis:33.33%\">\n<figure class=\"wp-block-image size-full\"><img loading=\"lazy\" decoding=\"async\" width=\"474\" height=\"266\" src=\"https:\/\/blog.creamontblanc.org\/wp-content\/uploads\/2023\/05\/artocene-1.jpg\" alt=\"\" class=\"wp-image-4424\" srcset=\"https:\/\/blog.creamontblanc.org\/wp-content\/uploads\/2023\/05\/artocene-1.jpg 474w, https:\/\/blog.creamontblanc.org\/wp-content\/uploads\/2023\/05\/artocene-1-300x168.jpg 300w\" sizes=\"auto, (max-width: 474px) 100vw, 474px\" \/><\/figure>\n<\/div>\n\n\n\n<div class=\"wp-block-column is-layout-flow wp-block-column-is-layout-flow\" style=\"flex-basis:66.66%\">\n<h3 class=\"wp-block-heading\">Jeudi 22 juin 2023 &#8211; Prendre vie dans le vide des marges glaciaires<\/h3>\n\n\n\n<p>Atelier participatif &#8211; entr\u00e9e libre &#8211; dans le cadre <a href=\"https:\/\/www.artocene.fr\/programme-program\/\" target=\"_blank\" rel=\"noopener\" title=\"\">du festival Artoc\u00e8ne<\/a><\/p>\n\n\n\n<p><strong>De 17h \u00e0 18h30 : Mus\u00e9e sans b\u00e2timent, place du Mont-Blanc, Chamonix<\/strong><\/p>\n\n\n\n<p>Autour du Mus\u00e9e sans b\u00e2timent, nous interviendrons autour de la question du vide intrins\u00e8que au paysage alpin, et plus pr\u00e9cis\u00e9ment des marges proglaciaires. Vous serez invit\u00e9s \u00e0 \u00e9couter et \u00e0 dessiner.<\/p>\n<\/div>\n<\/div>\n\n\n\n<div class=\"wp-block-columns is-layout-flex wp-container-core-columns-is-layout-9d6595d7 wp-block-columns-is-layout-flex\">\n<div class=\"wp-block-column is-layout-flow wp-block-column-is-layout-flow\" style=\"flex-basis:33.33%\">\n<figure class=\"wp-block-image size-full\"><img loading=\"lazy\" decoding=\"async\" width=\"700\" height=\"466\" src=\"http:\/\/blog.creamontblanc.org\/wp-content\/uploads\/2023\/05\/pa.png\" alt=\"\" class=\"wp-image-4446\" srcset=\"https:\/\/blog.creamontblanc.org\/wp-content\/uploads\/2023\/05\/pa.png 700w, https:\/\/blog.creamontblanc.org\/wp-content\/uploads\/2023\/05\/pa-300x200.png 300w\" sizes=\"auto, (max-width: 700px) 100vw, 700px\" \/><\/figure>\n<\/div>\n\n\n\n<div class=\"wp-block-column is-layout-flow wp-block-column-is-layout-flow\" style=\"flex-basis:66.66%\">\n<h3 class=\"wp-block-heading\">Jeudi 29 juin 2023 &#8211; Un palmier qui parle, qui crie et qui ment \u00e0 ses insectes pollinisateurs&nbsp;!<\/h3>\n\n\n\n<p>Science Sandwich &#8211; entr\u00e9e libre <\/p>\n\n\n\n<p><strong>De 12h30 \u00e0 13h30<\/strong>: <strong>Observatoire du Mont-Blanc, 67 lacets du belv\u00e9d\u00e8re, Chamonix<\/strong><\/p>\n\n\n\n<p>Thomas Auffray, chercheur \u00e9cologue, nous parlera des interactions plantes-insectes, \u00e0 travers les odeurs florales et la production de chaleur des palmiers tropicaux. <a href=\"https:\/\/blog.creamontblanc.org\/?p=4454\" target=\"_blank\" rel=\"noopener\" title=\"En savoir plus\">En savoir plus<\/a><br><\/p>\n<\/div>\n<\/div>\n\n\n\n<div class=\"wp-block-columns is-layout-flex wp-container-core-columns-is-layout-9d6595d7 wp-block-columns-is-layout-flex\">\n<div class=\"wp-block-column is-layout-flow wp-block-column-is-layout-flow\" style=\"flex-basis:33.33%\">\n<figure class=\"wp-block-image size-full\"><img loading=\"lazy\" decoding=\"async\" width=\"650\" height=\"474\" src=\"https:\/\/blog.creamontblanc.org\/wp-content\/uploads\/2023\/05\/csm_FLORA_AND_FAUNA_11bc6cd84b.jpg\" alt=\"\" class=\"wp-image-4431\" srcset=\"https:\/\/blog.creamontblanc.org\/wp-content\/uploads\/2023\/05\/csm_FLORA_AND_FAUNA_11bc6cd84b.jpg 650w, https:\/\/blog.creamontblanc.org\/wp-content\/uploads\/2023\/05\/csm_FLORA_AND_FAUNA_11bc6cd84b-300x219.jpg 300w\" sizes=\"auto, (max-width: 650px) 100vw, 650px\" \/><\/figure>\n<\/div>\n\n\n\n<div class=\"wp-block-column is-layout-flow wp-block-column-is-layout-flow\" style=\"flex-basis:66.66%\">\n<h3 class=\"wp-block-heading\">Vendredi 30 juin 2023 &#8211; Faune et flore<\/h3>\n\n\n\n<p>Sortie terrain &#8211; sur inscription &#8211; dans le cadre d&rsquo;<a href=\"https:\/\/chamonix.arcteryxacademy.com\/fr\/ateliers\/detail\/la-faune-et-la-flore-vendredi\" target=\"_blank\" rel=\"noreferrer noopener\">Arc&rsquo;teryx Alpine Academy<\/a><\/p>\n\n\n\n<p><strong>Toute la journ\u00e9e<\/strong>, <strong>Grand balcon Nord<\/strong><\/p>\n\n\n\n<p>Participez \u00e0 des protocoles scientifiques d&rsquo;observation de la faune et la flore pour aider les chercheurs \u00e0 \u00e9tudier la biodiversit\u00e9 de la vall\u00e9e.<br><\/p>\n<\/div>\n<\/div>\n\n\n\n<div class=\"wp-block-columns is-layout-flex wp-container-core-columns-is-layout-9d6595d7 wp-block-columns-is-layout-flex\">\n<div class=\"wp-block-column is-layout-flow wp-block-column-is-layout-flow\" style=\"flex-basis:33.33%\">\n<figure class=\"wp-block-image size-full\"><img loading=\"lazy\" decoding=\"async\" width=\"1000\" height=\"750\" src=\"https:\/\/blog.creamontblanc.org\/wp-content\/uploads\/2023\/05\/grenouille_rousse-min1.jpg\" alt=\"\" class=\"wp-image-4441\" srcset=\"https:\/\/blog.creamontblanc.org\/wp-content\/uploads\/2023\/05\/grenouille_rousse-min1.jpg 1000w, https:\/\/blog.creamontblanc.org\/wp-content\/uploads\/2023\/05\/grenouille_rousse-min1-300x225.jpg 300w, https:\/\/blog.creamontblanc.org\/wp-content\/uploads\/2023\/05\/grenouille_rousse-min1-768x576.jpg 768w\" sizes=\"auto, (max-width: 1000px) 100vw, 1000px\" \/><\/figure>\n<\/div>\n\n\n\n<div class=\"wp-block-column is-layout-flow wp-block-column-is-layout-flow\" style=\"flex-basis:66.66%\">\n<h3 class=\"wp-block-heading\">Jeudi 6 juillet 2023 &#8211; A la recherche des grenouillettes<\/h3>\n\n\n\n<p>Sortie terrain &#8211; sur inscription &#8211; d\u00e9couverte des programmes de science participative<\/p>\n\n\n\n<p><strong>De 10h30 \u00e0 11h30<\/strong>, <strong>Parking de l&rsquo;Office de Tourisme de Vallorcine<\/strong><\/p>\n\n\n\n<p>Rendez visite aux mares suivies dans le cadre <a href=\"https:\/\/spot.creamontblanc.org\/programmes\/compte-ponte\" target=\"_blank\" rel=\"noreferrer noopener\">du programme Compte-Ponte<\/a>, pour observer l&rsquo;\u00e9volution du cycle de la grenouille rousse. A cette p\u00e9riode, la mare devrait \u00eatre habit\u00e9e par des grenouillettes !<br><\/p>\n<\/div>\n<\/div>\n\n\n\n<div class=\"wp-block-columns is-layout-flex wp-container-core-columns-is-layout-9d6595d7 wp-block-columns-is-layout-flex\">\n<div class=\"wp-block-column is-layout-flow wp-block-column-is-layout-flow\" style=\"flex-basis:33.33%\">\n<figure class=\"wp-block-image size-full is-resized\"><img loading=\"lazy\" decoding=\"async\" src=\"https:\/\/blog.creamontblanc.org\/wp-content\/uploads\/2023\/06\/cropped-logo_reflab_transparent-1.png\" alt=\"\" class=\"wp-image-4517\" style=\"width:290px;height:200px\" width=\"290\" height=\"200\" srcset=\"https:\/\/blog.creamontblanc.org\/wp-content\/uploads\/2023\/06\/cropped-logo_reflab_transparent-1.png 580w, https:\/\/blog.creamontblanc.org\/wp-content\/uploads\/2023\/06\/cropped-logo_reflab_transparent-1-300x207.png 300w\" sizes=\"auto, (max-width: 290px) 100vw, 290px\" \/><\/figure>\n<\/div>\n\n\n\n<div class=\"wp-block-column is-layout-flow wp-block-column-is-layout-flow\" style=\"flex-basis:66.66%\">\n<h3 class=\"wp-block-heading\">(ANNUL\u00c9 en raison des conditions m\u00e9t\u00e9o) Lundi 24 juillet 2023 &#8211; Floraison d&rsquo;altitude<\/h3>\n\n\n\n<p>Animation terrain &#8211; acc\u00e8s libre<br><strong>Rendez-vous \u00e0 partir de 13h au Refuge des Pr\u00e9s (Les Contamines-Montjoie)<\/strong><\/p>\n\n\n\n<p>En collaboration avec Asters et la R\u00e9serve Naturelle des Contamines-Montjoie dans le cadre <a href=\"http:\/\/www.cen-haute-savoie.org\/projets-europeens\" target=\"_blank\" rel=\"noopener\" title=\"\">du projet RefLab Refuges Sentinelles<\/a>, observez la flore des environs du refuge pour en suivre l&rsquo;\u00e9volution ph\u00e9nologique. <br><\/p>\n<\/div>\n<\/div>\n\n\n\n<div class=\"wp-block-columns is-layout-flex wp-container-core-columns-is-layout-9d6595d7 wp-block-columns-is-layout-flex\">\n<div class=\"wp-block-column is-layout-flow wp-block-column-is-layout-flow\" style=\"flex-basis:33.33%\">\n<figure class=\"wp-block-gallery has-nested-images columns-default is-cropped wp-block-gallery-2 is-layout-flex wp-block-gallery-is-layout-flex\">\n<figure class=\"wp-block-image size-large\"><img loading=\"lazy\" decoding=\"async\" width=\"1000\" height=\"750\" data-id=\"4519\" src=\"https:\/\/blog.creamontblanc.org\/wp-content\/uploads\/2023\/06\/WhatsApp-Image-2023-05-26-at-15.21.12-1-min1-min-edited.png\" alt=\"\" class=\"wp-image-4519\" srcset=\"https:\/\/blog.creamontblanc.org\/wp-content\/uploads\/2023\/06\/WhatsApp-Image-2023-05-26-at-15.21.12-1-min1-min-edited.png 1000w, https:\/\/blog.creamontblanc.org\/wp-content\/uploads\/2023\/06\/WhatsApp-Image-2023-05-26-at-15.21.12-1-min1-min-edited-300x225.png 300w, https:\/\/blog.creamontblanc.org\/wp-content\/uploads\/2023\/06\/WhatsApp-Image-2023-05-26-at-15.21.12-1-min1-min-edited-768x576.png 768w\" sizes=\"auto, (max-width: 1000px) 100vw, 1000px\" \/><\/figure>\n<\/figure>\n<\/div>\n\n\n\n<div class=\"wp-block-column is-layout-flow wp-block-column-is-layout-flow\" style=\"flex-basis:66.66%\">\n<h3 class=\"wp-block-heading\">Mercredi 2 ao\u00fbt 2023 &#8211; Les crottes, c&rsquo;est top !<\/h3>\n\n\n\n<p>Formation &#8211; sur inscription &#8211; d\u00e9couverte des programmes de science participative<\/p>\n\n\n\n<p><strong>De 17h \u00e0 18h<\/strong> &#8211; <strong><strong>Observatoire du Mont-Blanc, 67 lacets du belv\u00e9d\u00e8re, Chamonix<\/strong><\/strong><\/p>\n\n\n\n<p>Apprenez \u00e0 reconna\u00eetre les crottes des herbivores et repartez avec vos tubes de collecte pour contribuer au projet <a href=\"https:\/\/creamontblanc.org\/fr\/herbiland-herbivores-landes-montagne\/\" target=\"_blank\" rel=\"noopener\" title=\"HerbiLand\">HerbiLand<\/a> (co-financ\u00e9 par l&rsquo;Union Europ\u00e9enne dans le cadre de la programmation 2021 &#8211; 2027 du FEDER Massif Alpes).<\/p>\n<\/div>\n<\/div>\n\n\n\n<div class=\"wp-block-columns is-layout-flex wp-container-core-columns-is-layout-9d6595d7 wp-block-columns-is-layout-flex\">\n<div class=\"wp-block-column is-layout-flow wp-block-column-is-layout-flow\" style=\"flex-basis:100%\">\n<div class=\"wp-block-columns is-layout-flex wp-container-core-columns-is-layout-9d6595d7 wp-block-columns-is-layout-flex\">\n<div class=\"wp-block-column is-layout-flow wp-block-column-is-layout-flow\" style=\"flex-basis:33.33%\">\n<figure class=\"wp-block-gallery has-nested-images columns-default is-cropped wp-block-gallery-3 is-layout-flex wp-block-gallery-is-layout-flex\">\n<figure class=\"wp-block-image size-full\"><img loading=\"lazy\" decoding=\"async\" width=\"940\" height=\"788\" data-id=\"4472\" src=\"http:\/\/blog.creamontblanc.org\/wp-content\/uploads\/2023\/06\/lpuc-crea-min.png\" alt=\"\" class=\"wp-image-4472\" srcset=\"https:\/\/blog.creamontblanc.org\/wp-content\/uploads\/2023\/06\/lpuc-crea-min.png 940w, https:\/\/blog.creamontblanc.org\/wp-content\/uploads\/2023\/06\/lpuc-crea-min-300x251.png 300w, https:\/\/blog.creamontblanc.org\/wp-content\/uploads\/2023\/06\/lpuc-crea-min-768x644.png 768w\" sizes=\"auto, (max-width: 940px) 100vw, 940px\" \/><\/figure>\n<\/figure>\n<\/div>\n\n\n\n<div class=\"wp-block-column is-layout-flow wp-block-column-is-layout-flow\" style=\"flex-basis:66.66%\">\n<h3 class=\"wp-block-heading\">Jeudi 24 ao\u00fbt 2023 &#8211; Ap\u00e9ro malin Wild Mont-Blanc<\/h3>\n\n\n\n<p>Atelier participatif &#8211; sur inscription par mail &#8211;  en collaboration avec <a href=\"https:\/\/lapetiteuniversite.net\/\" target=\"_blank\" rel=\"noopener\" title=\"la Petite Universit\u00e9 \">la Petite Universit\u00e9 <\/a><\/p>\n\n\n\n<p><strong>\u00c0 partir de 18h<\/strong> &#8211; <strong><strong>Observatoire du Mont-Blanc, 67 lacets du belv\u00e9d\u00e8re, Chamonix<\/strong><\/strong><\/p>\n\n\n\n<p>Venez avec votre tablette ou votre ordinateur pour participer au projet <a href=\"https:\/\/www.zooniverse.org\/projects\/crea-mont-blanc\/wild-mont-blanc?language=fr\" target=\"_blank\" rel=\"noopener\" title=\"Wild Mont-Blanc\">Wild Mont-Blanc<\/a> et apprendre \u00e0 distinguer la biche du chevreuil sur les images de pi\u00e8ges photos install\u00e9s dans les recoins de la vall\u00e9e. <br>Ce projet participatif d&rsquo;identification des herbivores vous permettra de contribuer au projet <a href=\"https:\/\/creamontblanc.org\/fr\/herbiland-herbivores-landes-montagne\/\" target=\"_blank\" rel=\"noopener\" title=\"HerbiLand\">HerbiLand<\/a> (co-financ\u00e9 par l&rsquo;Union Europ\u00e9enne dans le cadre de la programmation 2021 &#8211; 2027 du FEDER Massif Alpes).<\/p>\n<\/div>\n<\/div>\n<\/div>\n<\/div>\n\n\n\n<figure class=\"wp-block-image size-large\"><img loading=\"lazy\" decoding=\"async\" width=\"1000\" height=\"177\" src=\"http:\/\/blog.creamontblanc.org\/wp-content\/uploads\/2023\/08\/Herbiland_bandeau_financeurs-1000x177.png\" alt=\"\" class=\"wp-image-4794\" srcset=\"https:\/\/blog.creamontblanc.org\/wp-content\/uploads\/2023\/08\/Herbiland_bandeau_financeurs-1000x177.png 1000w, https:\/\/blog.creamontblanc.org\/wp-content\/uploads\/2023\/08\/Herbiland_bandeau_financeurs-300x53.png 300w, https:\/\/blog.creamontblanc.org\/wp-content\/uploads\/2023\/08\/Herbiland_bandeau_financeurs-768x136.png 768w, https:\/\/blog.creamontblanc.org\/wp-content\/uploads\/2023\/08\/Herbiland_bandeau_financeurs-1536x271.png 1536w, https:\/\/blog.creamontblanc.org\/wp-content\/uploads\/2023\/08\/Herbiland_bandeau_financeurs.png 1681w\" sizes=\"auto, (max-width: 1000px) 100vw, 1000px\" \/><\/figure>\n\n\n\n<figure class=\"wp-block-image size-large\"><img loading=\"lazy\" decoding=\"async\" width=\"1000\" height=\"165\" src=\"http:\/\/blog.creamontblanc.org\/wp-content\/uploads\/2023\/01\/Capture-de\u0301cran-2023-01-25-a\u0300-14.59.00-3-1000x165.png\" alt=\"\" class=\"wp-image-4112\" srcset=\"https:\/\/blog.creamontblanc.org\/wp-content\/uploads\/2023\/01\/Capture-de\u0301cran-2023-01-25-a\u0300-14.59.00-3-1000x165.png 1000w, https:\/\/blog.creamontblanc.org\/wp-content\/uploads\/2023\/01\/Capture-de\u0301cran-2023-01-25-a\u0300-14.59.00-3-300x50.png 300w, https:\/\/blog.creamontblanc.org\/wp-content\/uploads\/2023\/01\/Capture-de\u0301cran-2023-01-25-a\u0300-14.59.00-3-768x127.png 768w, https:\/\/blog.creamontblanc.org\/wp-content\/uploads\/2023\/01\/Capture-de\u0301cran-2023-01-25-a\u0300-14.59.00-3-1536x254.png 1536w, https:\/\/blog.creamontblanc.org\/wp-content\/uploads\/2023\/01\/Capture-de\u0301cran-2023-01-25-a\u0300-14.59.00-3.png 1548w\" sizes=\"auto, (max-width: 1000px) 100vw, 1000px\" \/><\/figure>\n\n\n\n<figure class=\"wp-block-image size-large is-resized\"><img loading=\"lazy\" decoding=\"async\" src=\"http:\/\/blog.creamontblanc.org\/wp-content\/uploads\/2022\/10\/INTERREG-ALCOTRA-PLUS-1000x407.png\" alt=\"\" class=\"wp-image-3806\" style=\"width:263px;height:106px\" width=\"263\" height=\"106\" srcset=\"https:\/\/blog.creamontblanc.org\/wp-content\/uploads\/2022\/10\/INTERREG-ALCOTRA-PLUS-1000x407.png 1000w, https:\/\/blog.creamontblanc.org\/wp-content\/uploads\/2022\/10\/INTERREG-ALCOTRA-PLUS-300x122.png 300w, https:\/\/blog.creamontblanc.org\/wp-content\/uploads\/2022\/10\/INTERREG-ALCOTRA-PLUS-768x312.png 768w, https:\/\/blog.creamontblanc.org\/wp-content\/uploads\/2022\/10\/INTERREG-ALCOTRA-PLUS-1536x625.png 1536w, https:\/\/blog.creamontblanc.org\/wp-content\/uploads\/2022\/10\/INTERREG-ALCOTRA-PLUS.png 1785w\" sizes=\"auto, (max-width: 263px) 100vw, 263px\" \/><\/figure>\n","protected":false},"excerpt":{"rendered":"<p>Retour en images sur l&rsquo;\u00e9t\u00e9 2023 avec le CREA Mont-Blanc Avec environ 200 participants tout au long de l&rsquo;\u00e9t\u00e9, le CREA Mont-Blanc a confirm\u00e9 sa mission de diffusion et partage de connaissances scientifiques en s&rsquo;appuyant sur une participation active. Aussi &hellip; <a href=\"https:\/\/blog.creamontblanc.org?p=4398\">Lire la suite\u00ad\u00ad<\/a><\/p>\n","protected":false},"author":6,"featured_media":4399,"comment_status":"open","ping_status":"open","sticky":false,"template":"","format":"standard","meta":{"_monsterinsights_skip_tracking":false,"_monsterinsights_sitenote_active":false,"_monsterinsights_sitenote_note":"","_monsterinsights_sitenote_category":0,"ngg_post_thumbnail":0,"footnotes":""},"categories":[31,5],"tags":[302,12,38,123],"class_list":["post-4398","post","type-post","status-publish","format-standard","has-post-thumbnail","hentry","category-sciences-participatives","category-vie-association","tag-herbiland","tag-rencontre","tag-science-participative","tag-science-sandwich"],"aioseo_notices":[],"amp_enabled":true,"_links":{"self":[{"href":"https:\/\/blog.creamontblanc.org\/index.php?rest_route=\/wp\/v2\/posts\/4398","targetHints":{"allow":["GET"]}}],"collection":[{"href":"https:\/\/blog.creamontblanc.org\/index.php?rest_route=\/wp\/v2\/posts"}],"about":[{"href":"https:\/\/blog.creamontblanc.org\/index.php?rest_route=\/wp\/v2\/types\/post"}],"author":[{"embeddable":true,"href":"https:\/\/blog.creamontblanc.org\/index.php?rest_route=\/wp\/v2\/users\/6"}],"replies":[{"embeddable":true,"href":"https:\/\/blog.creamontblanc.org\/index.php?rest_route=%2Fwp%2Fv2%2Fcomments&post=4398"}],"version-history":[{"count":47,"href":"https:\/\/blog.creamontblanc.org\/index.php?rest_route=\/wp\/v2\/posts\/4398\/revisions"}],"predecessor-version":[{"id":5098,"href":"https:\/\/blog.creamontblanc.org\/index.php?rest_route=\/wp\/v2\/posts\/4398\/revisions\/5098"}],"wp:featuredmedia":[{"embeddable":true,"href":"https:\/\/blog.creamontblanc.org\/index.php?rest_route=\/wp\/v2\/media\/4399"}],"wp:attachment":[{"href":"https:\/\/blog.creamontblanc.org\/index.php?rest_route=%2Fwp%2Fv2%2Fmedia&parent=4398"}],"wp:term":[{"taxonomy":"category","embeddable":true,"href":"https:\/\/blog.creamontblanc.org\/index.php?rest_route=%2Fwp%2Fv2%2Fcategories&post=4398"},{"taxonomy":"post_tag","embeddable":true,"href":"https:\/\/blog.creamontblanc.org\/index.php?rest_route=%2Fwp%2Fv2%2Ftags&post=4398"}],"curies":[{"name":"wp","href":"https:\/\/api.w.org\/{rel}","templated":true}]}}