{"id":4333,"date":"2024-04-26T14:53:19","date_gmt":"2024-04-26T13:53:19","guid":{"rendered":"https:\/\/blog.creamontblanc.org?p=4333"},"modified":"2024-06-03T11:02:05","modified_gmt":"2024-06-03T10:02:05","slug":"assemblee-generale-2023","status":"publish","type":"post","link":"https:\/\/blog.creamontblanc.org?p=4333","title":{"rendered":"Assembl\u00e9e G\u00e9n\u00e9rale 31 mai 2024"},"content":{"rendered":"\n<h3 class=\"wp-block-heading\">Nous avons le plaisir de vous convier \u00e0 notre prochaine Assembl\u00e9e G\u00e9n\u00e9rale vendredi 31 mai 2024 \u00e0 18h. <\/h3>\n\n\n\n<figure class=\"wp-block-image size-large\"><img loading=\"lazy\" decoding=\"async\" width=\"1000\" height=\"563\" src=\"https:\/\/blog.creamontblanc.org\/wp-content\/uploads\/2024\/04\/image-1000x563.png\" alt=\"\" class=\"wp-image-5516\" srcset=\"https:\/\/blog.creamontblanc.org\/wp-content\/uploads\/2024\/04\/image-1000x563.png 1000w, https:\/\/blog.creamontblanc.org\/wp-content\/uploads\/2024\/04\/image-300x169.png 300w, https:\/\/blog.creamontblanc.org\/wp-content\/uploads\/2024\/04\/image-768x432.png 768w, https:\/\/blog.creamontblanc.org\/wp-content\/uploads\/2024\/04\/image.png 1025w\" sizes=\"auto, (max-width: 1000px) 100vw, 1000px\" \/><\/figure>\n\n\n\n<p>Vous \u00eates ou \u00e9tiez adh\u00e9rent(e) \u00e0 notre association en 2023, nous avons le plaisir de vous inviter \u00e0 participer \u00e0 l\u2019Assembl\u00e9e G\u00e9n\u00e9rale Ordinaire annuelle de notre association qui se tiendra <strong>le vendredi 31 mai 2023 \u00e0 18h00<\/strong>, au <a href=\"http:\/\/www.planb-chamonix.com\/fr\/\" target=\"_blank\" rel=\"noopener\" title=\"Plan \">Plan B<\/a>, 196 Avenue de Courmayeur \u00e0 Chamonix ou \u00e0 distance en <a href=\"http:\/\/meet.google.com\/vwk-wmto-hvr\" target=\"_blank\" rel=\"noopener\" title=\"visioconf\u00e9rence\">visioconf\u00e9rence<\/a>, comme les ann\u00e9es pr\u00e9c\u00e9dentes.<\/p>\n\n\n\n<p>Pour nous permettre d\u2019organiser au mieux cette AG \u00e0 la fois en physique et \u00e0 distance, nous vous demandons de vous inscrire : <\/p>\n\n\n\n<div class=\"wp-block-buttons is-layout-flex wp-block-buttons-is-layout-flex\">\n<div class=\"wp-block-button is-style-fill\"><a class=\"wp-block-button__link has-white-color has-virtue-primary-background-color has-text-color has-background has-link-color wp-element-button\" href=\"https:\/\/docs.google.com\/forms\/d\/e\/1FAIpQLSeCI0k1Njil9gL8DSMwu4-DqFWtipC1ovbZI5DBPJa6-Xg4AA\/viewform\" target=\"_blank\" rel=\"noreferrer noopener\">Je m&rsquo;inscris<\/a><\/div>\n<\/div>\n\n\n\n<p><\/p>\n\n\n\n<p>Pour participer \u00e0 distance, il vous suffira ensuite de cliquer sur ce lien <a href=\"http:\/\/meet.google.com\/vwk-wmto-hvr\" target=\"_blank\" rel=\"noopener\" title=\"\">meet.google.com\/vwk-wmto-hvr<\/a> et de brancher votre cam\u00e9ra et micro.<\/p>\n\n\n\n<p>Nous vous encourageons \u00e9galement \u00e0 <a href=\"https:\/\/creamontblanc.org\/fr\/faire-un-don#adh%c3%a9rer\" target=\"_blank\" rel=\"noopener\" title=\"\">renouveler votre adh\u00e9sion<\/a> et m\u00eame, pourquoi pas, \u00e0 nous donner un petit coup de pouce suppl\u00e9mentaire. Tous vos dons sont d\u00e9ductibles de l\u2019imp\u00f4t sur le revenu ou de l\u2019imp\u00f4t sur les soci\u00e9t\u00e9s.<\/p>\n\n\n\n<h3 class=\"wp-block-heading\">Toute l&rsquo;\u00e9quipe du CREA Mont-Blanc a h\u00e2te de vous retrouver \u00e0 cette occasion ! <\/h3>\n\n\n\n<p><br><\/p>\n","protected":false},"excerpt":{"rendered":"<p>Nous avons le plaisir de vous convier \u00e0 notre prochaine Assembl\u00e9e G\u00e9n\u00e9rale vendredi 31 mai 2024 \u00e0 18h. Vous \u00eates ou \u00e9tiez adh\u00e9rent(e) \u00e0 notre association en 2023, nous avons le plaisir de vous inviter \u00e0 participer \u00e0 l\u2019Assembl\u00e9e G\u00e9n\u00e9rale &hellip; <a href=\"https:\/\/blog.creamontblanc.org?p=4333\">Lire la suite\u00ad\u00ad<\/a><\/p>\n","protected":false},"author":6,"featured_media":4345,"comment_status":"open","ping_status":"open","sticky":false,"template":"","format":"standard","meta":{"_monsterinsights_skip_tracking":false,"_monsterinsights_sitenote_active":false,"_monsterinsights_sitenote_note":"","_monsterinsights_sitenote_category":0,"ngg_post_thumbnail":0,"footnotes":""},"categories":[258,5],"tags":[],"class_list":["post-4333","post","type-post","status-publish","format-standard","has-post-thumbnail","hentry","category-actus-passees","category-vie-association"],"aioseo_notices":[],"amp_enabled":true,"_links":{"self":[{"href":"https:\/\/blog.creamontblanc.org\/index.php?rest_route=\/wp\/v2\/posts\/4333","targetHints":{"allow":["GET"]}}],"collection":[{"href":"https:\/\/blog.creamontblanc.org\/index.php?rest_route=\/wp\/v2\/posts"}],"about":[{"href":"https:\/\/blog.creamontblanc.org\/index.php?rest_route=\/wp\/v2\/types\/post"}],"author":[{"embeddable":true,"href":"https:\/\/blog.creamontblanc.org\/index.php?rest_route=\/wp\/v2\/users\/6"}],"replies":[{"embeddable":true,"href":"https:\/\/blog.creamontblanc.org\/index.php?rest_route=%2Fwp%2Fv2%2Fcomments&post=4333"}],"version-history":[{"count":26,"href":"https:\/\/blog.creamontblanc.org\/index.php?rest_route=\/wp\/v2\/posts\/4333\/revisions"}],"predecessor-version":[{"id":5520,"href":"https:\/\/blog.creamontblanc.org\/index.php?rest_route=\/wp\/v2\/posts\/4333\/revisions\/5520"}],"wp:featuredmedia":[{"embeddable":true,"href":"https:\/\/blog.creamontblanc.org\/index.php?rest_route=\/wp\/v2\/media\/4345"}],"wp:attachment":[{"href":"https:\/\/blog.creamontblanc.org\/index.php?rest_route=%2Fwp%2Fv2%2Fmedia&parent=4333"}],"wp:term":[{"taxonomy":"category","embeddable":true,"href":"https:\/\/blog.creamontblanc.org\/index.php?rest_route=%2Fwp%2Fv2%2Fcategories&post=4333"},{"taxonomy":"post_tag","embeddable":true,"href":"https:\/\/blog.creamontblanc.org\/index.php?rest_route=%2Fwp%2Fv2%2Ftags&post=4333"}],"curies":[{"name":"wp","href":"https:\/\/api.w.org\/{rel}","templated":true}]}}