{"id":4305,"date":"2023-05-02T13:03:51","date_gmt":"2023-05-02T12:03:51","guid":{"rendered":"https:\/\/blog.creamontblanc.org?p=4305"},"modified":"2023-05-12T13:31:26","modified_gmt":"2023-05-12T12:31:26","slug":"sciencesandwich-les-cristaux-des-fentes-alpines","status":"publish","type":"post","link":"https:\/\/blog.creamontblanc.org?p=4305","title":{"rendered":"#ScienceSandwich : Les cristaux des fissures alpines"},"content":{"rendered":"\n<h3 class=\"wp-block-heading\">Jeudi 11 Mai 2023 \u00e0 12h30 : avec Edwin Gnos, Conservateur de min\u00e9ralogie et p\u00e9trographie au Mus\u00e9um d&rsquo;Histoire Naturelle de Gen\u00e8ve<\/h3>\n\n\n\n<p><br>Les fentes alpines se sont form\u00e9es lors de mouvements tectoniques. Aujourd\u2019hui cavit\u00e9s contenant de beaux cristaux, elles \u00e9taient originalement remplies d\u2019une solution saline chaude. Des datations des min\u00e9raux indiquent diff\u00e9rents \u00e9pisodes de formation de fentes alpines et une croissance qui a dur\u00e9 plusieurs millions d\u2019ann\u00e9es.<\/p>\n\n\n\n<figure class=\"wp-block-image size-full is-resized\"><img loading=\"lazy\" decoding=\"async\" src=\"https:\/\/blog.creamontblanc.org\/wp-content\/uploads\/2023\/04\/DSC_0609Gnos-1.jpg\" alt=\"\" class=\"wp-image-4311\" width=\"900\" height=\"602\" srcset=\"https:\/\/blog.creamontblanc.org\/wp-content\/uploads\/2023\/04\/DSC_0609Gnos-1.jpg 1200w, https:\/\/blog.creamontblanc.org\/wp-content\/uploads\/2023\/04\/DSC_0609Gnos-1-300x201.jpg 300w, https:\/\/blog.creamontblanc.org\/wp-content\/uploads\/2023\/04\/DSC_0609Gnos-1-1000x669.jpg 1000w, https:\/\/blog.creamontblanc.org\/wp-content\/uploads\/2023\/04\/DSC_0609Gnos-1-768x514.jpg 768w\" sizes=\"auto, (max-width: 900px) 100vw, 900px\" \/><figcaption class=\"wp-element-caption\">Paul Von K\u00e4nel, Elio M\u00fcller et groupe de quartz au Planggenstock, Uri, Suisse \u00a9Edwin Gnos<\/figcaption><\/figure>\n\n\n\n<p><\/p>\n\n\n\n<p><\/p>\n\n\n\n<p>Nous vous invitons \u00e0 l&rsquo;Observatoire du Mont-Blanc jeudi 11 mai, pour \u00e9changer avec <a href=\"https:\/\/museumlab-geneve.ch\/auteurs\/edwin-gnos\/\" target=\"_blank\" rel=\"noopener\" title=\"Edwin Gnos\">Edwin Gnos<\/a>, min\u00e9ralogue\/p\u00e9trographe. <br>Sp\u00e9cialiste dans les domaines des m\u00e9t\u00e9orites et des fissures alpines, il nous pr\u00e9sentera toutes les sp\u00e9cificit\u00e9s de ces cristaux alpins et leur origine. <\/p>\n\n\n\n<div class=\"wp-block-columns is-layout-flex wp-container-core-columns-is-layout-9d6595d7 wp-block-columns-is-layout-flex\">\n<div class=\"wp-block-column is-layout-flow wp-block-column-is-layout-flow\">\n<figure class=\"wp-block-image size-large\"><img loading=\"lazy\" decoding=\"async\" width=\"1000\" height=\"731\" src=\"http:\/\/blog.creamontblanc.org\/wp-content\/uploads\/2023\/04\/DSC_2094TAUERN3-1000x731.jpg\" alt=\"\" class=\"wp-image-4315\" srcset=\"https:\/\/blog.creamontblanc.org\/wp-content\/uploads\/2023\/04\/DSC_2094TAUERN3-1000x731.jpg 1000w, https:\/\/blog.creamontblanc.org\/wp-content\/uploads\/2023\/04\/DSC_2094TAUERN3-300x219.jpg 300w, https:\/\/blog.creamontblanc.org\/wp-content\/uploads\/2023\/04\/DSC_2094TAUERN3-768x561.jpg 768w, https:\/\/blog.creamontblanc.org\/wp-content\/uploads\/2023\/04\/DSC_2094TAUERN3.jpg 1400w\" sizes=\"auto, (max-width: 1000px) 100vw, 1000px\" \/><\/figure>\n<\/div>\n\n\n\n<div class=\"wp-block-column is-layout-flow wp-block-column-is-layout-flow\">\n<p><br><br><br>Cristal millim\u00e9trique de monazite sur quartz provenant du Rauries, Salzbourg, Autriche. <br><br>La monazite peut \u00eatre utilis\u00e9 pour des datations. <br><br>\u00a9 Philippe Wagneur<br><\/p>\n<\/div>\n<\/div>\n\n\n\n<p>Nous avons h\u00e2te de vous retrouver \u00e0 l&rsquo;Observatoire prochainement, si toutefois vous ne pouviez vous joindre \u00e0 nous, voici le <a href=\"https:\/\/youtube.com\/live\/GqSIKcUENtg?feature=share\" target=\"_blank\" rel=\"noopener\" title=\"lien de la retransmission de la conf\u00e9rence\">lien de la retransmission de la conf\u00e9rence<\/a>. <br><\/p>\n\n\n\n<h3 class=\"wp-block-heading\">Infos pratiques #ScienceSandwich<\/h3>\n\n\n\n<p><strong><a href=\"https:\/\/blog.creamontblanc.org\/?p=3366\" target=\"_blank\" rel=\"noreferrer noopener\"><em>Science Sandwich<\/em>&nbsp;<\/a>au&nbsp;<a href=\"https:\/\/creamontblanc.org\/fr\/\" target=\"_blank\" rel=\"noreferrer noopener\">CREA Mont-Blanc<\/a><\/strong><br>\u00e0 l\u2019Observatoire du Mont-Blanc \u2013 67 lacets du belv\u00e9d\u00e8re \u2013 74400 Chamonix Mont-Blanc<br>Une fois par mois, de 12h30 \u00e0 13h30<br>Pique-nique tir\u00e9 du sac<br>Entr\u00e9e libre \u2013 dans la limite des places disponibles<br>\u00c9changes en fran\u00e7ais ou en anglais selon les intervenants et th\u00e9matiques<br>Conf\u00e9rences retransmises en live sur <a href=\"https:\/\/www.youtube.com\/playlist?list=PLdZQ6byfzGavssZ6MX6nog9NB-_7qh3ki\" target=\"_blank\" rel=\"noreferrer noopener\">notre cha\u00eene youtube<\/a><br><br>Ne manquez pas ces rencontres mensuelles, plac\u00e9es sous le signe de la d\u00e9couverte et la convivialit\u00e9.&nbsp;<br>Informations sur les prochaines dates dans notre rubrique&nbsp;<a href=\"https:\/\/blog.creamontblanc.org\/?cat=189\" target=\"_blank\" rel=\"noreferrer noopener\">Agenda<\/a><\/p>\n\n\n\n<figure class=\"wp-block-image size-large is-resized\"><img loading=\"lazy\" decoding=\"async\" src=\"http:\/\/blog.creamontblanc.org\/wp-content\/uploads\/2023\/01\/Capture-de\u0301cran-2023-01-25-a\u0300-14.59.00-3-1000x165.png\" alt=\"\" class=\"wp-image-4112\" width=\"750\" height=\"124\" srcset=\"https:\/\/blog.creamontblanc.org\/wp-content\/uploads\/2023\/01\/Capture-de\u0301cran-2023-01-25-a\u0300-14.59.00-3-1000x165.png 1000w, https:\/\/blog.creamontblanc.org\/wp-content\/uploads\/2023\/01\/Capture-de\u0301cran-2023-01-25-a\u0300-14.59.00-3-300x50.png 300w, https:\/\/blog.creamontblanc.org\/wp-content\/uploads\/2023\/01\/Capture-de\u0301cran-2023-01-25-a\u0300-14.59.00-3-768x127.png 768w, https:\/\/blog.creamontblanc.org\/wp-content\/uploads\/2023\/01\/Capture-de\u0301cran-2023-01-25-a\u0300-14.59.00-3-1536x254.png 1536w, https:\/\/blog.creamontblanc.org\/wp-content\/uploads\/2023\/01\/Capture-de\u0301cran-2023-01-25-a\u0300-14.59.00-3.png 1548w\" sizes=\"auto, (max-width: 750px) 100vw, 750px\" \/><\/figure>\n","protected":false},"excerpt":{"rendered":"<p>Jeudi 11 Mai 2023 \u00e0 12h30 : avec Edwin Gnos, Conservateur de min\u00e9ralogie et p\u00e9trographie au Mus\u00e9um d&rsquo;Histoire Naturelle de Gen\u00e8ve Les fentes alpines se sont form\u00e9es lors de mouvements tectoniques. Aujourd\u2019hui cavit\u00e9s contenant de beaux cristaux, elles \u00e9taient originalement &hellip; <a href=\"https:\/\/blog.creamontblanc.org?p=4305\">Lire la suite\u00ad\u00ad<\/a><\/p>\n","protected":false},"author":21,"featured_media":4309,"comment_status":"open","ping_status":"open","sticky":false,"template":"","format":"standard","meta":{"_monsterinsights_skip_tracking":false,"_monsterinsights_sitenote_active":false,"_monsterinsights_sitenote_note":"","_monsterinsights_sitenote_category":0,"ngg_post_thumbnail":0,"footnotes":""},"categories":[5],"tags":[123],"class_list":["post-4305","post","type-post","status-publish","format-standard","has-post-thumbnail","hentry","category-vie-association","tag-science-sandwich"],"aioseo_notices":[],"amp_enabled":true,"_links":{"self":[{"href":"https:\/\/blog.creamontblanc.org\/index.php?rest_route=\/wp\/v2\/posts\/4305","targetHints":{"allow":["GET"]}}],"collection":[{"href":"https:\/\/blog.creamontblanc.org\/index.php?rest_route=\/wp\/v2\/posts"}],"about":[{"href":"https:\/\/blog.creamontblanc.org\/index.php?rest_route=\/wp\/v2\/types\/post"}],"author":[{"embeddable":true,"href":"https:\/\/blog.creamontblanc.org\/index.php?rest_route=\/wp\/v2\/users\/21"}],"replies":[{"embeddable":true,"href":"https:\/\/blog.creamontblanc.org\/index.php?rest_route=%2Fwp%2Fv2%2Fcomments&post=4305"}],"version-history":[{"count":16,"href":"https:\/\/blog.creamontblanc.org\/index.php?rest_route=\/wp\/v2\/posts\/4305\/revisions"}],"predecessor-version":[{"id":4390,"href":"https:\/\/blog.creamontblanc.org\/index.php?rest_route=\/wp\/v2\/posts\/4305\/revisions\/4390"}],"wp:featuredmedia":[{"embeddable":true,"href":"https:\/\/blog.creamontblanc.org\/index.php?rest_route=\/wp\/v2\/media\/4309"}],"wp:attachment":[{"href":"https:\/\/blog.creamontblanc.org\/index.php?rest_route=%2Fwp%2Fv2%2Fmedia&parent=4305"}],"wp:term":[{"taxonomy":"category","embeddable":true,"href":"https:\/\/blog.creamontblanc.org\/index.php?rest_route=%2Fwp%2Fv2%2Fcategories&post=4305"},{"taxonomy":"post_tag","embeddable":true,"href":"https:\/\/blog.creamontblanc.org\/index.php?rest_route=%2Fwp%2Fv2%2Ftags&post=4305"}],"curies":[{"name":"wp","href":"https:\/\/api.w.org\/{rel}","templated":true}]}}