{"id":4223,"date":"2023-03-05T14:29:17","date_gmt":"2023-03-05T13:29:17","guid":{"rendered":"https:\/\/blog.creamontblanc.org?p=4223"},"modified":"2023-03-07T14:41:12","modified_gmt":"2023-03-07T13:41:12","slug":"comment-la-connaissance-du-vivant-peut-inspirer-nos-modeles-dorganisation","status":"publish","type":"post","link":"https:\/\/blog.creamontblanc.org?p=4223","title":{"rendered":"Comment la connaissance du vivant peut inspirer nos mod\u00e8les d\u2019organisation"},"content":{"rendered":"\n<h5 class=\"wp-block-heading\">Et si l\u2019observation des \u00e9cosyst\u00e8mes et une relation renouvel\u00e9e avec la nature nous ouvraient \u00e0 de nouvelles strat\u00e9gies d\u2019adaptation&nbsp;? Ils constituent en tout cas une source d\u2019inspiration pr\u00e9cieuse pour penser diff\u00e9remment le changement en se basant sur les principes du vivant. Le CREA Mont-Blanc a d\u00e9velopp\u00e9 avec son partenaire <a href=\"https:\/\/holomea.com\/\" target=\"_blank\" rel=\"noopener\" title=\"Holomea\">Holomea<\/a> un ensemble de m\u00e9thodes pour accompagner les entreprises et les professeurs de l\u2019enseignement sup\u00e9rieur sur cette voie innovante.<\/h5>\n\n\n\n<figure class=\"wp-block-image size-large\"><img loading=\"lazy\" decoding=\"async\" width=\"1000\" height=\"624\" src=\"http:\/\/blog.creamontblanc.org\/wp-content\/uploads\/2023\/03\/Famptrip2022-1-1000x624.jpg\" alt=\"\" class=\"wp-image-4237\" srcset=\"https:\/\/blog.creamontblanc.org\/wp-content\/uploads\/2023\/03\/Famptrip2022-1-1000x624.jpg 1000w, https:\/\/blog.creamontblanc.org\/wp-content\/uploads\/2023\/03\/Famptrip2022-1-300x187.jpg 300w, https:\/\/blog.creamontblanc.org\/wp-content\/uploads\/2023\/03\/Famptrip2022-1-768x479.jpg 768w, https:\/\/blog.creamontblanc.org\/wp-content\/uploads\/2023\/03\/Famptrip2022-1-1536x958.jpg 1536w, https:\/\/blog.creamontblanc.org\/wp-content\/uploads\/2023\/03\/Famptrip2022-1-80x50.jpg 80w, https:\/\/blog.creamontblanc.org\/wp-content\/uploads\/2023\/03\/Famptrip2022-1.jpg 1590w\" sizes=\"auto, (max-width: 1000px) 100vw, 1000px\" \/><figcaption class=\"wp-element-caption\"><sup>S\u00e9jour 2022 avec des enseignants du sup\u00e9rieur<\/sup><\/figcaption><\/figure>\n\n\n\n<p>La compr\u00e9hension des \u00e9cosyst\u00e8mes peut nous aider \u00e0 penser la transition de nos organisations&nbsp;: tel est le principe qui sous-tend le travail r\u00e9alis\u00e9 au CREA Mont-Blanc avec <a href=\"https:\/\/holomea.com\/\" target=\"_blank\" rel=\"noopener\" title=\"Holomea\">Holomea<\/a> autour de la bio-inspiration. C\u00f4t\u00e9 CREA Mont-Blanc, cette d\u00e9marche trouve son origine dans l\u2019approche mobilisatrice d\u00e9velopp\u00e9e par l\u2019association pour sensibiliser le public aux enjeux de la biodiversit\u00e9 de montagne. La connaissance scientifique du fonctionnement du vivant et la sensibilit\u00e9 aux milieux naturels constituent en effet un bon point de d\u00e9part pour red\u00e9finir nos propres modes de fonctionnement, comme l\u2019explique Ir\u00e8ne Alvarez, directrice des programmes&nbsp;: <\/p>\n\n\n\n<blockquote class=\"wp-block-quote is-layout-flow wp-block-quote-is-layout-flow\">\n<p> \u00ab&nbsp;Les \u00e9cosyst\u00e8mes de montagne ont de tr\u00e8s fortes capacit\u00e9s d\u2019adaptation et de r\u00e9silience \u00e0 des multitudes de chocs, et ils connaissent un choc majeur avec les changements climatiques. En les observant et en ouvrant les yeux sur ce qui se passe dans la nature, nous pouvons explorer des pistes pour r\u00e9soudre les d\u00e9fis qui se posent \u00e0 nos soci\u00e9t\u00e9s et \u00e0 nos mod\u00e8les \u00e9conomiques.&nbsp;\u00bb<\/p>\n<\/blockquote>\n\n\n\n<h3 class=\"wp-block-heading\">D&rsquo;une approche machine \u00e0 une vision organique des enjeux et des solutions<\/h3>\n\n\n\n<p>Au travers de cette d\u00e9marche, il ne s\u2019agit pas de chercher \u00e0 reproduire strictement les m\u00e9canismes des \u00e9cosyst\u00e8mes. Tous les principes de la nature ne sont pas applicables aux organisations humaines, et certaines notions propres aux organisations humaines telles que la justice sociale ou l\u2019intentionnalit\u00e9 ne se retrouvent pas ou peu dans la nature. L\u2019id\u00e9e est plut\u00f4t de s\u2019inspirer de certaines de leurs caract\u00e9ristiques pour travailler sur des notions comme la diversit\u00e9, les interactions entre les individus ou les esp\u00e8ces, la redondance, la performance ou encore la coop\u00e9ration.&nbsp;<\/p>\n\n\n\n<p>Dans cette optique, le CREA Mont-Blanc a imagin\u00e9 avec Holomea, sp\u00e9cialiste des projets de transition \u00e9cologique et sociale, une m\u00e9thodologie pour amener des entreprises, des \u00e9coles et des universit\u00e9s \u00e0 s\u2019ouvrir \u00e0 d\u2019autres mani\u00e8res de fonctionner en s\u2019appuyant sur l\u2019observation de la nature. \u00ab&nbsp;On touche les limites de l\u2019organisation actuelle des collectifs, ax\u00e9e sur la machine, qui est h\u00e9rit\u00e9e de la r\u00e9volution industrielle. Dans nos \u00e9changes avec le CREA Mont-Blanc, nous nous sommes rendu compte que les questions qui se posent aux \u00e9cosyst\u00e8mes vivants sont en r\u00e9alit\u00e9 tr\u00e8s proches de celles que l\u2019on retrouve dans les organisations, pr\u00e9cise Christine Ebadi, cofondatrice d\u2019Holomea. Nous proposons une approche commune de la bio-inspiration dans laquelle le CREA Mont-Blanc apporte sa l\u00e9gitimit\u00e9 scientifique et le rapport sensible \u00e0 la nature qui fait sa sp\u00e9cificit\u00e9, et Holomea ses comp\u00e9tences autour des organisations, des enjeux de transformation et des outils collaboratifs.&nbsp;\u00bb&nbsp;<\/p>\n\n\n\n<p><\/p>\n\n\n\n<h3 class=\"wp-block-heading\">Une prise de recul n\u00e9cessaire<\/h3>\n\n\n\n<p class=\"has-text-align-left\">Cette m\u00e9thodologie s\u2019adresse au public des managers et responsables de projets de transformation en entreprise, mais aussi aux professeurs de l\u2019enseignement sup\u00e9rieur. Elle se d\u00e9cline sous diff\u00e9rents formats, de la conf\u00e9rence ou du webinaire pour introduire le sujet jusqu\u2019aux s\u00e9jours de plusieurs jours en montagne. \u00ab&nbsp;La formule la plus compl\u00e8te dure 4 jours. Nous amenons les participants sur le terrain pour qu\u2019ils ressentent le fonctionnement des \u00e9cosyst\u00e8mes par l\u2019observation, \u00e0 partir des sujets d\u2019\u00e9tude du CREA Mont-Blanc. Cela contribue \u00e0 les rendre r\u00e9ceptifs \u00e0 ce qui les entoure, d\u00e9crit Ir\u00e8ne. Il s\u2019ensuit une phase de d\u00e9construction o\u00f9 ils font le lien entre ce qu\u2019ils ont observ\u00e9 et le sujet qui les pr\u00e9occupe, puis une phase de reconstruction o\u00f9, \u00e0 partir des grands principes du vivant ils peuvent repenser leurs relations d\u2019\u00e9quipe, leur d\u00e9marche RSE, ou encore leur gestion de projet ou leur enseignement de la transition.&nbsp;\u00bb&nbsp;<\/p>\n\n\n\n<div class=\"wp-block-media-text alignwide is-stacked-on-mobile\"><figure class=\"wp-block-media-text__media\"><img decoding=\"async\" src=\"http:\/\/blog.creamontblanc.org\/wp-content\/uploads\/2023\/03\/famtrip1-1000x684.jpg\" alt=\"\" class=\"wp-image-4227 size-full\"\/><\/figure><div class=\"wp-block-media-text__content\">\n<p>Dans cet esprit, une quinzaine d\u2019enseignants d\u2019universit\u00e9 d\u2019\u00e9cole de commerce et d\u2019\u00e9cole d\u2019ing\u00e9nieur ont particip\u00e9 \u00e0 un <a href=\"https:\/\/creamontblanc.org\/fr\/sejours-bio-inspiration-management-pluridisciplinaire-transition\/\" target=\"_blank\" rel=\"noopener\" title=\"s\u00e9jour\">s\u00e9jour<\/a> sur le massif du Mont-Blanc l\u2019\u00e9t\u00e9 dernier pour faire ce cheminement. \u00ab&nbsp;On sent que ce type d\u2019exp\u00e9rience ouvre des portes, poursuit Ir\u00e8ne. Le cadre de la montagne, dans un contexte inhabituel, le fait d\u2019\u00e9changer entre pairs, tout cela contribue \u00e0 lib\u00e9rer la parole et \u00e0 faire \u00e9merger des id\u00e9es nouvelles. <br><br>L\u2019enjeu ensuite, quand ils sont redescendus, est d\u2019int\u00e9grer cette approche de la nature dans le quotidien de l\u2019organisation.&nbsp;\u00bb Christine Ebadi partage ce retour d\u2019exp\u00e9rience&nbsp;: <\/p>\n<\/div><\/div>\n\n\n\n<blockquote class=\"wp-block-quote is-layout-flow wp-block-quote-is-layout-flow\">\n<p>\u00ab&nbsp;La transformation est un sujet extr\u00eamement complexe auquel on ne peut pas apporter de r\u00e9ponse m\u00e9canique. La bio-inspiration permet de faire un pas de c\u00f4t\u00e9 pour regarder les choses autrement, et de d\u00e9couvrir d\u2019autres voies pour fonctionner avec d\u2019autres principes.&nbsp;\u00bb&nbsp;&nbsp;&nbsp;<\/p>\n<\/blockquote>\n\n\n\n<p>Face \u00e0 la multiplicit\u00e9 des d\u00e9fis actuels auxquels sont les entreprises et les universit\u00e9s font face, cette activit\u00e9 est amen\u00e9e \u00e0 prendre de l\u2019ampleur. Des prochains s\u00e9jours sont d\u2019ores et d\u00e9j\u00e0 en cours de pr\u00e9paration. Nous invitons les entreprises ou \u00e9tablissements d&rsquo;enseignement sup\u00e9rieur qui souhaitent vivre cette exp\u00e9rience avec nous, autour de leur(s) sujet(s) du moment, \u00e0 nous contacter.<\/p>\n\n\n\n<p><\/p>\n\n\n\n<h5 class=\"wp-block-heading\">Quelques interventions r\u00e9centes autour de la bio-inspiration<\/h5>\n\n\n\n<ul class=\"wp-block-list\">\n<li><a href=\"https:\/\/www.linkedin.com\/posts\/creamontblanc_renouvelerlapensaeze-coopaezration-vivant-activity-6948175211192049664-tvo6\/?utm_source=share&amp;utm_medium=member_desktop\" target=\"_blank\" rel=\"noopener\" title=\"L\u2019\u00e9t\u00e9 dernier\">L\u2019\u00e9t\u00e9 dernier<\/a>, le CREA Mont-Blanc et Holomea ont emmen\u00e9 les membres du comit\u00e9 de direction de Suez Eau AURA en montagne pour penser diff\u00e9remment les enjeux de la transition de l\u2019entreprise.<\/li>\n\n\n\n<li>Le 25 octobre 2022, Ir\u00e8ne Alvarez et Christine Ebadi ont pr\u00e9sent\u00e9 le travail r\u00e9alis\u00e9 autour de la bio-inspiration et les diff\u00e9rents parcours p\u00e9dagogiques propos\u00e9s, lors d\u2019une <a href=\"https:\/\/blog.creamontblanc.org\/?p=3962\" target=\"_blank\" rel=\"noopener\" title=\"intervention au salon Biomimexpo\">intervention au salon Biomimexpo<\/a>, \u00e0 la Cit\u00e9 des sciences et de l\u2019industrie de Paris.&nbsp;<\/li>\n\n\n\n<li>Le CREA Mont-Blanc a particip\u00e9 \u00e0 la co-construction d\u2019un <a href=\"https:\/\/www.erasme.org\/WSBI\" target=\"_blank\" rel=\"noopener\" title=\"marathon cr\u00e9atif\">marathon cr\u00e9atif<\/a> sur la ville bioinspir\u00e9e du 14 mars au 1er avril 2022 organis\u00e9 par le laboratoire d&rsquo;innovation de la M\u00e9tropole de Lyon, Erasme. Il a r\u00e9uni une soixantaine de participants de tous horizons (chercheurs, chefs d\u2019entreprise, \u00e9tudiants) pour explorer des pistes de transformation inspir\u00e9es par le vivant dans le domaine de l\u2019action publique.&nbsp;<\/li>\n<\/ul>\n\n\n\n<p><br>Le s\u00e9jour 2022 a eu lieu dans le cadre du projet <a href=\"https:\/\/creamontblanc.org\/fr\/le-projet-tourscience-plus\/\" target=\"_blank\" rel=\"noopener\" title=\"TourScience Plus\">TourScience Plus<\/a>, projet est men\u00e9 en coop\u00e9ration transfrontali\u00e8re avec la Commune de Torgnon et est financ\u00e9 par les fonds europ\u00e9ens FEDER-Alcotra sur la programmation 2014-2020.<\/p>\n\n\n\n<figure class=\"wp-block-image size-large is-resized\"><img loading=\"lazy\" decoding=\"async\" src=\"http:\/\/blog.creamontblanc.org\/wp-content\/uploads\/2022\/10\/INTERREG-ALCOTRA-PLUS-1000x407.png\" alt=\"\" class=\"wp-image-3806\" width=\"250\" height=\"102\" srcset=\"https:\/\/blog.creamontblanc.org\/wp-content\/uploads\/2022\/10\/INTERREG-ALCOTRA-PLUS-1000x407.png 1000w, https:\/\/blog.creamontblanc.org\/wp-content\/uploads\/2022\/10\/INTERREG-ALCOTRA-PLUS-300x122.png 300w, https:\/\/blog.creamontblanc.org\/wp-content\/uploads\/2022\/10\/INTERREG-ALCOTRA-PLUS-768x312.png 768w, https:\/\/blog.creamontblanc.org\/wp-content\/uploads\/2022\/10\/INTERREG-ALCOTRA-PLUS-1536x625.png 1536w, https:\/\/blog.creamontblanc.org\/wp-content\/uploads\/2022\/10\/INTERREG-ALCOTRA-PLUS.png 1785w\" sizes=\"auto, (max-width: 250px) 100vw, 250px\" \/><\/figure>\n","protected":false},"excerpt":{"rendered":"<p>Et si l\u2019observation des \u00e9cosyst\u00e8mes et une relation renouvel\u00e9e avec la nature nous ouvraient \u00e0 de nouvelles strat\u00e9gies d\u2019adaptation&nbsp;? Ils constituent en tout cas une source d\u2019inspiration pr\u00e9cieuse pour penser diff\u00e9remment le changement en se basant sur les principes du &hellip; <a href=\"https:\/\/blog.creamontblanc.org?p=4223\">Lire la suite\u00ad\u00ad<\/a><\/p>\n","protected":false},"author":21,"featured_media":4253,"comment_status":"open","ping_status":"open","sticky":false,"template":"","format":"standard","meta":{"_monsterinsights_skip_tracking":false,"_monsterinsights_sitenote_active":false,"_monsterinsights_sitenote_note":"","_monsterinsights_sitenote_category":0,"ngg_post_thumbnail":0,"footnotes":""},"categories":[5],"tags":[12,192],"class_list":["post-4223","post","type-post","status-publish","format-standard","has-post-thumbnail","hentry","category-vie-association","tag-rencontre","tag-retour-dexperience"],"aioseo_notices":[],"amp_enabled":true,"_links":{"self":[{"href":"https:\/\/blog.creamontblanc.org\/index.php?rest_route=\/wp\/v2\/posts\/4223","targetHints":{"allow":["GET"]}}],"collection":[{"href":"https:\/\/blog.creamontblanc.org\/index.php?rest_route=\/wp\/v2\/posts"}],"about":[{"href":"https:\/\/blog.creamontblanc.org\/index.php?rest_route=\/wp\/v2\/types\/post"}],"author":[{"embeddable":true,"href":"https:\/\/blog.creamontblanc.org\/index.php?rest_route=\/wp\/v2\/users\/21"}],"replies":[{"embeddable":true,"href":"https:\/\/blog.creamontblanc.org\/index.php?rest_route=%2Fwp%2Fv2%2Fcomments&post=4223"}],"version-history":[{"count":26,"href":"https:\/\/blog.creamontblanc.org\/index.php?rest_route=\/wp\/v2\/posts\/4223\/revisions"}],"predecessor-version":[{"id":4272,"href":"https:\/\/blog.creamontblanc.org\/index.php?rest_route=\/wp\/v2\/posts\/4223\/revisions\/4272"}],"wp:featuredmedia":[{"embeddable":true,"href":"https:\/\/blog.creamontblanc.org\/index.php?rest_route=\/wp\/v2\/media\/4253"}],"wp:attachment":[{"href":"https:\/\/blog.creamontblanc.org\/index.php?rest_route=%2Fwp%2Fv2%2Fmedia&parent=4223"}],"wp:term":[{"taxonomy":"category","embeddable":true,"href":"https:\/\/blog.creamontblanc.org\/index.php?rest_route=%2Fwp%2Fv2%2Fcategories&post=4223"},{"taxonomy":"post_tag","embeddable":true,"href":"https:\/\/blog.creamontblanc.org\/index.php?rest_route=%2Fwp%2Fv2%2Ftags&post=4223"}],"curies":[{"name":"wp","href":"https:\/\/api.w.org\/{rel}","templated":true}]}}