{"id":4204,"date":"2023-03-04T11:11:52","date_gmt":"2023-03-04T10:11:52","guid":{"rendered":"https:\/\/blog.creamontblanc.org?p=4204"},"modified":"2023-04-01T11:14:28","modified_gmt":"2023-04-01T10:14:28","slug":"especes-blanches-mieux-les-connaitre-pour-mieux-les-proteger","status":"publish","type":"post","link":"https:\/\/blog.creamontblanc.org?p=4204","title":{"rendered":"Esp\u00e8ces blanches\u00a0: mieux les conna\u00eetre pour mieux les prot\u00e9ger"},"content":{"rendered":"\n<h5 class=\"wp-block-heading\">Le vaste <a href=\"https:\/\/creamontblanc.org\/fr\/poia-especes-arctico-alpines\" target=\"_blank\" rel=\"noopener\" title=\"projet europ\u00e9en\">projet europ\u00e9en<\/a> d\u2019\u00e9tude sur le li\u00e8vre variable et le lagop\u00e8de alpin, qui vient de s\u2019achever, a fait progresser la connaissance de ces animaux tr\u00e8s discrets menac\u00e9s par les changements climatiques. Pour le CREA Mont-Blanc et ses partenaires, il a aussi \u00e9t\u00e9 l\u2019occasion d\u2019exp\u00e9rimenter de nouvelles m\u00e9thodes et des technologies porteuses d\u2019avenir pour la recherche scientifique.<\/h5>\n\n\n\n<p><\/p>\n\n\n\n<figure class=\"wp-block-gallery has-nested-images columns-default is-cropped wp-block-gallery-1 is-layout-flex wp-block-gallery-is-layout-flex\">\n<figure class=\"wp-block-image size-large\"><img loading=\"lazy\" decoding=\"async\" width=\"1000\" height=\"667\" data-id=\"4207\" src=\"https:\/\/blog.creamontblanc.org\/wp-content\/uploads\/2023\/03\/lievre\u00a9-Bertrand-Muffat-Joly-1000x667.jpg\" alt=\"\" class=\"wp-image-4207\" srcset=\"https:\/\/blog.creamontblanc.org\/wp-content\/uploads\/2023\/03\/lievre\u00a9-Bertrand-Muffat-Joly-1000x667.jpg 1000w, https:\/\/blog.creamontblanc.org\/wp-content\/uploads\/2023\/03\/lievre\u00a9-Bertrand-Muffat-Joly-300x200.jpg 300w, https:\/\/blog.creamontblanc.org\/wp-content\/uploads\/2023\/03\/lievre\u00a9-Bertrand-Muffat-Joly-768x512.jpg 768w, https:\/\/blog.creamontblanc.org\/wp-content\/uploads\/2023\/03\/lievre\u00a9-Bertrand-Muffat-Joly.jpg 1200w\" sizes=\"auto, (max-width: 1000px) 100vw, 1000px\" \/><figcaption class=\"wp-element-caption\">Li\u00e8vres variables \u00a9 Bertrand Muffat-Joly<\/figcaption><\/figure>\n\n\n\n<figure class=\"wp-block-image size-large\"><img loading=\"lazy\" decoding=\"async\" width=\"1000\" height=\"667\" data-id=\"4205\" src=\"https:\/\/blog.creamontblanc.org\/wp-content\/uploads\/2023\/03\/lago11\u00a9-Bertrand-Muffat-Joly.-1000x667.jpg\" alt=\"\" class=\"wp-image-4205\" srcset=\"https:\/\/blog.creamontblanc.org\/wp-content\/uploads\/2023\/03\/lago11\u00a9-Bertrand-Muffat-Joly.-1000x667.jpg 1000w, https:\/\/blog.creamontblanc.org\/wp-content\/uploads\/2023\/03\/lago11\u00a9-Bertrand-Muffat-Joly.-300x200.jpg 300w, https:\/\/blog.creamontblanc.org\/wp-content\/uploads\/2023\/03\/lago11\u00a9-Bertrand-Muffat-Joly.-768x512.jpg 768w, https:\/\/blog.creamontblanc.org\/wp-content\/uploads\/2023\/03\/lago11\u00a9-Bertrand-Muffat-Joly.-1536x1024.jpg 1536w, https:\/\/blog.creamontblanc.org\/wp-content\/uploads\/2023\/03\/lago11\u00a9-Bertrand-Muffat-Joly..jpg 1800w\" sizes=\"auto, (max-width: 1000px) 100vw, 1000px\" \/><figcaption class=\"wp-element-caption\">Lagop\u00e8de alpin \u00a9 Bertrand Muffat-Joly<\/figcaption><\/figure>\n<\/figure>\n\n\n\n<p><br>Un point d\u2019orgue, mais pas un point final. Les 1<sup>er<\/sup> et 2 mars, les participants au projet \u00ab&nbsp;<a href=\"https:\/\/creamontblanc.org\/fr\/poia-especes-arctico-alpines\" target=\"_blank\" rel=\"noopener\" title=\"POIA Esp\u00e8ces arctico-alpines 2020-2022\">POIA Esp\u00e8ces arctico-alpines 2020-2022<\/a>&nbsp;\u00bb avaient rendez-vous \u00e0 Barcelonnette pour une r\u00e9union de cl\u00f4ture de ce programme d\u2019observation in\u00e9dit \u00e0 l\u2019\u00e9chelle des Alpes fran\u00e7aises. Financ\u00e9 par des fonds europ\u00e9ens, il a mobilis\u00e9 durant 3 ans 5 partenaires de l\u2019ensemble des massifs (CREA Mont-Blanc, <a href=\"https:\/\/www.ecrins-parcnational.fr\/\" target=\"_blank\" rel=\"noopener\" title=\"Parc national des Ecrins\">Parc national des Ecrins<\/a>, <a href=\"https:\/\/www.pnr-queyras.fr\/\" target=\"_blank\" rel=\"noopener\" title=\"Parc naturel r\u00e9gional du Queyras\">Parc naturel r\u00e9gional du Queyras<\/a>, <a href=\"http:\/\/www.mercantour-parcnational.fr\/fr\" target=\"_blank\" rel=\"noopener\" title=\"Parc national du Mercantour,\">Parc national du Mercantour,<\/a> <a href=\"https:\/\/www.ofb.gouv.fr\/\" target=\"_blank\" rel=\"noopener\" title=\"Office fran\u00e7ais de la biodiversit\u00e9\">Office fran\u00e7ais de la biodiversit\u00e9<\/a>) autour de l\u2019\u00e9tude de deux esp\u00e8ces embl\u00e9matiques de la haute altitude&nbsp;: le li\u00e8vre variable et le lagop\u00e8de alpin.<\/p>\n\n\n\n<blockquote class=\"wp-block-quote is-layout-flow wp-block-quote-is-layout-flow\">\n<p>\u00ab&nbsp;Ce sont des esp\u00e8ces comparables, \u00e0 la fois discr\u00e8tes et peu connues, qui aiment le froid et la neige et changent de pelage ou de plumage en fonction des saisons pour se camoufler. Leur habitat se distribue de mani\u00e8re assez semblable sur les massifs alpins, et elles sont soumises aux m\u00eames contraintes de r\u00e9duction de l\u2019enneigement. Le but de ce projet \u00e9tait de comprendre comment elles \u00e9voluent face aux effets des changements climatiques&nbsp;\u00bb explique Anne Delestrade, directrice du CREA Mont-Blanc.&nbsp;<br><\/p>\n<\/blockquote>\n\n\n\n<div class=\"wp-block-media-text alignwide is-stacked-on-mobile\" style=\"grid-template-columns:31% auto\"><figure class=\"wp-block-media-text__media\"><img loading=\"lazy\" decoding=\"async\" width=\"300\" height=\"225\" src=\"https:\/\/blog.creamontblanc.org\/wp-content\/uploads\/2023\/03\/20190215_154513-1-300x225.jpg\" alt=\"\" class=\"wp-image-4218 size-medium\" srcset=\"https:\/\/blog.creamontblanc.org\/wp-content\/uploads\/2023\/03\/20190215_154513-1-300x225.jpg 300w, https:\/\/blog.creamontblanc.org\/wp-content\/uploads\/2023\/03\/20190215_154513-1-1000x750.jpg 1000w, https:\/\/blog.creamontblanc.org\/wp-content\/uploads\/2023\/03\/20190215_154513-1-768x576.jpg 768w, https:\/\/blog.creamontblanc.org\/wp-content\/uploads\/2023\/03\/20190215_154513-1.jpg 1200w\" sizes=\"auto, (max-width: 300px) 100vw, 300px\" \/><\/figure><div class=\"wp-block-media-text__content\">\n<p>La d\u00e9marche a impliqu\u00e9 de nombreux b\u00e9n\u00e9voles aux c\u00f4t\u00e9s des chercheurs, qui ont parcouru au total 2700 km \u00e0 pied en montagne pour r\u00e9colter 3800 \u00e9chantillons. <br>\u00ab&nbsp;Ces relev\u00e9s syst\u00e9matiques nous ont permis de conna\u00eetre les param\u00e8tres favorables \u00e0 la pr\u00e9sence du li\u00e8vre variable, notamment par rapport au li\u00e8vre d\u2019Europe avec qui il est en comp\u00e9tition sur les zones de basse altitude, commente Anne. Le point fort du projet est d\u2019avoir pu couvrir l\u2019ensemble de la zone alpine pour mod\u00e9liser les habitats favorables et leur \u00e9volution potentielle jusqu\u2019en 2070. C\u2019est assez unique.&nbsp;\u00bb<\/p>\n<\/div><\/div>\n\n\n\n<h3 class=\"wp-block-heading\"><strong>Une vision globale des massifs alpins<\/strong><\/h3>\n\n\n\n<p>Afin d\u2019observer la r\u00e9partition et le comportement de ces deux esp\u00e8ces blanches, plusieurs protocoles ont ainsi \u00e9t\u00e9 mis en place simultan\u00e9ment sur les diff\u00e9rents massifs. Pour le li\u00e8vre variable, le principal \u00e9tait la collecte de crottes, riches d\u2019indices sur la pr\u00e9sence de l\u2019esp\u00e8ce dans les zones \u00e9tudi\u00e9es et son \u00e9volution sur les 3 ans de l\u2019\u00e9tude, mais aussi pour comparer les diff\u00e9rentes populations gr\u00e2ce \u00e0 l\u2019analyse ADN.&nbsp;<\/p>\n\n\n\n<h3 class=\"wp-block-heading\"><strong>Un habitat fortement r\u00e9duit d\u2019ici \u00e0 2070<\/strong><\/h3>\n\n\n\n<p>Concernant le lagop\u00e8de, le protocole se basait principalement sur la compilation des observations visuelles r\u00e9alis\u00e9es sur l\u2019ensemble des Alpes par les partenaires du projet. S\u2019y ajoutaient la collecte de plumes, afin de diff\u00e9rencier g\u00e9n\u00e9tiquement les populations, et l\u2019analyse des crottes pour identifier la pr\u00e9sence de parasites intestinaux. Pour l\u2019une comme pour l\u2019autre esp\u00e8ce, les r\u00e9sultats de ces travaux anticipent une importante r\u00e9duction des zones habitables dans les prochaines d\u00e9cennies, et leur quasi-disparition des zones situ\u00e9es aux marges de la distribution actuelle. Les massifs de tr\u00e8s haute altitude (Mont-Blanc, Vanoise, Ecrins) constitueront n\u00e9anmoins des zones refuges que le li\u00e8vre variable et surtout le lagop\u00e8de pourront coloniser.&nbsp;<\/p>\n\n\n\n<h3 class=\"wp-block-heading\"><strong>Un terrain d\u2019exp\u00e9rimentation pour les nouvelles technologies<\/strong><\/h3>\n\n\n\n<p>En compl\u00e9ment de ces protocoles, le projet POIA a aussi \u00e9t\u00e9 l\u2019occasion d\u2019exp\u00e9rimenter un certain nombre de technologies innovantes et non invasives pour le suivi des esp\u00e8ces blanches. C\u2019est le cas des pi\u00e8ges photo pour le li\u00e8vre, et des capteurs bioacoustiques qui enregistrent les cris des animaux pour le lagop\u00e8de. Coupl\u00e9s \u00e0 des syst\u00e8mes de machine-learning pour l\u2019analyse automatis\u00e9e des observations, ces nouveaux outils qui identifient et quantifient les esp\u00e8ces pr\u00e9sentent un grand int\u00e9r\u00eat pour le suivi de l\u2019utilisation saisonni\u00e8re des diff\u00e9rents habitats et pour la connaissance du rythme d\u2019activit\u00e9 des individus. \u00ab&nbsp;Les pi\u00e8ges photo ont \u00e9galement \u00e9t\u00e9 l\u2019occasion de solliciter un large public pour le d\u00e9cryptage des images dans le cadre de notre programme <a href=\"https:\/\/www.zooniverse.org\/projects\/crea-mont-blanc\/wild-mont-blanc?language=fr\" target=\"_blank\" rel=\"noopener\" title=\"Wild Mont-Blanc\">Wild Mont-Blanc<\/a>&nbsp;\u00bb, ajoute Anne. Autre outil innovant, des balises GPS pos\u00e9es sur les lagop\u00e8des ont fourni des donn\u00e9es pr\u00e9cises sur leurs d\u00e9placements en fonction des saisons et d\u2019une ann\u00e9e sur l\u2019autre.<\/p>\n\n\n\n<figure class=\"wp-block-embed is-type-video is-provider-youtube wp-block-embed-youtube wp-embed-aspect-16-9 wp-has-aspect-ratio\"><div class=\"wp-block-embed__wrapper\">\n<iframe loading=\"lazy\" title=\"Affrontement entre li\u00e8vre variable et li\u00e8vre d&#039;Europe\" width=\"500\" height=\"281\" src=\"https:\/\/www.youtube.com\/embed\/yAWK-g-x1r8?feature=oembed\" frameborder=\"0\" allow=\"accelerometer; autoplay; clipboard-write; encrypted-media; gyroscope; picture-in-picture; web-share\" referrerpolicy=\"strict-origin-when-cross-origin\" allowfullscreen><\/iframe>\n<\/div><figcaption class=\"wp-element-caption\"><sup>Vid\u00e9o tr\u00e8s rare d&rsquo;un affrontement entre li\u00e8vre variable et li\u00e8vre d&rsquo;Europe, prise par un pi\u00e8ge photo d&rsquo;un membre de WWF France \u00e0 Chamonix<\/sup><\/figcaption><\/figure>\n\n\n\n<h3 class=\"wp-block-heading\"><strong>De nouveaux savoir-faire dans la bo\u00eete \u00e0 outils du CREA Mont-Blanc<\/strong><\/h3>\n\n\n\n<p>Le CREA Mont-Blanc, qui assurait les observations sur la zone du Mont-Blanc, avait \u00e9galement en charge la coordination des actions de communication du projet. Dans ce cadre, une <a href=\"https:\/\/blog.creamontblanc.org\/?p=3545\" target=\"_blank\" rel=\"noopener\" title=\"exposition\">exposition<\/a> a \u00e9t\u00e9 pr\u00e9sent\u00e9e durant l\u2019\u00e9t\u00e9 2022 dans plusieurs refuges des Alpes pour faire mieux conna\u00eetre ces deux esp\u00e8ces au public. Un <a href=\"https:\/\/creamontblanc.org\/fr\/edition-livret-diffusion\/\" target=\"_blank\" rel=\"noopener\" title=\"livret\">livret<\/a> de 60 pages vient \u00e9galement d\u2019\u00eatre \u00e9dit\u00e9 pour pr\u00e9senter, dans le d\u00e9tail et de mani\u00e8re accessible \u00e0 tous, ce programme de recherche, ses enjeux et les r\u00e9sultats obtenus. Le site de l\u2019Atlas Mont-Blanc a par ailleurs \u00e9t\u00e9 enrichi d&rsquo;une nouvelle page sur le li\u00e8vre variable : <a href=\"https:\/\/atlas.creamontblanc.org\/explorer\/lievre\/\" target=\"_blank\" rel=\"noopener\" title=\"la fable du li\u00e8vre et du li\u00e8vre\">la fable du li\u00e8vre et du li\u00e8vre<\/a>.<\/p>\n\n\n\n<p>A l\u2019heure o\u00f9 ce projet se termine, le bilan est tr\u00e8s int\u00e9ressant pour l\u2019association, estime Anne&nbsp;: \u00ab&nbsp;Au cours de ce travail en commun avec les diff\u00e9rents partenaires, nous avons apport\u00e9 notre contribution \u00e0 une meilleure connaissance de ces deux esp\u00e8ces pour les Alpes du nord. Les \u00e9changes ont \u00e9t\u00e9 tr\u00e8s riches, avec des r\u00e9sultats \u00e0 l\u2019\u00e9chelle alpine que nous n\u2019avions pas jusque-l\u00e0. Nous avons aussi acquis des savoir-faire et des m\u00e9thodes sur des nouvelles technologies, qui pourront \u00eatre utilis\u00e9es pour continuer \u00e0 \u00e9tudier et pr\u00e9server ces esp\u00e8ces difficiles \u00e0 suivre, mais aussi d\u2019autres esp\u00e8ces dans le cadre d\u2019autres programmes.&nbsp;\u00bb Les travaux sur le li\u00e8vre blanc et le lagop\u00e8de devraient en tout cas avoir un prolongement, sous une forme qui reste \u00e0 d\u00e9terminer, car ils sont loin d\u2019avoir livr\u00e9 tous leurs secrets.&nbsp;<\/p>\n\n\n\n<p><em>> Pour en savoir plus sur le projet POIA Esp\u00e8ces arctico-alpines, le CREA Mont-Blanc vous donne rendez-vous le 9 mars \u00e0 l\u2019Observatoire du Mont-Blanc pour un <a href=\"https:\/\/blog.creamontblanc.org\/?p=4165\" target=\"_blank\" rel=\"noopener\" title=\"science sandwich sp\u00e9cial.\">science sandwich sp\u00e9cial.<\/a><\/em><\/p>\n\n\n\n<figure class=\"wp-block-embed is-type-video is-provider-youtube wp-block-embed-youtube wp-embed-aspect-16-9 wp-has-aspect-ratio\"><div class=\"wp-block-embed__wrapper\">\n<iframe loading=\"lazy\" title=\"Le Li\u00e8vre variable et le Lagop\u00e8de alpin\" width=\"500\" height=\"281\" src=\"https:\/\/www.youtube.com\/embed\/sl-l-cJuukE?feature=oembed\" frameborder=\"0\" allow=\"accelerometer; autoplay; clipboard-write; encrypted-media; gyroscope; picture-in-picture; web-share\" referrerpolicy=\"strict-origin-when-cross-origin\" allowfullscreen><\/iframe>\n<\/div><figcaption class=\"wp-element-caption\">Tout savoir sur ces 2 esp\u00e8ces avec ce petit film d&rsquo;animation<\/figcaption><\/figure>\n\n\n\n<p><\/p>\n\n\n\n<figure class=\"wp-block-image size-full is-resized\"><img loading=\"lazy\" decoding=\"async\" src=\"http:\/\/blog.creamontblanc.org\/wp-content\/uploads\/2021\/09\/Logo-POIA-Arctico-quadri-1000x600px.jpg\" alt=\"\" class=\"wp-image-3260\" width=\"250\" height=\"150\" srcset=\"https:\/\/blog.creamontblanc.org\/wp-content\/uploads\/2021\/09\/Logo-POIA-Arctico-quadri-1000x600px.jpg 1000w, https:\/\/blog.creamontblanc.org\/wp-content\/uploads\/2021\/09\/Logo-POIA-Arctico-quadri-1000x600px-300x180.jpg 300w, https:\/\/blog.creamontblanc.org\/wp-content\/uploads\/2021\/09\/Logo-POIA-Arctico-quadri-1000x600px-768x462.jpg 768w\" sizes=\"auto, (max-width: 250px) 100vw, 250px\" \/><\/figure>\n\n\n\n<figure class=\"wp-block-image size-large is-resized\"><img loading=\"lazy\" decoding=\"async\" src=\"http:\/\/blog.creamontblanc.org\/wp-content\/uploads\/2021\/12\/Bandeau-Logos-partenaires-POIA-2000px-1000x143.jpg\" alt=\"\" class=\"wp-image-3450\" width=\"750\" height=\"107\" srcset=\"https:\/\/blog.creamontblanc.org\/wp-content\/uploads\/2021\/12\/Bandeau-Logos-partenaires-POIA-2000px-1000x143.jpg 1000w, https:\/\/blog.creamontblanc.org\/wp-content\/uploads\/2021\/12\/Bandeau-Logos-partenaires-POIA-2000px-300x43.jpg 300w, https:\/\/blog.creamontblanc.org\/wp-content\/uploads\/2021\/12\/Bandeau-Logos-partenaires-POIA-2000px-768x110.jpg 768w, https:\/\/blog.creamontblanc.org\/wp-content\/uploads\/2021\/12\/Bandeau-Logos-partenaires-POIA-2000px-1536x220.jpg 1536w, https:\/\/blog.creamontblanc.org\/wp-content\/uploads\/2021\/12\/Bandeau-Logos-partenaires-POIA-2000px.jpg 2000w\" sizes=\"auto, (max-width: 750px) 100vw, 750px\" \/><\/figure>\n\n\n\n<figure class=\"wp-block-image size-large is-resized\"><img loading=\"lazy\" decoding=\"async\" src=\"http:\/\/blog.creamontblanc.org\/wp-content\/uploads\/2021\/12\/Bandeau-Logos-financeurs-POIA-V2-2000px-1-1-1000x143.jpg\" alt=\"\" class=\"wp-image-3454\" width=\"750\" height=\"107\" srcset=\"https:\/\/blog.creamontblanc.org\/wp-content\/uploads\/2021\/12\/Bandeau-Logos-financeurs-POIA-V2-2000px-1-1-1000x143.jpg 1000w, https:\/\/blog.creamontblanc.org\/wp-content\/uploads\/2021\/12\/Bandeau-Logos-financeurs-POIA-V2-2000px-1-1-300x43.jpg 300w, https:\/\/blog.creamontblanc.org\/wp-content\/uploads\/2021\/12\/Bandeau-Logos-financeurs-POIA-V2-2000px-1-1-768x110.jpg 768w, https:\/\/blog.creamontblanc.org\/wp-content\/uploads\/2021\/12\/Bandeau-Logos-financeurs-POIA-V2-2000px-1-1-1536x220.jpg 1536w, https:\/\/blog.creamontblanc.org\/wp-content\/uploads\/2021\/12\/Bandeau-Logos-financeurs-POIA-V2-2000px-1-1.jpg 2000w\" sizes=\"auto, (max-width: 750px) 100vw, 750px\" \/><\/figure>\n","protected":false},"excerpt":{"rendered":"<p>Le vaste projet europ\u00e9en d\u2019\u00e9tude sur le li\u00e8vre variable et le lagop\u00e8de alpin, qui vient de s\u2019achever, a fait progresser la connaissance de ces animaux tr\u00e8s discrets menac\u00e9s par les changements climatiques. Pour le CREA Mont-Blanc et ses partenaires, il &hellip; <a href=\"https:\/\/blog.creamontblanc.org?p=4204\">Lire la suite\u00ad\u00ad<\/a><\/p>\n","protected":false},"author":21,"featured_media":4207,"comment_status":"open","ping_status":"open","sticky":false,"template":"","format":"standard","meta":{"_monsterinsights_skip_tracking":false,"_monsterinsights_sitenote_active":false,"_monsterinsights_sitenote_note":"","_monsterinsights_sitenote_category":0,"ngg_post_thumbnail":0,"footnotes":""},"categories":[194],"tags":[216],"class_list":["post-4204","post","type-post","status-publish","format-standard","has-post-thumbnail","hentry","category-la-recherche","tag-faune"],"aioseo_notices":[],"amp_enabled":true,"_links":{"self":[{"href":"https:\/\/blog.creamontblanc.org\/index.php?rest_route=\/wp\/v2\/posts\/4204","targetHints":{"allow":["GET"]}}],"collection":[{"href":"https:\/\/blog.creamontblanc.org\/index.php?rest_route=\/wp\/v2\/posts"}],"about":[{"href":"https:\/\/blog.creamontblanc.org\/index.php?rest_route=\/wp\/v2\/types\/post"}],"author":[{"embeddable":true,"href":"https:\/\/blog.creamontblanc.org\/index.php?rest_route=\/wp\/v2\/users\/21"}],"replies":[{"embeddable":true,"href":"https:\/\/blog.creamontblanc.org\/index.php?rest_route=%2Fwp%2Fv2%2Fcomments&post=4204"}],"version-history":[{"count":15,"href":"https:\/\/blog.creamontblanc.org\/index.php?rest_route=\/wp\/v2\/posts\/4204\/revisions"}],"predecessor-version":[{"id":4298,"href":"https:\/\/blog.creamontblanc.org\/index.php?rest_route=\/wp\/v2\/posts\/4204\/revisions\/4298"}],"wp:featuredmedia":[{"embeddable":true,"href":"https:\/\/blog.creamontblanc.org\/index.php?rest_route=\/wp\/v2\/media\/4207"}],"wp:attachment":[{"href":"https:\/\/blog.creamontblanc.org\/index.php?rest_route=%2Fwp%2Fv2%2Fmedia&parent=4204"}],"wp:term":[{"taxonomy":"category","embeddable":true,"href":"https:\/\/blog.creamontblanc.org\/index.php?rest_route=%2Fwp%2Fv2%2Fcategories&post=4204"},{"taxonomy":"post_tag","embeddable":true,"href":"https:\/\/blog.creamontblanc.org\/index.php?rest_route=%2Fwp%2Fv2%2Ftags&post=4204"}],"curies":[{"name":"wp","href":"https:\/\/api.w.org\/{rel}","templated":true}]}}