{"id":4179,"date":"2023-03-02T09:39:32","date_gmt":"2023-03-02T08:39:32","guid":{"rendered":"https:\/\/blog.creamontblanc.org?p=4179"},"modified":"2023-03-02T09:39:33","modified_gmt":"2023-03-02T08:39:33","slug":"de-lobservation-a-la-connaissance-tout-un-chemin","status":"publish","type":"post","link":"https:\/\/blog.creamontblanc.org?p=4179","title":{"rendered":"De l\u2019observation \u00e0 la connaissance, tout un chemin"},"content":{"rendered":"\n<hr class=\"wp-block-separator has-alpha-channel-opacity\"\/>\n\n\n\n<p><strong>Depuis 19 ann\u00e9es maintenant, chaque d\u00e9but de printemps sonne la reprise des observations pour des centaines de Ph\u00e9noclimeurs. \u00a0\u00c0 l\u2019approche de cette nouvelle p\u00e9riode de r\u00e9colte de donn\u00e9es, d\u00e9couvrez le cheminement d\u2019une donn\u00e9e dans le programme Ph\u00e9noclim, de vos observations sur le terrain en passant par la compilation en base de donn\u00e9es de ces derni\u00e8res jusqu\u2019\u00e0 la valorisation qui en est faite (la notion de \u00ab\u00a0donn\u00e9e\u00a0\u00bb fait ici r\u00e9f\u00e9rence principalement aux dates d\u2019observations des stades saisonniers renseign\u00e9es pour les arbres suivis).<\/strong><a id=\"_msocom_1\"><\/a><\/p>\n\n\n\n<h2 class=\"has-medium-font-size wp-block-heading\">Par o\u00f9 commencer ?<\/h2>\n\n\n\n<p>En amont de la r\u00e9colte de donn\u00e9es et plus particuli\u00e8rement lors d\u2019une premi\u00e8re observation, il y a d\u2019abord une \u00e9tape d\u2019apprentissage pour se pr\u00e9parer au mieux. En effet pour bien observer, faut-il encore savoir quoi regarder exactement. Pour cela, il existe le <a href=\"https:\/\/phenoclim.org\/accueil\/la-boite-a-outils\/\">protocole d\u2019observation<\/a> qui vous explique \u00e9tape par \u00e9tape quoi faire ainsi que des fiches descriptives contenant des photos des diff\u00e9rents stades saisonniers pour mieux les appr\u00e9hender une fois sur le terrain. Que ce soit dans votre jardin, dans le parc sur le chemin du travail, dans la for\u00eat \u00e0 cinq minutes de la maison, le rendez-vous hebdomadaire est maintenant pris pour scruter les quelques arbres que vous avez choisis de suivre. Ann\u00e9e apr\u00e8s ann\u00e9e, vous notez successivement la date \u00e0 laquelle vous avez aper\u00e7u les premiers bourgeons s\u2019ouvrir, les fleurs s\u2019\u00e9panouir et les feuilles appara\u00eetre. Tous ces \u00e9v\u00e9nements n\u2019ayant pas lieu forc\u00e9ment au m\u00eame moment, une certaine assiduit\u00e9 est n\u00e9cessaire pour \u00eatre s\u00fbre de rien rater.<\/p>\n\n\n\n<figure class=\"wp-block-image size-full is-resized\"><img loading=\"lazy\" decoding=\"async\" src=\"https:\/\/blog.creamontblanc.org\/wp-content\/uploads\/2023\/03\/Capture-de\u0301cran-2023-03-02-a\u0300-09.09.47.png\" alt=\"\" class=\"wp-image-4180\" width=\"581\" height=\"479\" srcset=\"https:\/\/blog.creamontblanc.org\/wp-content\/uploads\/2023\/03\/Capture-de\u0301cran-2023-03-02-a\u0300-09.09.47.png 775w, https:\/\/blog.creamontblanc.org\/wp-content\/uploads\/2023\/03\/Capture-de\u0301cran-2023-03-02-a\u0300-09.09.47-300x247.png 300w, https:\/\/blog.creamontblanc.org\/wp-content\/uploads\/2023\/03\/Capture-de\u0301cran-2023-03-02-a\u0300-09.09.47-768x632.png 768w\" sizes=\"auto, (max-width: 581px) 100vw, 581px\" \/><figcaption class=\"wp-element-caption\"><a href=\"http:\/\/blog.creamontblanc.org\/wp-content\/uploads\/2023\/03\/2018_Calendrier_Phenoclim_BD_CREAMontBlanc-1.pdf\" target=\"_blank\" rel=\"noopener\" title=\"Calendrier\">Calendrier<\/a> pr\u00e9sentant les p\u00e9riodes d&rsquo;observation des esp\u00e8ces \u00e9tudi\u00e9es dans le programme Ph\u00e9noclim<\/figcaption><\/figure>\n\n\n\n<h2 class=\"has-medium-font-size wp-block-heading\">Apr\u00e8s l\u2019observation vient la transmission<\/h2>\n\n\n\n<p>Une fois vos donn\u00e9es en poche, l\u2019\u00e9tape suivante consiste en quelques sortes \u00e0 un passage de relais.&nbsp; Il faut maintenant saisir vos donn\u00e9es d\u2019observations sur l\u2019interface du site <a href=\"https:\/\/phenoclim.org\/\">Ph\u00e9noclim<\/a> pour qu\u2019elles puissent continuer leur chemin jusqu\u2019\u00e0 nous au CREA.<\/p>\n\n\n\n<p>Il est plus facile pour nous de suivre le taux de participation en cours de saison lorsque vous nous transmettez vos donn\u00e9es au fur et \u00e0 mesure des observations saisonni\u00e8res. Cela nous permet \u00e9galement d\u2019effectuer de fa\u00e7on quasi quotidienne un premier volet de contr\u00f4le pour v\u00e9rifier une erreur de saisie dans les donn\u00e9es transmises, ce qui arrive fr\u00e9quemment. Ce contr\u00f4le permet de rep\u00e9rer d\u2019\u00e9ventuelles incoh\u00e9rences, par exemple un changement de couleur des feuilles en juin. En effet, par inadvertance il arrive que m\u00eame si vous avez la bonne donn\u00e9e, c\u2019est-\u00e0-dire la bonne date d\u2019observation en votre possession, vous saisissez sans le vouloir une date qui n\u2019est pas correcte. Lorsque c\u2019est le cas ou que nous avons un doute, nous vous contactons par mail directement pour confirmer s\u2019il s\u2019agit d\u2019une erreur et la corriger dans la mesure du possible. Les photos que vous adossez \u00e0 vos donn\u00e9es sont d&rsquo;ailleurs d&rsquo;une aide pr\u00e9cieuse dans ces cas l\u00e0. <\/p>\n\n\n\n<p>Apr\u00e8s ce premier contr\u00f4le de qualit\u00e9 de donn\u00e9es, ces derni\u00e8res sont transf\u00e9r\u00e9es sur un serveur. Pour simplifier, il s\u2019agit en quelque sorte d\u2019un cloud o\u00f9 vos donn\u00e9es sont stock\u00e9es toutes ensemble. Nous faisons appel \u00e0 un h\u00e9bergeur externe pour s\u00e9curiser les donn\u00e9es&nbsp;et \u00eatre s\u00fbre de ne pas les perdre. Par ailleurs, nous gardons aussi une copie d\u2019une partie des donn\u00e9es sur notre serveur dans les locaux du CREA \u00e0 Chamonix.<\/p>\n\n\n\n<h2 class=\"has-medium-font-size wp-block-heading\">Et le partage ?<\/h2>\n\n\n\n<p>Une fois l\u2019ensemble de vos donn\u00e9es compil\u00e9es, un autre processus de v\u00e9rification des donn\u00e9es consiste avec l\u2019aide de m\u00e9thodes statistiques \u00e0 rep\u00e9rer les donn\u00e9es per\u00e7ues comme aberrantes que l\u2019on n\u2019aurait pas d\u00e9tect\u00e9es avant lors du premier contr\u00f4le. Cela permet de \u00ab&nbsp;nettoyer&nbsp;\u00bb les fichiers de donn\u00e9es pour garder uniquement celles dont on est certains de la validit\u00e9. Ce sont ces fichiers de donn\u00e9es \u00ab&nbsp;propres&nbsp;\u00bb qui seront utilis\u00e9s par la suite pour r\u00e9aliser des analyses statistiques. De plus, nous les transf\u00e9rons \u00e9galement dans &nbsp;<a href=\"https:\/\/data.pheno.fr\/\">la base de donn\u00e9es nationale de SOERE TEMPO nomm\u00e9e data pheno<\/a>, qui regroupe toutes les donn\u00e9es traitant de la ph\u00e9nologie en France. Les donn\u00e9es Ph\u00e9noclim sont alors libres d\u2019acc\u00e8s pour \u00eatre t\u00e9l\u00e9charg\u00e9es depuis leur site par le reste de la communaut\u00e9 scientifique.<\/p>\n\n\n\n<figure class=\"wp-block-image size-large is-resized\"><img loading=\"lazy\" decoding=\"async\" src=\"https:\/\/blog.creamontblanc.org\/wp-content\/uploads\/2023\/03\/Capture-de\u0301cran-2023-03-01-a\u0300-14-compressed-1-1000x521.jpg\" alt=\"\" class=\"wp-image-4184\" width=\"500\" height=\"261\" srcset=\"https:\/\/blog.creamontblanc.org\/wp-content\/uploads\/2023\/03\/Capture-de\u0301cran-2023-03-01-a\u0300-14-compressed-1-1000x521.jpg 1000w, https:\/\/blog.creamontblanc.org\/wp-content\/uploads\/2023\/03\/Capture-de\u0301cran-2023-03-01-a\u0300-14-compressed-1-300x156.jpg 300w, https:\/\/blog.creamontblanc.org\/wp-content\/uploads\/2023\/03\/Capture-de\u0301cran-2023-03-01-a\u0300-14-compressed-1-768x400.jpg 768w, https:\/\/blog.creamontblanc.org\/wp-content\/uploads\/2023\/03\/Capture-de\u0301cran-2023-03-01-a\u0300-14-compressed-1-1536x801.jpg 1536w, https:\/\/blog.creamontblanc.org\/wp-content\/uploads\/2023\/03\/Capture-de\u0301cran-2023-03-01-a\u0300-14-compressed-1-scaled.jpg 2048w\" sizes=\"auto, (max-width: 500px) 100vw, 500px\" \/><figcaption class=\"wp-element-caption\">Interface de la base de donn\u00e9es nationale data pheno<\/figcaption><\/figure>\n\n\n\n<h2 class=\"has-medium-font-size wp-block-heading\">La transmission mais dans l\u2019autre sens<\/h2>\n\n\n\n<p>L\u2019\u00e9tape suivante est celle qui permet de faire parler cette masse de donn\u00e9es issue de l\u2019association de vos observations faites partout en France sur les 13 esp\u00e8ces v\u00e9g\u00e9tales \u00e9tudi\u00e9es. En r\u00e9alisant des analyses statistiques, nous pouvons \u00e9tablir les indicateurs de printemps et d\u2019automne qui permettent d\u2019\u00e9valuer chaque ann\u00e9e les d\u00e9calages en cours (en nombre de jours) en comparaison aux ann\u00e9es pr\u00e9c\u00e9dentes. C\u2019est le r\u00e9sultat de ces indicateurs qui est publi\u00e9 dans les bilans saisonniers que vous retrouvez dans la section <a href=\"https:\/\/phenoclim.org\/accueil\/les-resultats\/\"><em>Les R\u00e9sultats<\/em><\/a> du site. En parall\u00e8le, d\u2019autres analyses statistiques et\/ou mod\u00e9lisation plus pouss\u00e9es sont r\u00e9alis\u00e9es certaines ann\u00e9es pour r\u00e9pondre \u00e0 des questions plus pointues. Ces derni\u00e8res aboutissent \u00e0 des publications scientifiques afin de partager les connaissances acquises avec le reste de la communaut\u00e9 scientifique. Ces m\u00eames connaissances sont \u00e9galement vulgaris\u00e9es pour \u00eatre partag\u00e9es avec vous, Ph\u00e9noclimeurs. G\u00e9n\u00e9ralement, cette restitution se fait sous forme d\u2019<a href=\"https:\/\/blog.creamontblanc.org\/?p=3235\">articles sur notre blog<\/a> ou de <a href=\"https:\/\/www.atlasmontblanc.org\/explorer\/phenoclim\/\">page sur l\u2019atlas du Mont-Blanc<\/a>. Il arrive \u00e9galement que nous participions \u00e0 des conf\u00e9rences grand public pour pr\u00e9senter les r\u00e9sultats du programme. Dans tous les cas, nous avons \u00e0 c\u0153ur et faisons de notre mieux pour vous transmettre \u00e0 notre tour la connaissance acquise \u00e0 partir des donn\u00e9es que vous avez r\u00e9colt\u00e9es.<\/p>\n\n\n\n<p><strong>Maintenant que vous en savez plus sur tout le cheminement de vos donn\u00e9es, il ne nous reste plus qu\u2019\u00e0 vous souhaiter une belle saison d\u2019observation et \u00e0 vous remercier chaleureusement d\u2019accorder votre temps au programme Ph\u00e9noclim<\/strong> !<\/p>\n","protected":false},"excerpt":{"rendered":"<p>Depuis 19 ann\u00e9es maintenant, chaque d\u00e9but de printemps sonne la reprise des observations pour des centaines de Ph\u00e9noclimeurs. \u00a0\u00c0 l\u2019approche de cette nouvelle p\u00e9riode de r\u00e9colte de donn\u00e9es, d\u00e9couvrez le cheminement d\u2019une donn\u00e9e dans le programme Ph\u00e9noclim, de vos observations &hellip; <a href=\"https:\/\/blog.creamontblanc.org?p=4179\">Lire la suite\u00ad\u00ad<\/a><\/p>\n","protected":false},"author":5,"featured_media":4194,"comment_status":"open","ping_status":"open","sticky":false,"template":"","format":"standard","meta":{"_monsterinsights_skip_tracking":false,"_monsterinsights_sitenote_active":false,"_monsterinsights_sitenote_note":"","_monsterinsights_sitenote_category":0,"ngg_post_thumbnail":0,"footnotes":""},"categories":[31],"tags":[46,35,38],"class_list":["post-4179","post","type-post","status-publish","format-standard","has-post-thumbnail","hentry","category-sciences-participatives","tag-phenoclim","tag-phenologie","tag-science-participative"],"aioseo_notices":[],"amp_enabled":true,"_links":{"self":[{"href":"https:\/\/blog.creamontblanc.org\/index.php?rest_route=\/wp\/v2\/posts\/4179","targetHints":{"allow":["GET"]}}],"collection":[{"href":"https:\/\/blog.creamontblanc.org\/index.php?rest_route=\/wp\/v2\/posts"}],"about":[{"href":"https:\/\/blog.creamontblanc.org\/index.php?rest_route=\/wp\/v2\/types\/post"}],"author":[{"embeddable":true,"href":"https:\/\/blog.creamontblanc.org\/index.php?rest_route=\/wp\/v2\/users\/5"}],"replies":[{"embeddable":true,"href":"https:\/\/blog.creamontblanc.org\/index.php?rest_route=%2Fwp%2Fv2%2Fcomments&post=4179"}],"version-history":[{"count":9,"href":"https:\/\/blog.creamontblanc.org\/index.php?rest_route=\/wp\/v2\/posts\/4179\/revisions"}],"predecessor-version":[{"id":4199,"href":"https:\/\/blog.creamontblanc.org\/index.php?rest_route=\/wp\/v2\/posts\/4179\/revisions\/4199"}],"wp:featuredmedia":[{"embeddable":true,"href":"https:\/\/blog.creamontblanc.org\/index.php?rest_route=\/wp\/v2\/media\/4194"}],"wp:attachment":[{"href":"https:\/\/blog.creamontblanc.org\/index.php?rest_route=%2Fwp%2Fv2%2Fmedia&parent=4179"}],"wp:term":[{"taxonomy":"category","embeddable":true,"href":"https:\/\/blog.creamontblanc.org\/index.php?rest_route=%2Fwp%2Fv2%2Fcategories&post=4179"},{"taxonomy":"post_tag","embeddable":true,"href":"https:\/\/blog.creamontblanc.org\/index.php?rest_route=%2Fwp%2Fv2%2Ftags&post=4179"}],"curies":[{"name":"wp","href":"https:\/\/api.w.org\/{rel}","templated":true}]}}