{"id":4165,"date":"2023-02-24T14:31:21","date_gmt":"2023-02-24T13:31:21","guid":{"rendered":"https:\/\/blog.creamontblanc.org?p=4165"},"modified":"2023-04-18T13:19:16","modified_gmt":"2023-04-18T12:19:16","slug":"sciencesandwich-sur-les-traces-des-especes-blanches","status":"publish","type":"post","link":"https:\/\/blog.creamontblanc.org?p=4165","title":{"rendered":"#ScienceSandwich : Sur les traces des esp\u00e8ces blanches"},"content":{"rendered":"\n<h3 class=\"wp-block-heading\">Jeudi 09 Mars 2023 \u2013 Sur les traces du li\u00e8vre variable et du lagop\u00e8de alpin : R\u00e9v\u00e9lations en vue sur ces esp\u00e8ces si discr\u00e8tes et intrigantes de nos montagnes<\/h3>\n\n\n\n<p><\/p>\n\n\n\n<p>Que nous r\u00e9v\u00e8le le li\u00e8vre variable et le lagop\u00e8de alpin apr\u00e8s 3 ans de suivis sous toutes les coutures (photographique, acoustique, g\u00e9n\u00e9tique&#8230;) dans les Alpes fran\u00e7aises ?<br>Venez \u00e9changer avec Anne Delestrade, responsable scientifique au <a href=\"https:\/\/creamontblanc.org\/fr\/\" target=\"_blank\" rel=\"noopener\" title=\"CREA Mont-Blanc\">CREA Mont-Blanc<\/a> et Bertrand Muffat-Joly, technicien \u00e0 l&rsquo;OFB autour des protocoles de suivi d\u00e9ploy\u00e9s dans le cadre du programme Arctico. <\/p>\n\n\n\n<figure class=\"wp-block-image size-large\"><img loading=\"lazy\" decoding=\"async\" width=\"1000\" height=\"664\" src=\"https:\/\/blog.creamontblanc.org\/wp-content\/uploads\/2023\/03\/lagopede-1000x664.jpg\" alt=\"\" class=\"wp-image-4168\" srcset=\"https:\/\/blog.creamontblanc.org\/wp-content\/uploads\/2023\/03\/lagopede-1000x664.jpg 1000w, https:\/\/blog.creamontblanc.org\/wp-content\/uploads\/2023\/03\/lagopede-300x199.jpg 300w, https:\/\/blog.creamontblanc.org\/wp-content\/uploads\/2023\/03\/lagopede-768x510.jpg 768w, https:\/\/blog.creamontblanc.org\/wp-content\/uploads\/2023\/03\/lagopede.jpg 1200w\" sizes=\"auto, (max-width: 1000px) 100vw, 1000px\" \/><figcaption class=\"wp-element-caption\"><sup>Lagop\u00e8de alpin \u00a9Bertrand Muffat-Joly<\/sup><\/figcaption><\/figure>\n\n\n\n<p>Avec leur changement de couleur \u00e0 l\u2019automne et au printemps, le <a href=\"https:\/\/blog.creamontblanc.org\/?p=3433\">li\u00e8vre variable<\/a> (Lepus timindus) et le lagop\u00e8de alpin (Lagopus muta) sont deux esp\u00e8ces symboliques des Alpes.<br>Ces esp\u00e8ces qualifi\u00e9es de relictes glaciaires ont colonis\u00e9 les Alpes apr\u00e8s la derni\u00e8re glaciation il y a environ 10 000 ans.<br>Elles sont particuli\u00e8rement adapt\u00e9es aux conditions de vie en haute montagne mais sont tr\u00e8s sensibles aux \u00e9volutions rapides de leur milieu de vie et aujourd\u2019hui vuln\u00e9rables faces aux diff\u00e9rentes menaces notamment le changement climatique.<br>Pourtant, nous savons peu de choses sur elles, notamment du fait de leur raret\u00e9, leur discr\u00e9tion et l\u2019environnement difficile d\u2019acc\u00e8s dans lequel elles vivent.<br><\/p>\n\n\n\n<p>Retrouvez-nous \u00e0 l\u2019Observatoire jeudi 9 mars \u00e0 12h30 pour comprendre les \u00e9volutions en cours et la vie de ces esp\u00e8ces blanches.<br><\/p>\n\n\n\n<figure class=\"wp-block-image size-large\"><img loading=\"lazy\" decoding=\"async\" width=\"1000\" height=\"663\" src=\"https:\/\/blog.creamontblanc.org\/wp-content\/uploads\/2023\/03\/021490-1000x663.jpg\" alt=\"\" class=\"wp-image-4166\" srcset=\"https:\/\/blog.creamontblanc.org\/wp-content\/uploads\/2023\/03\/021490-1000x663.jpg 1000w, https:\/\/blog.creamontblanc.org\/wp-content\/uploads\/2023\/03\/021490-300x199.jpg 300w, https:\/\/blog.creamontblanc.org\/wp-content\/uploads\/2023\/03\/021490-768x509.jpg 768w, https:\/\/blog.creamontblanc.org\/wp-content\/uploads\/2023\/03\/021490.jpg 1024w\" sizes=\"auto, (max-width: 1000px) 100vw, 1000px\" \/><figcaption class=\"wp-element-caption\"><sup>Li\u00e8vre variable \u00a9Chevalier Robert, Parc national des \u00c9crins<\/sup><\/figcaption><\/figure>\n\n\n\n<h3 class=\"wp-block-heading\">CREA Mont-Blanc \u00c9ditions<\/h3>\n\n\n\n<div class=\"wp-block-columns is-layout-flex wp-container-core-columns-is-layout-9d6595d7 wp-block-columns-is-layout-flex\">\n<div class=\"wp-block-column is-layout-flow wp-block-column-is-layout-flow\" style=\"flex-basis:33.33%\"><div class=\"wp-block-image\">\n<figure class=\"aligncenter size-large is-resized\"><img loading=\"lazy\" decoding=\"async\" src=\"http:\/\/blog.creamontblanc.org\/wp-content\/uploads\/2023\/03\/livret-especes-blanches-701x1000.png\" alt=\"\" class=\"wp-image-4174\" width=\"171\" height=\"244\" srcset=\"https:\/\/blog.creamontblanc.org\/wp-content\/uploads\/2023\/03\/livret-especes-blanches-701x1000.png 701w, https:\/\/blog.creamontblanc.org\/wp-content\/uploads\/2023\/03\/livret-especes-blanches-210x300.png 210w, https:\/\/blog.creamontblanc.org\/wp-content\/uploads\/2023\/03\/livret-especes-blanches-768x1096.png 768w, https:\/\/blog.creamontblanc.org\/wp-content\/uploads\/2023\/03\/livret-especes-blanches.png 890w\" sizes=\"auto, (max-width: 171px) 100vw, 171px\" \/><\/figure>\n<\/div><\/div>\n\n\n\n<div class=\"wp-block-column is-layout-flow wp-block-column-is-layout-flow\" style=\"flex-basis:66.66%\">\n<p><br><br>Profitez de cette prochaine conf\u00e9rence #ScienceSandwich <br>pour d\u00e9couvrir la prochaine parution de notre collection<br> <a href=\"https:\/\/creamontblanc.org\/fr\/edition-livret-diffusion\/\" target=\"_blank\" rel=\"noreferrer noopener\">CREA Mont-Blanc \u00c9ditions<\/a> : <br>Sur les traces du lagop\u00e8de alpin et du li\u00e8vre variable<\/p>\n<\/div>\n\n\n\n<div class=\"wp-block-column is-layout-flow wp-block-column-is-layout-flow\" style=\"flex-basis:100%\">\n<p><\/p>\n<\/div>\n<\/div>\n\n\n\n<h3 class=\"wp-block-heading\">Retransmission en direct<\/h3>\n\n\n\n<p>Au CREA Mont-Blanc, un de nos engagements est de mettre la science \u00e0 la port\u00e9e de la soci\u00e9t\u00e9 en partageant m\u00e9thodes et connaissances scientifiques. Mieux conna\u00eetre et comprendre la biodiversit\u00e9 est une \u00e9tape fondamentale pour donner l\u2019envie d\u2019agir et de prot\u00e9ger. Dans une volont\u00e9 d&rsquo;ouverture, nos conf\u00e9rences sont retransmises en direct sur notre cha\u00eene youtube. Vous pouvez les suivre en direct et en diff\u00e9r\u00e9 !<br>Retrouvez la conf\u00e9rence sur les traces des esp\u00e8ces blanches sur notre cha\u00eene youtube avec <a href=\"https:\/\/www.youtube.com\/watch?v=5zy7d9H2pTc\" target=\"_blank\" rel=\"noopener\" title=\"ce lien\">ce lien<\/a>.<br><\/p>\n\n\n\n<h3 class=\"wp-block-heading\"><br>Infos pratiques #ScienceSandwich<\/h3>\n\n\n\n<p><strong><a href=\"https:\/\/blog.creamontblanc.org\/?p=3366\" target=\"_blank\" rel=\"noreferrer noopener\"><em>Science Sandwich<\/em>&nbsp;<\/a>au&nbsp;<a href=\"https:\/\/creamontblanc.org\/fr\/\" target=\"_blank\" rel=\"noreferrer noopener\">CREA Mont-Blanc<\/a><\/strong><br>\u00e0 l\u2019Observatoire du Mont-Blanc \u2013 67 lacets du belv\u00e9d\u00e8re \u2013 74400 Chamonix Mont-Blanc<br>Une fois par mois, de 12h30 \u00e0 13h30<br>Pique-nique tir\u00e9 du sac<br>Entr\u00e9e libre \u2013 dans la limite des places disponibles<br>\u00c9changes en fran\u00e7ais ou en anglais selon les intervenants et th\u00e9matiques<br>Conf\u00e9rences retransmises en live sur <a href=\"https:\/\/www.youtube.com\/playlist?list=PLdZQ6byfzGavssZ6MX6nog9NB-_7qh3ki\" target=\"_blank\" rel=\"noreferrer noopener\">notre cha\u00eene youtube<\/a><br><br>Ne manquez pas ces rencontres mensuelles, plac\u00e9es sous le signe de la d\u00e9couverte et la convivialit\u00e9.&nbsp;<br>Informations sur les prochaines dates dans notre rubrique&nbsp;<a href=\"https:\/\/blog.creamontblanc.org\/?cat=189\" target=\"_blank\" rel=\"noreferrer noopener\">Agenda<\/a><\/p>\n\n\n\n<p><br><br>Cette conf\u00e9rence est organis\u00e9e dans le cadre du projet <a href=\"https:\/\/creamontblanc.org\/fr\/poia-especes-arctico-alpines\">POIA Esp\u00e8ces arctico-alpines<\/a>, financ\u00e9 entre autres par les fonds europ\u00e9ens FEDER-POIA, avec des partenaires r\u00e9partis sur l&rsquo;ensemble du massif alpin.<br><a href=\"http:\/\/www.mercantour-parcnational.fr\/fr\">Le Parc national du Mercantour<\/a><br><a href=\"https:\/\/creamontblanc.org\/fr\">le CREA Mont-Blanc<\/a><br><a href=\"https:\/\/www.ecrins-parcnational.fr\/\">Le Parc national des \u00c9crins<\/a><br><a href=\"https:\/\/www.pnr-queyras.fr\/\">Le Parc naturel r\u00e9gional du Queyras<\/a><br><a href=\"https:\/\/ofb.gouv.fr\/\">L\u2019Office Fran\u00e7ais de la Biodive<\/a><\/p>\n\n\n\n<figure class=\"wp-block-image size-full is-resized\"><img loading=\"lazy\" decoding=\"async\" src=\"http:\/\/blog.creamontblanc.org\/wp-content\/uploads\/2021\/09\/Logo-POIA-Arctico-quadri-1000x600px.jpg\" alt=\"\" class=\"wp-image-3260\" width=\"250\" height=\"150\" srcset=\"https:\/\/blog.creamontblanc.org\/wp-content\/uploads\/2021\/09\/Logo-POIA-Arctico-quadri-1000x600px.jpg 1000w, https:\/\/blog.creamontblanc.org\/wp-content\/uploads\/2021\/09\/Logo-POIA-Arctico-quadri-1000x600px-300x180.jpg 300w, https:\/\/blog.creamontblanc.org\/wp-content\/uploads\/2021\/09\/Logo-POIA-Arctico-quadri-1000x600px-768x462.jpg 768w\" sizes=\"auto, (max-width: 250px) 100vw, 250px\" \/><\/figure>\n\n\n\n<figure class=\"wp-block-image size-large\"><img loading=\"lazy\" decoding=\"async\" width=\"1000\" height=\"143\" src=\"http:\/\/blog.creamontblanc.org\/wp-content\/uploads\/2021\/12\/Bandeau-Logos-financeurs-POIA-V2-2000px-1-1-1000x143.jpg\" alt=\"\" class=\"wp-image-3454\" srcset=\"https:\/\/blog.creamontblanc.org\/wp-content\/uploads\/2021\/12\/Bandeau-Logos-financeurs-POIA-V2-2000px-1-1-1000x143.jpg 1000w, https:\/\/blog.creamontblanc.org\/wp-content\/uploads\/2021\/12\/Bandeau-Logos-financeurs-POIA-V2-2000px-1-1-300x43.jpg 300w, https:\/\/blog.creamontblanc.org\/wp-content\/uploads\/2021\/12\/Bandeau-Logos-financeurs-POIA-V2-2000px-1-1-768x110.jpg 768w, https:\/\/blog.creamontblanc.org\/wp-content\/uploads\/2021\/12\/Bandeau-Logos-financeurs-POIA-V2-2000px-1-1-1536x220.jpg 1536w, https:\/\/blog.creamontblanc.org\/wp-content\/uploads\/2021\/12\/Bandeau-Logos-financeurs-POIA-V2-2000px-1-1.jpg 2000w\" sizes=\"auto, (max-width: 1000px) 100vw, 1000px\" \/><\/figure>\n\n\n\n<figure class=\"wp-block-image size-large\"><img loading=\"lazy\" decoding=\"async\" width=\"1000\" height=\"143\" src=\"http:\/\/blog.creamontblanc.org\/wp-content\/uploads\/2021\/12\/Bandeau-Logos-partenaires-POIA-2000px-1-1000x143.jpg\" alt=\"\" class=\"wp-image-3457\" srcset=\"https:\/\/blog.creamontblanc.org\/wp-content\/uploads\/2021\/12\/Bandeau-Logos-partenaires-POIA-2000px-1-1000x143.jpg 1000w, https:\/\/blog.creamontblanc.org\/wp-content\/uploads\/2021\/12\/Bandeau-Logos-partenaires-POIA-2000px-1-300x43.jpg 300w, https:\/\/blog.creamontblanc.org\/wp-content\/uploads\/2021\/12\/Bandeau-Logos-partenaires-POIA-2000px-1-768x110.jpg 768w, https:\/\/blog.creamontblanc.org\/wp-content\/uploads\/2021\/12\/Bandeau-Logos-partenaires-POIA-2000px-1-1536x220.jpg 1536w, https:\/\/blog.creamontblanc.org\/wp-content\/uploads\/2021\/12\/Bandeau-Logos-partenaires-POIA-2000px-1.jpg 2000w\" sizes=\"auto, (max-width: 1000px) 100vw, 1000px\" \/><\/figure>\n","protected":false},"excerpt":{"rendered":"<p>Jeudi 09 Mars 2023 \u2013 Sur les traces du li\u00e8vre variable et du lagop\u00e8de alpin : R\u00e9v\u00e9lations en vue sur ces esp\u00e8ces si discr\u00e8tes et intrigantes de nos montagnes Que nous r\u00e9v\u00e8le le li\u00e8vre variable et le lagop\u00e8de alpin apr\u00e8s &hellip; <a href=\"https:\/\/blog.creamontblanc.org?p=4165\">Lire la suite\u00ad\u00ad<\/a><\/p>\n","protected":false},"author":21,"featured_media":4168,"comment_status":"open","ping_status":"open","sticky":false,"template":"","format":"standard","meta":{"_monsterinsights_skip_tracking":false,"_monsterinsights_sitenote_active":false,"_monsterinsights_sitenote_note":"","_monsterinsights_sitenote_category":0,"ngg_post_thumbnail":0,"footnotes":""},"categories":[194,5],"tags":[216,123],"class_list":["post-4165","post","type-post","status-publish","format-standard","has-post-thumbnail","hentry","category-la-recherche","category-vie-association","tag-faune","tag-science-sandwich"],"aioseo_notices":[],"amp_enabled":true,"_links":{"self":[{"href":"https:\/\/blog.creamontblanc.org\/index.php?rest_route=\/wp\/v2\/posts\/4165","targetHints":{"allow":["GET"]}}],"collection":[{"href":"https:\/\/blog.creamontblanc.org\/index.php?rest_route=\/wp\/v2\/posts"}],"about":[{"href":"https:\/\/blog.creamontblanc.org\/index.php?rest_route=\/wp\/v2\/types\/post"}],"author":[{"embeddable":true,"href":"https:\/\/blog.creamontblanc.org\/index.php?rest_route=\/wp\/v2\/users\/21"}],"replies":[{"embeddable":true,"href":"https:\/\/blog.creamontblanc.org\/index.php?rest_route=%2Fwp%2Fv2%2Fcomments&post=4165"}],"version-history":[{"count":7,"href":"https:\/\/blog.creamontblanc.org\/index.php?rest_route=\/wp\/v2\/posts\/4165\/revisions"}],"predecessor-version":[{"id":4327,"href":"https:\/\/blog.creamontblanc.org\/index.php?rest_route=\/wp\/v2\/posts\/4165\/revisions\/4327"}],"wp:featuredmedia":[{"embeddable":true,"href":"https:\/\/blog.creamontblanc.org\/index.php?rest_route=\/wp\/v2\/media\/4168"}],"wp:attachment":[{"href":"https:\/\/blog.creamontblanc.org\/index.php?rest_route=%2Fwp%2Fv2%2Fmedia&parent=4165"}],"wp:term":[{"taxonomy":"category","embeddable":true,"href":"https:\/\/blog.creamontblanc.org\/index.php?rest_route=%2Fwp%2Fv2%2Fcategories&post=4165"},{"taxonomy":"post_tag","embeddable":true,"href":"https:\/\/blog.creamontblanc.org\/index.php?rest_route=%2Fwp%2Fv2%2Ftags&post=4165"}],"curies":[{"name":"wp","href":"https:\/\/api.w.org\/{rel}","templated":true}]}}