{"id":4142,"date":"2022-11-12T10:52:00","date_gmt":"2022-11-12T09:52:00","guid":{"rendered":"https:\/\/blog.creamontblanc.org?p=4142"},"modified":"2023-01-26T11:07:26","modified_gmt":"2023-01-26T10:07:26","slug":"conference-au-musee-dhistoire-des-sciences-de-geneve","status":"publish","type":"post","link":"https:\/\/blog.creamontblanc.org?p=4142","title":{"rendered":"Conf\u00e9rence au Mus\u00e9e d&rsquo;Histoire des Sciences de Gen\u00e8ve"},"content":{"rendered":"\n<p>Le Mus\u00e9e d\u2019Histoire des Sciences de Gen\u00e8ve organise cet automne 2022 un <a href=\"http:\/\/institutions.ville-geneve.ch\/fr\/mhn\/votre-visite\/musee-dhistoire-des-sciences\/programme\/conferences-scientifiques\/\" target=\"_blank\" rel=\"noopener\" title=\"cycle de conf\u00e9rences scientifiques\">cycle de conf\u00e9rences scientifiques<\/a> autour des diff\u00e9rentes th\u00e9matiques suivantes : g\u00e9ologie, cristallographie, botanique, histoire des sciences.<br>Ces conf\u00e9rences sont organis\u00e9es dans le cadre de l&rsquo;exposition temporaire <a href=\"http:\/\/institutions.ville-geneve.ch\/fr\/mhn\/votre-visite\/agenda\/la-montagne-laboratoire-des-savants\/\">La montagne, laboratoire des savants<\/a>, du 06 avril 2022 au 23 avril 2023. Le CREA Mont-Blanc a (modestement) contribu\u00e9 \u00e0 cette exposition qui met \u00e0 l&rsquo;honneur les scientifiques du massif du Mont-Blanc.<\/p>\n\n\n\n<figure class=\"wp-block-image size-large\"><img loading=\"lazy\" decoding=\"async\" width=\"1000\" height=\"333\" src=\"http:\/\/blog.creamontblanc.org\/wp-content\/uploads\/2022\/11\/277761738_5664350886911934_5627702310479263829_n-1000x333.jpg\" alt=\"\" class=\"wp-image-4146\" srcset=\"https:\/\/blog.creamontblanc.org\/wp-content\/uploads\/2022\/11\/277761738_5664350886911934_5627702310479263829_n-1000x333.jpg 1000w, https:\/\/blog.creamontblanc.org\/wp-content\/uploads\/2022\/11\/277761738_5664350886911934_5627702310479263829_n-300x100.jpg 300w, https:\/\/blog.creamontblanc.org\/wp-content\/uploads\/2022\/11\/277761738_5664350886911934_5627702310479263829_n-768x256.jpg 768w, https:\/\/blog.creamontblanc.org\/wp-content\/uploads\/2022\/11\/277761738_5664350886911934_5627702310479263829_n.jpg 1500w\" sizes=\"auto, (max-width: 1000px) 100vw, 1000px\" \/><figcaption class=\"wp-element-caption\"><sub>\u00a9Mus\u00e9e d&rsquo;Histoire des Sciences de Gen\u00e8ve<\/sub><\/figcaption><\/figure>\n\n\n\n<h3 class=\"wp-block-heading\">Les recherches en sciences naturelles toujours d\u2019actualit\u00e9 au Mont-Blanc<\/h3>\n\n\n\n<p>Le CREA Mont-Blanc participera \u00e0 ces conf\u00e9rences <strong>mardi 8 novembre 2022<\/strong> au c\u00f4t\u00e9 de chercheurs du CJBG Conservatoire et Jardin botaniques de Gen\u00e8ve. Voici le programme du 8 novembre ci-dessous ou avec <a href=\"http:\/\/institutions.ville-geneve.ch\/fr\/mhn\/votre-visite\/agenda\/conferences-scientifiques-du-musee-dhistoire-des-sciences-8-nov\/#c32077\" target=\"_blank\" rel=\"noopener\" title=\"ce lien\">ce lien<\/a>: <br><strong><br><a href=\"http:\/\/institutions.ville-geneve.ch\/fr\/mhn\/votre-visite\/agenda\/conferences-scientifiques-du-musee-dhistoire-des-sciences-8-nov\/#c32078\">Gen\u00e8ve, centre international de botanique<\/a><\/strong><br><em>Patrick Bungener, Conservatoire et Jardin botaniques de Gen\u00e8ve (CJBG)<\/em><br><br><a href=\"http:\/\/institutions.ville-geneve.ch\/fr\/mhn\/votre-visite\/agenda\/conferences-scientifiques-du-musee-dhistoire-des-sciences-8-nov\/#c32079\"><strong>Les voyages botaniques d\u2019Humboldt et de Bonpland en Am\u00e9rique du sud<\/strong><\/a><br><em>Fred Stauffer, Conservatoire et Jardin botaniques de Gen\u00e8ve (CJBG)<\/em><br><br><a href=\"http:\/\/institutions.ville-geneve.ch\/fr\/mhn\/votre-visite\/agenda\/conferences-scientifiques-du-musee-dhistoire-des-sciences-8-nov\/#c32077\"><strong>Les\u00a0 recherches en sciences naturelles toujours d\u2019actualit\u00e9 au Mont-Blanc<\/strong><\/a><br><em>Centre de recherches sur les \u00e9cosyst\u00e8mes d\u2019altitude (CREA), Chamonix<\/em><br><\/p>\n\n\n\n<p>Au CREA Mont-Blanc, nous avons \u00e0 c\u0153ur d&rsquo;\u00e9changer avec nos voisins suisses et de partager nos activit\u00e9s.<br>Brad Carlson, chercheur au <a href=\"https:\/\/creamontblanc.org\/fr\/accueil\/#equipe\" target=\"_blank\" rel=\"noopener\" title=\"CREA Mont-Blanc\">CREA Mont-Blanc<\/a>, vous emm\u00e8nera sur les pas d&rsquo;Horace B\u00e9n\u00e9dict de Saussure pour vous pr\u00e9senter la tradition botanique dans le Massif du Mont-Blanc et l&rsquo;exp\u00e9dition \u00e0 laquelle il a particip\u00e9 : une revisite botanique des \u00eelots 150 ans apr\u00e8s Venance Payot (guide et botaniste 1862-1902) pour \u00e9tudier comment la flore des \u00eelots du Mont-Blanc a-t-elle \u00e9volu\u00e9 face au changement climatique.<br>Pour en savoir plus sur l&rsquo;exp\u00e9dition botanique men\u00e9e sur les traces de Saussure, relisez l&rsquo;article d&rsquo;Alpine Mag : <a href=\"https:\/\/alpinemag.fr\/traces-saussure-alpinisme-climat-botanique\/?fbclid=IwAR1wpoIuK60kWrzAjF0brMpwwcv69UGzB-mMJ8kXAYiWBu_Qw2HaUN51HHQ\" target=\"_blank\" rel=\"noopener\" title=\"Sur les traces de Saussure : alpinisme, climat et botanique\">Sur les traces de Saussure : alpinisme, climat et botanique<\/a><\/p>\n\n\n\n<figure class=\"wp-block-image size-full is-resized\"><img loading=\"lazy\" decoding=\"async\" src=\"http:\/\/blog.creamontblanc.org\/wp-content\/uploads\/2023\/01\/MONTAGNE-CYCLES-A5_COR.png\" alt=\"\" class=\"wp-image-4134\" width=\"466\" height=\"642\" srcset=\"https:\/\/blog.creamontblanc.org\/wp-content\/uploads\/2023\/01\/MONTAGNE-CYCLES-A5_COR.png 466w, https:\/\/blog.creamontblanc.org\/wp-content\/uploads\/2023\/01\/MONTAGNE-CYCLES-A5_COR-218x300.png 218w\" sizes=\"auto, (max-width: 466px) 100vw, 466px\" \/><figcaption class=\"wp-element-caption\"><sup>\u00a9Mus\u00e9e d&rsquo;Histoire des Sciences de Gen\u00e8ve<\/sup><\/figcaption><\/figure>\n","protected":false},"excerpt":{"rendered":"<p>Le Mus\u00e9e d\u2019Histoire des Sciences de Gen\u00e8ve organise cet automne 2022 un cycle de conf\u00e9rences scientifiques autour des diff\u00e9rentes th\u00e9matiques suivantes : g\u00e9ologie, cristallographie, botanique, histoire des sciences.Ces conf\u00e9rences sont organis\u00e9es dans le cadre de l&rsquo;exposition temporaire La montagne, laboratoire &hellip; <a href=\"https:\/\/blog.creamontblanc.org?p=4142\">Lire la suite\u00ad\u00ad<\/a><\/p>\n","protected":false},"author":21,"featured_media":4134,"comment_status":"open","ping_status":"open","sticky":false,"template":"","format":"standard","meta":{"_monsterinsights_skip_tracking":false,"_monsterinsights_sitenote_active":false,"_monsterinsights_sitenote_note":"","_monsterinsights_sitenote_category":0,"ngg_post_thumbnail":0,"footnotes":""},"categories":[5],"tags":[12],"class_list":["post-4142","post","type-post","status-publish","format-standard","has-post-thumbnail","hentry","category-vie-association","tag-rencontre"],"aioseo_notices":[],"amp_enabled":true,"_links":{"self":[{"href":"https:\/\/blog.creamontblanc.org\/index.php?rest_route=\/wp\/v2\/posts\/4142","targetHints":{"allow":["GET"]}}],"collection":[{"href":"https:\/\/blog.creamontblanc.org\/index.php?rest_route=\/wp\/v2\/posts"}],"about":[{"href":"https:\/\/blog.creamontblanc.org\/index.php?rest_route=\/wp\/v2\/types\/post"}],"author":[{"embeddable":true,"href":"https:\/\/blog.creamontblanc.org\/index.php?rest_route=\/wp\/v2\/users\/21"}],"replies":[{"embeddable":true,"href":"https:\/\/blog.creamontblanc.org\/index.php?rest_route=%2Fwp%2Fv2%2Fcomments&post=4142"}],"version-history":[{"count":5,"href":"https:\/\/blog.creamontblanc.org\/index.php?rest_route=\/wp\/v2\/posts\/4142\/revisions"}],"predecessor-version":[{"id":4150,"href":"https:\/\/blog.creamontblanc.org\/index.php?rest_route=\/wp\/v2\/posts\/4142\/revisions\/4150"}],"wp:featuredmedia":[{"embeddable":true,"href":"https:\/\/blog.creamontblanc.org\/index.php?rest_route=\/wp\/v2\/media\/4134"}],"wp:attachment":[{"href":"https:\/\/blog.creamontblanc.org\/index.php?rest_route=%2Fwp%2Fv2%2Fmedia&parent=4142"}],"wp:term":[{"taxonomy":"category","embeddable":true,"href":"https:\/\/blog.creamontblanc.org\/index.php?rest_route=%2Fwp%2Fv2%2Fcategories&post=4142"},{"taxonomy":"post_tag","embeddable":true,"href":"https:\/\/blog.creamontblanc.org\/index.php?rest_route=%2Fwp%2Fv2%2Ftags&post=4142"}],"curies":[{"name":"wp","href":"https:\/\/api.w.org\/{rel}","templated":true}]}}