{"id":4047,"date":"2023-01-18T17:26:13","date_gmt":"2023-01-18T16:26:13","guid":{"rendered":"https:\/\/blog.creamontblanc.org?p=4047"},"modified":"2023-03-29T09:26:54","modified_gmt":"2023-03-29T08:26:54","slug":"phenoclim-retour-sur-lannee-2022","status":"publish","type":"post","link":"https:\/\/blog.creamontblanc.org?p=4047","title":{"rendered":"Ph\u00e9noclim : retour sur l&rsquo;ann\u00e9e 2022"},"content":{"rendered":"\n<p><strong>On ne vous pr\u00e9sente plus ce programme embl\u00e9matique du CREA Mont-Blanc. Il donne rendez-vous chaque saison \u00e0 des centaines d\u2019observateurs assidus pour noter les dates de d\u00e9bourrement, floraison et autres \u00e9v\u00e9nements ph\u00e9nologiques de la flore de nos montagnes. Avant d\u2019entamer la reprise des observations au printemps \u00e0 venir, nous souhaitions profiter de cet intervalle de temps pour se rem\u00e9morer la saison 2022 \u00e0 travers quelques chiffres  et  vous partager l\u2019exp\u00e9rience de Marie-Genevi\u00e8ve et de Nicole, deux ph\u00e9noclimeuses respectivement depuis 2006 et 2021.<\/strong><\/p>\n\n\n\n<h2 class=\"has-medium-font-size wp-block-heading\">Plus de ph\u00e9noclimeurs rime avec plus d\u2019observations&nbsp;?<\/h2>\n\n\n\n<p>Durant l\u2019ann\u00e9e qui vient de s\u2019\u00e9couler, la communaut\u00e9 des Ph\u00e9noclimeurs n\u2019a eu cesse de grandir. En effet, nous avons accueilli 141 nouveaux inscrits sur les 678 participants depuis le lancement. Petit b\u00e9mol cependant car seule la moiti\u00e9 de ces 141 nouveaux observateurs ont pouss\u00e9 la d\u00e9marche jusqu\u2019\u00e0 cr\u00e9er leur zone observation. Cela met en lumi\u00e8re la n\u00e9cessit\u00e9 d\u2019accompagner les novices pas \u00e0 pas et les guider de l\u2019inscription jusqu\u2019\u00e0 l\u2019observation sur le terrain. C\u2019est aussi pour cela qu\u2019avec la mise en place prochainement de <a href=\"https:\/\/blog.creamontblanc.org\/?p=3621\" target=\"_blank\" rel=\"noopener\" title=\"\">la plateforme SPOT<\/a>, nous souhaitons int\u00e9grer davantage cet esprit de communaut\u00e9. Ceci nous permettra plus facilement de venir directement en aide aux participants, leur donner un coup de pouce pour qu\u2019il gagne en confiance et permettre aussi de g\u00e9n\u00e9rer une entraide entre les participants eux-m\u00eames.<\/p>\n\n\n\n<p>En parall\u00e8le, deux nouveaux relais, l&rsquo;<a href=\"https:\/\/www.instagram.com\/foretsalpines\/\" target=\"_blank\" rel=\"noopener\" title=\"\">association For\u00eats Alpines<\/a> et la <a href=\"https:\/\/www.mmcas.org\/\" target=\"_blank\" rel=\"noopener\" title=\"\">Maison de la M\u00e9t\u00e9o et du Climat des Alpes du Sud<\/a> sont venus agrandir la famille des partenaires qui diffusent Ph\u00e9noclim aupr\u00e8s du grand public. Nos partenaires relais sont des acteurs essentiels qui  gr\u00e2ce \u00e0 leur \u00e9lan contribuent au rayonnement du programme dans les Alpes et au-del\u00e0 dans les autres massifs montagneux. <\/p>\n\n\n\n<p>Que dire du nombre d&rsquo;observations alors ? Au total cette ann\u00e9e c\u2019est pr\u00e8s de 3 000 observations qui ont \u00e9t\u00e9 faites printemps et automne confondus. Ces derni\u00e8res ont \u00e9t\u00e9 r\u00e9alis\u00e9es par des particuliers dans leur jardin ou aux alentours de chez eux, par des professionnels de la nature dans des parcs naturels ou des r\u00e9serves, ou encore par des scolaires suivant des arbres \u00e0 proximit\u00e9 de leur cour d\u2019\u00e9cole. L\u2019ensemble de ces observations \u00e9taient r\u00e9parties sur environ 150 sites regroupant \u00e0 chaque fois plusieurs arbres de plusieurs esp\u00e8ces. Et en parlant d\u2019esp\u00e8ce, on retrouve en t\u00eate au printemps le noisetier comme \u00e9tant l\u2019esp\u00e8ce la plus observ\u00e9e, suivi de pr\u00e8s par le fr\u00eane et le bouleau verruqueux. \u00c0 l\u2019automne, la tendance s\u2019inverse avec le bouleau verruqueux qui prend la premi\u00e8re place. Pour tout conna\u00eetre des observations de printemps et d&rsquo;automne, n&rsquo;h\u00e9sitez pas \u00e0 consulter <a href=\"https:\/\/phenoclim.org\/accueil\/les-resultats\/\" target=\"_blank\" rel=\"noopener\" title=\"\">les bilans de saison<\/a> publi\u00e9s sur le site. <\/p>\n\n\n\n<p>Associ\u00e9 \u00e0 ces observations ph\u00e9nologiques, Ph\u00e9noclim pr\u00e9sente tout un r\u00e9seau de stations m\u00e9t\u00e9o d\u00e9ploy\u00e9 \u00e0 travers les Alpes. Il y a quelques temps nous vous parlions dans <a href=\"https:\/\/blog.creamontblanc.org\/?p=3272\" target=\"_blank\" rel=\"noopener\" title=\"\">un article de blog<\/a> de l&rsquo;\u00e9valuation de ce dispositif. Cette \u00e9tude a abouti en 2022 \u00e0 <a href=\"https:\/\/www.frontiersin.org\/articles\/10.3389\/feart.2022.912048\/full\" target=\"_blank\" rel=\"noopener\" title=\"\">une publication scientifique dans la revue Frontiers in Earth Science<\/a>, ce qui porte au nombre de six le total d&rsquo;articles scientifiques parus \u00e0 partir des donn\u00e9es du programme. <\/p>\n\n\n\n<h2 class=\"has-medium-font-size wp-block-heading\">Qu\u2019en disent les ph\u00e9noclimeurs&nbsp;?<\/h2>\n\n\n\n<p>Au-del\u00e0 des chiffres, la fin d\u2019ann\u00e9e \u00e9tait aussi l\u2019occasion de nous rapprocher des participants pour qu\u2019ils nous partagent leur exp\u00e9rience. Marie-Genevi\u00e8ve, garde monitrice au Parc National des \u00c9crins sur le secteur de Vallouise et Nicole, architecte bas\u00e9e dans la vall\u00e9e de Chamonix se sont pr\u00eat\u00e9es au jeu pour apporter leur regard. Si toutes deux partagent certaines r\u00e9flexions comme par exemple l\u2019int\u00e9r\u00eat \u00e9vident d\u2019un tel programme, elles ont \u00e9galement chacune apport\u00e9 leurs suggestions pour le perfectionner.<\/p>\n\n\n\n<p>Nicole qui participe \u00e0 Ph\u00e9noclim depuis 2021 a soulign\u00e9 l\u2019importance d\u2019avoir davantage d\u2019accompagnement lorsque l\u2019on s\u2019inscrit&nbsp;: \u00ab&nbsp;Quand il y a un d\u00e9butant, il faut le suivre au d\u00e9but, suivre si il ou elle a r\u00e9ussi \u00e0 d\u00e9terminer ses arbres. Moi il y avait un arbre trop jeune donc si j\u2019avais d\u00e9couvert \u00e7a plus t\u00f4t j\u2019aurais pu changer directement. J\u2019ai pris un peu de temps aussi pour d\u00e9terminer les arbres, j\u2019ai eu des doutes \u00e0 certains moments&nbsp;\u00bb. Cela rejoint ce que l\u2019on pr\u00e9sentait dans le paragraphe pr\u00e9c\u00e9dent et qui s\u2019av\u00e8re sp\u00e9cialement important pour les particuliers comme Nicole. Il faut accompagner l\u2019observateur novice \u00e0 chaque \u00e9tape du protocole dans les premiers temps pour le rassurer, le mettre en confiance et lui montrer la bonne d\u00e9marche \u00e0 suivre. Pour aller dans ce sens, nous avions d\u00e9j\u00e0 mis en place des permanences mensuelles par visio-conf\u00e9rence chaque premier vendredi du mois. Cependant, cette formule doit \u00eatre reconsid\u00e9r\u00e9e car peu de personnes y ont assist\u00e9. Nous sommes en ce moment m\u00eame en pleine r\u00e9flexion au sein de l\u2019\u00e9quipe sur les diff\u00e9rents moyens d\u2019accompagner les participants afin de d\u00e9finir ce qui serait le plus adapt\u00e9 (toute id\u00e9e est d\u2019ailleurs la bienvenue, alors n\u2019h\u00e9sitez pas \u00e0 nous donner votre avis par mail \u00e0 l\u2019adresse <a href=\"mailto:phenoclim@creamontblanc.org\">phenoclim@creamontblanc.org<\/a>). &nbsp;&nbsp;&nbsp;&nbsp;<\/p>\n\n\n\n<figure class=\"wp-block-image size-large is-resized\"><img loading=\"lazy\" decoding=\"async\" src=\"https:\/\/blog.creamontblanc.org\/wp-content\/uploads\/2023\/01\/117669e48-1000x1000.jpg\" alt=\"\" class=\"wp-image-4064\" width=\"500\" height=\"500\" srcset=\"https:\/\/blog.creamontblanc.org\/wp-content\/uploads\/2023\/01\/117669e48-1000x1000.jpg 1000w, https:\/\/blog.creamontblanc.org\/wp-content\/uploads\/2023\/01\/117669e48-300x300.jpg 300w, https:\/\/blog.creamontblanc.org\/wp-content\/uploads\/2023\/01\/117669e48-150x150.jpg 150w, https:\/\/blog.creamontblanc.org\/wp-content\/uploads\/2023\/01\/117669e48-768x768.jpg 768w, https:\/\/blog.creamontblanc.org\/wp-content\/uploads\/2023\/01\/117669e48.jpg 1024w\" sizes=\"auto, (max-width: 500px) 100vw, 500px\" \/><figcaption class=\"wp-element-caption\">Marie-Genevi\u00e8ve sur le terrain en dehors des p\u00e9riodes d&rsquo;observation Ph\u00e9noclim (cr\u00e9dit photo : Thierry Maillet &#8211; PNE) <\/figcaption><\/figure>\n\n\n\n<p>Dans le m\u00eame sens, Marie-Genevi\u00e8ve qui participe \u00e0 Ph\u00e9noclim depuis 2006 (soit quasiment depuis les d\u00e9buts du programme) dans le cadre de ses missions de garde monitrice au Parc National des \u00c9crins a \u00e9voqu\u00e9 le souhait de partager, \u00e9changer davantage avec la communaut\u00e9 des autres observateurs&nbsp;: \u00ab&nbsp;Si j\u2019avais pu partager par le biais d\u2019un forum ou autre, c\u2019est peut-\u00eatre m\u00eame encore plus sympa pour les particuliers qui peuvent se sentir isoler, (\u2026) si c\u2019est possible de mettre \u00e7a en place, je sais pas trop comment, mais ce serait vraiment un plus (\u2026)&nbsp;et si ils le veulent, \u00e7a peut \u00eatre sympa si dans une m\u00eame vall\u00e9e, il y a trois observateurs, si ils peuvent \u00e9changer, observer ensemble, c\u2019est toujours bien d\u2019\u00eatre \u00e0 deux pour se caler et c\u2019est assez sympa de sentir cette communaut\u00e9 \u00bb.<\/p>\n\n\n\n<h2 class=\"has-medium-font-size wp-block-heading\">Observer ses arbres, un moment privil\u00e9gi\u00e9 \u00e0 condition d&rsquo;y penser<\/h2>\n\n\n\n<p>Si toutes les deux sont d\u2019accords pour dire que cette visite \u00e0 leurs arbres est un moment de bien-\u00eatre privil\u00e9gi\u00e9, elles r\u00e9v\u00e8lent tout de m\u00eame qu\u2019\u00e0 la fin de chaque saison \u00e9mane un sentiment de soulagement. En effet, dans les p\u00e9riodes o\u00f9 leurs emplois du temps sont charg\u00e9s, il faut penser \u00e0 pr\u00e9voir un petit moment pour aller observer les arbres et ne pas rater un stade. Nicole nous dit&nbsp;: \u00ab&nbsp;ce n\u2019est pas une corv\u00e9e, c\u2019est un plaisir mais parfois quand je suis tr\u00e8s occup\u00e9e c\u2019est difficile de trouver le temps (..) il faut que je sois vigilante pour ne pas rater un moment&nbsp;\u00bb. &nbsp;Ce point a d\u2019ailleurs auparavant d\u00e9j\u00e0 \u00e9t\u00e9 soulev\u00e9 par d\u2019autres ph\u00e9noclimeurs qui exprimaient le besoin d\u2019avoir un rappel r\u00e9gulier au cours de la saison mais aussi et surtout en d\u00e9but de saison pour ne pas oublier de commencer les tourn\u00e9es, d\u2019autant plus lorsqu\u2019ils observent plusieurs esp\u00e8ces dont le calendrier ph\u00e9nologique est d\u00e9cal\u00e9. Cette fonctionnalit\u00e9 de rappel sera d\u00e9sormais possible en utilisant la plateforme SPOT qui h\u00e9bergera Ph\u00e9noclim. Ainsi, chaque participant pourra activer un syst\u00e8me de rappel par notification pour ses arbres.<\/p>\n\n\n\n<figure class=\"wp-block-image size-large is-resized\"><img loading=\"lazy\" decoding=\"async\" src=\"https:\/\/blog.creamontblanc.org\/wp-content\/uploads\/2023\/01\/Me\u0301le\u0300ze-B2-de-Nicole-e1674043043753-750x1000.jpeg\" alt=\"\" class=\"wp-image-4054\" width=\"375\" height=\"500\"\/><figcaption class=\"wp-element-caption\">M\u00e9l\u00e8ze \u00e0 l&rsquo;automne 2022 au stade \u00ab\u00a050% de feuilles ont chang\u00e9 de couleur\u00a0\u00bb dans la zone Les Regards suivie par Nicole depuis 2021 (cr\u00e9dit photo : Nicole &#8211; Ph\u00e9noclim) <\/figcaption><\/figure>\n\n\n\n<p>Pour terminer, nous avons demand\u00e9 \u00e0 Marie-Genevi\u00e8ve et Nicole quels conseils elles donneraient \u00e0 un acolyte qui d\u00e9marre le programme. Voici ce qu\u2019elles nous ont r\u00e9pondu&nbsp;:<\/p>\n\n\n\n<ul class=\"wp-block-list\">\n<li>Marie-Genevi\u00e8ve&nbsp;: \u00ab&nbsp;Je dirais d\u2019avoir une paire de jumelles car au d\u00e9but de mes observations j\u2019ai peut-\u00eatre fait des erreurs, je ne m\u2019en suis pas rendue compte tout de suite, mais au d\u00e9but je regardais que les branches du bas alors qu\u2019en haut il y avait peut-\u00eatre d\u00e9j\u00e0 10% et qu\u2019en bas rien. Donc je dirais qu\u2019il faut avoir des jumelles et bien penser \u00e0 regarder tout l\u2019arbre (\u2026). Aussi, faire attention \u00e0 l\u2019\u00e9clairage car les jours o\u00f9 il fait gris et qu\u2019on doit regarder l\u00e0 haut dans un arbre, on voit rien. Pour quelques arbres \u00e0 la longue je savais qu\u2019il fallait y aller plut\u00f4t en fin d\u2019apr\u00e8s-midi parce qu\u2019il y a un meilleur \u00e9clairage pour voir (..) c\u2019est pas toujours facile de voir les petits chatons, les bourgeons aussi, c\u2019est typique de l\u2019\u00e9clairage, si il y a un peu de vert et qu\u2019on y va un jour o\u00f9 il fait gris, on n\u2019y voit rien&nbsp;\u00bb<\/li>\n\n\n\n<li>Nicole&nbsp;: \u00ab&nbsp;Ce serait de choisir des arbres proches de la maison car moi les miens il faut monter, c\u2019est pas directement \u00e0 c\u00f4t\u00e9, alors si les arbres sont plus proches et plus accessibles \u00e7a sera mieux (\u2026) je trouve aussi que les m\u00e9l\u00e8zes c\u2019est difficile \u00e0 observer parce que c\u2019est haut donc si on ne conna\u00eet pas bien la floraison, les changements, c\u2019est difficile \u00e0 suivre (\u2026) donc si l\u2019arbre est un peu plus petit, on peut plus facilement le voir&nbsp;\u00bb<\/li>\n<\/ul>\n\n\n\n<p><strong>On esp\u00e8re que cette petite r\u00e9trospective vous a plu. Encore merci \u00e0 vous tous d&rsquo;avoir fait de 2022 une belle ann\u00e9e pour Ph\u00e9noclim. Merci de partager avec nous l&rsquo;int\u00e9r\u00eat pour la science, la curiosit\u00e9 de voir \u00e0 quel rythme les choses \u00e9voluent et de prendre autant de plaisir \u00e0 observer la nature.  On vous dit \u00e0 bient\u00f4t pour les obs printani\u00e8res ? <\/strong><\/p>\n\n\n\n<div class=\"wp-block-columns is-layout-flex wp-container-core-columns-is-layout-9d6595d7 wp-block-columns-is-layout-flex\">\n<div class=\"wp-block-column is-layout-flow wp-block-column-is-layout-flow\">\n<figure class=\"wp-block-image size-large\"><img loading=\"lazy\" decoding=\"async\" width=\"1000\" height=\"165\" src=\"http:\/\/blog.creamontblanc.org\/wp-content\/uploads\/2023\/01\/Capture-de\u0301cran-2023-01-25-a\u0300-14.59.00-3-1000x165.png\" alt=\"\" class=\"wp-image-4112\" srcset=\"https:\/\/blog.creamontblanc.org\/wp-content\/uploads\/2023\/01\/Capture-de\u0301cran-2023-01-25-a\u0300-14.59.00-3-1000x165.png 1000w, https:\/\/blog.creamontblanc.org\/wp-content\/uploads\/2023\/01\/Capture-de\u0301cran-2023-01-25-a\u0300-14.59.00-3-300x50.png 300w, https:\/\/blog.creamontblanc.org\/wp-content\/uploads\/2023\/01\/Capture-de\u0301cran-2023-01-25-a\u0300-14.59.00-3-768x127.png 768w, https:\/\/blog.creamontblanc.org\/wp-content\/uploads\/2023\/01\/Capture-de\u0301cran-2023-01-25-a\u0300-14.59.00-3-1536x254.png 1536w, https:\/\/blog.creamontblanc.org\/wp-content\/uploads\/2023\/01\/Capture-de\u0301cran-2023-01-25-a\u0300-14.59.00-3.png 1548w\" sizes=\"auto, (max-width: 1000px) 100vw, 1000px\" \/><\/figure>\n<\/div>\n\n\n\n<div class=\"wp-block-column is-layout-flow wp-block-column-is-layout-flow\">\n<figure class=\"wp-block-image size-large is-resized\"><img loading=\"lazy\" decoding=\"async\" src=\"http:\/\/blog.creamontblanc.org\/wp-content\/uploads\/2023\/01\/logo_ara_partenaire-rvb_typogris-pastillebleue-1000x561.png\" alt=\"Logo R\u00e9gion Auvergne-Rh\u00f4ne-Alpes\" class=\"wp-image-4276\" width=\"92\" height=\"51\" srcset=\"https:\/\/blog.creamontblanc.org\/wp-content\/uploads\/2023\/01\/logo_ara_partenaire-rvb_typogris-pastillebleue-1000x561.png 1000w, https:\/\/blog.creamontblanc.org\/wp-content\/uploads\/2023\/01\/logo_ara_partenaire-rvb_typogris-pastillebleue-300x168.png 300w, https:\/\/blog.creamontblanc.org\/wp-content\/uploads\/2023\/01\/logo_ara_partenaire-rvb_typogris-pastillebleue-768x431.png 768w, https:\/\/blog.creamontblanc.org\/wp-content\/uploads\/2023\/01\/logo_ara_partenaire-rvb_typogris-pastillebleue-1536x861.png 1536w, https:\/\/blog.creamontblanc.org\/wp-content\/uploads\/2023\/01\/logo_ara_partenaire-rvb_typogris-pastillebleue.png 2048w\" sizes=\"auto, (max-width: 92px) 100vw, 92px\" \/><\/figure>\n<\/div>\n<\/div>\n","protected":false},"excerpt":{"rendered":"<p>On ne vous pr\u00e9sente plus ce programme embl\u00e9matique du CREA Mont-Blanc. Il donne rendez-vous chaque saison \u00e0 des centaines d\u2019observateurs assidus pour noter les dates de d\u00e9bourrement, floraison et autres \u00e9v\u00e9nements ph\u00e9nologiques de la flore de nos montagnes. Avant d\u2019entamer &hellip; <a href=\"https:\/\/blog.creamontblanc.org?p=4047\">Lire la suite\u00ad\u00ad<\/a><\/p>\n","protected":false},"author":5,"featured_media":4090,"comment_status":"open","ping_status":"open","sticky":false,"template":"","format":"standard","meta":{"_monsterinsights_skip_tracking":false,"_monsterinsights_sitenote_active":false,"_monsterinsights_sitenote_note":"","_monsterinsights_sitenote_category":0,"ngg_post_thumbnail":0,"footnotes":""},"categories":[31],"tags":[],"class_list":["post-4047","post","type-post","status-publish","format-standard","has-post-thumbnail","hentry","category-sciences-participatives"],"aioseo_notices":[],"amp_enabled":true,"_links":{"self":[{"href":"https:\/\/blog.creamontblanc.org\/index.php?rest_route=\/wp\/v2\/posts\/4047","targetHints":{"allow":["GET"]}}],"collection":[{"href":"https:\/\/blog.creamontblanc.org\/index.php?rest_route=\/wp\/v2\/posts"}],"about":[{"href":"https:\/\/blog.creamontblanc.org\/index.php?rest_route=\/wp\/v2\/types\/post"}],"author":[{"embeddable":true,"href":"https:\/\/blog.creamontblanc.org\/index.php?rest_route=\/wp\/v2\/users\/5"}],"replies":[{"embeddable":true,"href":"https:\/\/blog.creamontblanc.org\/index.php?rest_route=%2Fwp%2Fv2%2Fcomments&post=4047"}],"version-history":[{"count":28,"href":"https:\/\/blog.creamontblanc.org\/index.php?rest_route=\/wp\/v2\/posts\/4047\/revisions"}],"predecessor-version":[{"id":4279,"href":"https:\/\/blog.creamontblanc.org\/index.php?rest_route=\/wp\/v2\/posts\/4047\/revisions\/4279"}],"wp:featuredmedia":[{"embeddable":true,"href":"https:\/\/blog.creamontblanc.org\/index.php?rest_route=\/wp\/v2\/media\/4090"}],"wp:attachment":[{"href":"https:\/\/blog.creamontblanc.org\/index.php?rest_route=%2Fwp%2Fv2%2Fmedia&parent=4047"}],"wp:term":[{"taxonomy":"category","embeddable":true,"href":"https:\/\/blog.creamontblanc.org\/index.php?rest_route=%2Fwp%2Fv2%2Fcategories&post=4047"},{"taxonomy":"post_tag","embeddable":true,"href":"https:\/\/blog.creamontblanc.org\/index.php?rest_route=%2Fwp%2Fv2%2Ftags&post=4047"}],"curies":[{"name":"wp","href":"https:\/\/api.w.org\/{rel}","templated":true}]}}