{"id":399,"date":"2016-11-15T15:31:15","date_gmt":"2016-11-15T14:31:15","guid":{"rendered":"http:\/\/blog.creamontblanc.org\/?p=399"},"modified":"2022-11-09T16:06:03","modified_gmt":"2022-11-09T15:06:03","slug":"relations-faune-et-flore-suivis-2016-en-image","status":"publish","type":"post","link":"https:\/\/blog.creamontblanc.org?p=399","title":{"rendered":"Relations Faune et flore : suivis 2016 en image"},"content":{"rendered":"<p><strong>Depuis le d\u00e9but du printemps, trois pi\u00e8ges photos \u2013 ou Camera trap \u2013 surveillent la faune sauvage du massif du Mont-Blanc. Plac\u00e9s sur des lieux de suivi de la v\u00e9g\u00e9tation, les appareils serviront \u00e0 \u00e9tudier les interactions entre pr\u00e9sence de faune et flore en montagne. Pourquoi ? Comment ? Zoom sur la faune. <\/strong><!--more--><\/p>\n<figure id=\"attachment_404\" class=\"thumbnail wp-caption aligncenter\" style=\"width: 1000px\"><a href=\"http:\/\/blog.creamontblanc.org\/relations-faune-et-flore-suivis-2016-en-image\/m2e54l99-99r428b301\/\" rel=\"attachment wp-att-404\"><img loading=\"lazy\" decoding=\"async\" class=\"size-full wp-image-404\" src=\"http:\/\/blog.creamontblanc.org\/wp-content\/uploads\/2016\/11\/camera-trap_chamois_CREAMontBlanc.jpg\" alt=\"Passage furtif d'un chamois devant l'un des pi\u00e8ges photo \u00a9 CREA Mont-Blanc\" width=\"1000\" height=\"501\" srcset=\"https:\/\/blog.creamontblanc.org\/wp-content\/uploads\/2016\/11\/camera-trap_chamois_CREAMontBlanc.jpg 1000w, https:\/\/blog.creamontblanc.org\/wp-content\/uploads\/2016\/11\/camera-trap_chamois_CREAMontBlanc-300x150.jpg 300w, https:\/\/blog.creamontblanc.org\/wp-content\/uploads\/2016\/11\/camera-trap_chamois_CREAMontBlanc-768x385.jpg 768w\" sizes=\"auto, (max-width: 1000px) 100vw, 1000px\" \/><\/a><figcaption class=\"caption wp-caption-text\"><em>Passage furtif d&rsquo;un chamois devant l&rsquo;un des pi\u00e8ges photo \u00a9 CREA Mont-Blanc<\/em><\/figcaption><\/figure>\n<p>&nbsp;<\/p>\n<p>Depuis le d\u00e9but du printemps 2016, le CREA Mont-Blanc Mont-Blanc teste l\u2019utilisation de pi\u00e8ges-photos automatique pour le suivi de la faune sur le massif du Mont-Blanc. Les trois premiers appareils ont \u00e9t\u00e9 plac\u00e9s sur des zones d&rsquo;\u00e9tude de la v\u00e9g\u00e9tation (placette ORCHAMP) sur lesquelles la pr\u00e9sence et l&rsquo;abondance des esp\u00e8ces animales (passages, traces, d\u2019excr\u00e9ments\u2026) va \u00eatre \u00e9valu\u00e9e \u00e0 1500 m et 1900 m d\u2019altitude.<\/p>\n<p><strong>De nouveaux outils d\u2019observation : les pi\u00e8ges photo<\/strong><\/p>\n<p>&nbsp;<\/p>\n<p>&nbsp;<\/p>\n<p>En plus des cam\u00e9ras de suivi des paysages qui permettent d\u2019\u00e9tudier les cycles saisonniers de la v\u00e9g\u00e9tation, le CREA Mont-Blanc s\u2019\u00e9quipe de pi\u00e8ges photos (camera trap) pour un suivi automatis\u00e9 des esp\u00e8ces animales. Chaque cam\u00e9ra, petit boitier d\u2019une quinzaine de centim\u00e8tres camoufl\u00e9 dans la v\u00e9g\u00e9tation, est plac\u00e9e \u00e0 environ 60 cm du sol. Gr\u00e2ce \u00e0 un syst\u00e8me infrarouge \u2013 sans aucun voyant lumineux visible \u2013 l\u2019appareil se d\u00e9clenche de jour comme de nuit au moindre mouvement. Il prend alors une photo suivie de 10 secondes d\u2019enregistrement vid\u00e9o. Les donn\u00e9es sont stock\u00e9es sur une carte SIM.<\/p>\n<p>Les chercheurs, b\u00e9n\u00e9voles ou volontaires du CREA Mont-Blanc, vont r\u00e9guli\u00e8rement r\u00e9cup\u00e9rer les cartes SIM et remettre des batteries pleines dans les pi\u00e8ges photo. Il faut alors trier les donn\u00e9es : \u00e9liminer les nombreux art\u00e9facts (le vent qui fait bouger a v\u00e9g\u00e9tation et d\u00e9clenche l\u2019appareil par exemple) et identifier l\u2019esp\u00e8ce sur l\u2019image.<\/p>\n<p><strong>45 observations automatiques en 2016<\/strong><\/p>\n<p>Les images de ce premier test grandeur nature ont permis d\u2019identifier 45 individus de 11 esp\u00e8ces diff\u00e9rentes du mois de juin au mois d\u2019octobre.<\/p>\n<p>&nbsp;<\/p>\n<p>Si quatre esp\u00e8ces d\u2019oiseaux ont \u00e9t\u00e9 clairement identifi\u00e9es : une grive et un pic noir \u00e0 1 500 m et une perdrix bartavelle et un t\u00e9tras lyre \u00e0 1 900 m, les mammif\u00e8res sont le plus cibl\u00e9s par l\u2019\u00e9tude. Ainsi, \u00e0 1 500 m, 3 \u00e9cureuils, 4 chevreuils, 8 chamois et un sanglier ont \u00e9t\u00e9 observ\u00e9s. Aux deux altitudes, ce sont des images de cerfs (15 contacts \u00e0 1 500 m et 5 \u00e0 1 900 m) et de renards (2 contacts \u00e0 1 500 m et 2 \u00e0 1 900 m) qui ont \u00e9t\u00e9 prises par les pi\u00e8ges photos pendant la p\u00e9riode d\u2019observation. Un blaireau a \u00e9galement \u00e9t\u00e9 observ\u00e9 \u00e0 1 900 m.<\/p>\n<p>\u00c0 partir des images de vaches, qui correspondent \u00e0 trois journ\u00e9es o\u00f9 elles ont p\u00e2tur\u00e9 dans le secteur sur la saison d\u2019\u00e9t\u00e9, il sera possible d\u2019\u00e9laborer un indice d\u2019intensit\u00e9 du p\u00e2turage sur la zone d\u2019\u00e9tude et donc d\u2019impact de l\u2019abroutissement sur la v\u00e9g\u00e9tation.<\/p>\n<p>Malgr\u00e9 un engagement fort des partenaires et de la communaut\u00e9 du CREA Mont-Blanc, notamment sur les r\u00e9seaux sociaux et <a href=\"https:\/\/www.facebook.com\/creamontblanc\/videos\/1457231030957295\/\" target=\"_blank\" rel=\"noopener\">la page Facebook du CREA Mont-Blanc<\/a>, quelques images n\u2019ont pas permis une identification claire &#8211; passage trop rapide ou vue incompl\u00e8te de l\u2019animal &#8211; et ne pourront pas \u00eatre exploit\u00e9es. Des cueilleurs\u00a0 de champignons, pris en photo quatre fois malgr\u00e9 eux, seront aussi retir\u00e9s des bases de donn\u00e9es emportant avec eux leurs secrets de site.<\/p>\n<p>&nbsp;<\/p>\n<p>&nbsp;<\/p>\n<p>Toutes ces donn\u00e9es ne correspondent qu\u2019aux observations automatiques des 3 pi\u00e8ges photo. Leur nombre est r\u00e9duit par rapport aux 270 observations participatives 2016 du module Esp\u00e8ces en live de l\u2019Atlas du Mont-Blanc mais ont permis d\u2019observer des esp\u00e8ces encore jamais aper\u00e7ues sur ces sites, comme le li\u00e8vre variable ou la bartavelle.<\/p>\n<p><strong>Objectif : d\u00e9terminer l\u2019impact de la faune sur la v\u00e9g\u00e9tation<\/strong><\/p>\n<p>&nbsp;<\/p>\n<figure id=\"attachment_402\" class=\"thumbnail wp-caption aligncenter\" style=\"width: 1000px\"><a href=\"http:\/\/blog.creamontblanc.org\/relations-faune-et-flore-suivis-2016-en-image\/installation_placette_orchamp_15062016sci-alvarez-19\/\" rel=\"attachment wp-att-402\"><img loading=\"lazy\" decoding=\"async\" class=\"size-full wp-image-402\" src=\"http:\/\/blog.creamontblanc.org\/wp-content\/uploads\/2016\/11\/Installation_Placette_ORCHAMP_15062016scI.Alvarez-19.jpg\" alt=\"Installation participative d'une placette ORCHAMP de suivi de la v\u00e9g\u00e9tation \u00e0 Loriaz en juin 2016 \u00a9 IAlvarez\" width=\"1000\" height=\"500\" srcset=\"https:\/\/blog.creamontblanc.org\/wp-content\/uploads\/2016\/11\/Installation_Placette_ORCHAMP_15062016scI.Alvarez-19.jpg 1000w, https:\/\/blog.creamontblanc.org\/wp-content\/uploads\/2016\/11\/Installation_Placette_ORCHAMP_15062016scI.Alvarez-19-300x150.jpg 300w, https:\/\/blog.creamontblanc.org\/wp-content\/uploads\/2016\/11\/Installation_Placette_ORCHAMP_15062016scI.Alvarez-19-768x384.jpg 768w\" sizes=\"auto, (max-width: 1000px) 100vw, 1000px\" \/><\/a><figcaption class=\"caption wp-caption-text\"><em>Installation participative d&rsquo;une placette ORCHAMP de suivi de la v\u00e9g\u00e9tation \u00e0 Loriaz en juin 2016 \u00a9 IAlvarez<\/em><\/figcaption><\/figure>\n<p>&nbsp;<\/p>\n<p>Toutes les donn\u00e9es d\u2019observation recueillies gr\u00e2ce aux pi\u00e8ges photo ne r\u00e9v\u00e8lent pas la v\u00e9ritable densit\u00e9 d\u2019animaux dans le massif mais donnent ce que l\u2019on appelle un \u00ab indice de contact \u00bb, un indice de pr\u00e9sence de faune.<\/p>\n<p>L\u2019objectif de l\u2019installation de ces appareils est d\u2019\u00e9valuer l\u2019incidence de la faune, et en particulier des herbivores, sur la v\u00e9g\u00e9tation. Il est impossible de d\u00e9terminer le nombre exact d\u2019une population mais l\u2019indice de pr\u00e9sence ou d\u2019abondance d\u00e9termin\u00e9 \u00e0 partir des pi\u00e8ges photos est l\u2019une des fa\u00e7ons d\u2019estimer la richesse de l\u2019\u00e9cosyst\u00e8me dans sa globalit\u00e9.<br \/>\nAfin d\u2019\u00e9valuer sur le long terme quelles parties des \u00e9cosyst\u00e8mes changent et de quelle fa\u00e7on elles changent, il est important de varier les m\u00e9thodes de suivi : en pla\u00e7ant des pi\u00e8ges photo chaque ann\u00e9e \u00e0 la m\u00eame p\u00e9riode sur ces m\u00eames zones, en comparant diff\u00e9rentes zones et diff\u00e9rentes altitudes, en multipliant les \u00ab points de contact \u00bb \u00e0 travers la multiplication des cam\u00e9ras et en mettant en relation l\u2019ensemble des techniques (pi\u00e8ges \u00e0 encre pour les rongeurs, suivi des crottes, des mues, enregistrements des chants d\u2019oiseaux\u2026).<\/p>\n<p>&nbsp;<\/p>\n<p><strong>De nouvelles cam\u00e9ras pour 2017<\/strong><\/p>\n<p>Cette ann\u00e9e, la t\u00e2che principale des chercheurs du CREA Mont-Blanc a \u00e9t\u00e9 de tester le mat\u00e9riel, de r\u00e9gler la sensibilit\u00e9 des cam\u00e9ras, d\u2019identifier le \u00ab lieu id\u00e9al \u00bb pour chacune d\u2019entre-elles et d\u2019am\u00e9liorer le protocole pour r\u00e9colter, trier et exploiter au mieux ces donn\u00e9es automatiques.<\/p>\n<p>Certains probl\u00e8mes doivent encore \u00eatre r\u00e9solus :<\/p>\n<ul>\n<li>Le suivi semble par exemple impossible pour l\u2019instant en hiver\u00a0 puisque non seulement les cam\u00e9ras sont vites recouvertes par la neige mais le syst\u00e8me se d\u00e9clenche \u00e9galement lorsqu\u2019il d\u00e9tecte le mouvement des flocons. De quoi vider les batteries en une journ\u00e9e en montagne\u2026<\/li>\n<li>Le tri et le traitement des donn\u00e9es est long et laborieux, nous recherchons donc des solutions pour impliquer les citoyens dans ces \u00e9tapes (propositions de solution et exemples similaires bienvenus !)<\/li>\n<\/ul>\n<p>Pour 2017 et les ann\u00e9es \u00e0 venir, le CREA Mont-Blanc souhaite plus de participation citoyenne \u00e0 cette \u00e9tude de la faune du Mont-Blanc. Un partenariat avec les \u00e9tudiants du Lyc\u00e9e Charles Poncet de Cluses devrait permettre de r\u00e9aliser nos propres pi\u00e8ges photos &#8211; \u00e0 l\u2019image de la construction des premiers prototypes de stations de temp\u00e9rature. Il sera alors possible d\u2019\u00e9tendre les zones d\u2019observation. Des partenariats avec diff\u00e9rents refuges d\u2019altitude permettra de couvrir des zones recul\u00e9es et, dans l\u2019id\u00e9al, les habitants du massif pourront eux-m\u00eames installer ces dispositifs pr\u00e8s de chez eux pour participer activement \u00e0 la collecte de donn\u00e9es.<\/p>\n<p>&nbsp;<\/p>\n<p>&nbsp;<\/p>\n<p>R\u00e9daction : Charlotte Mader<\/p>\n<hr \/>\n<p><strong>Pour en savoir plus<\/strong><\/p>\n<p>Sur le site de l\u2019<a href=\"http:\/\/www.atlasmontblanc.org\/fr\" target=\"_blank\" rel=\"noopener\">Atlas du Mont-Blanc<\/a>, les pages <a href=\"http:\/\/www.atlasmontblanc.org\/fr\/mont-blanc-live\" target=\"_blank\" rel=\"noopener\">Mont-Blanc live<\/a> et en particulier le module <a href=\"http:\/\/www.atlasmontblanc.org\/fr\/especes-en-live\" target=\"_blank\" rel=\"noopener\">Esp\u00e8ces en live<\/a>.<\/p>\n<p>La playlist <a href=\"https:\/\/www.youtube.com\/playlist?list=PLdZQ6byfzGavfHOH96Pdi4TL3f8iWMfga\" target=\"_blank\" rel=\"noopener\">Pi\u00e8ges photos \/ Camera trap<\/a> avec toutes les vid\u00e9os de suivi de faune sur la <a href=\"https:\/\/www.youtube.com\/channel\/UCWJTizJOA_m_CnBrdnZIIqw\" target=\"_blank\" rel=\"noopener\">page Youtube CREA Mont-Blanc <\/a><\/p>\n","protected":false},"excerpt":{"rendered":"<p>Depuis le d\u00e9but du printemps, trois pi\u00e8ges photos \u2013 ou Camera trap \u2013 surveillent la faune sauvage du massif du Mont-Blanc. Plac\u00e9s sur des lieux de suivi de la v\u00e9g\u00e9tation, les appareils serviront \u00e0 \u00e9tudier les interactions entre pr\u00e9sence de &hellip; <a href=\"https:\/\/blog.creamontblanc.org?p=399\">Lire la suite\u00ad\u00ad<\/a><\/p>\n","protected":false},"author":5,"featured_media":404,"comment_status":"open","ping_status":"open","sticky":false,"template":"","format":"standard","meta":{"_monsterinsights_skip_tracking":false,"_monsterinsights_sitenote_active":false,"_monsterinsights_sitenote_note":"","_monsterinsights_sitenote_category":0,"ngg_post_thumbnail":0,"footnotes":""},"categories":[31],"tags":[202,188],"class_list":["post-399","post","type-post","status-publish","format-standard","has-post-thumbnail","hentry","category-sciences-participatives","tag-camera-trap","tag-wild-mont-blanc"],"aioseo_notices":[],"amp_enabled":true,"_links":{"self":[{"href":"https:\/\/blog.creamontblanc.org\/index.php?rest_route=\/wp\/v2\/posts\/399","targetHints":{"allow":["GET"]}}],"collection":[{"href":"https:\/\/blog.creamontblanc.org\/index.php?rest_route=\/wp\/v2\/posts"}],"about":[{"href":"https:\/\/blog.creamontblanc.org\/index.php?rest_route=\/wp\/v2\/types\/post"}],"author":[{"embeddable":true,"href":"https:\/\/blog.creamontblanc.org\/index.php?rest_route=\/wp\/v2\/users\/5"}],"replies":[{"embeddable":true,"href":"https:\/\/blog.creamontblanc.org\/index.php?rest_route=%2Fwp%2Fv2%2Fcomments&post=399"}],"version-history":[{"count":12,"href":"https:\/\/blog.creamontblanc.org\/index.php?rest_route=\/wp\/v2\/posts\/399\/revisions"}],"predecessor-version":[{"id":868,"href":"https:\/\/blog.creamontblanc.org\/index.php?rest_route=\/wp\/v2\/posts\/399\/revisions\/868"}],"wp:featuredmedia":[{"embeddable":true,"href":"https:\/\/blog.creamontblanc.org\/index.php?rest_route=\/wp\/v2\/media\/404"}],"wp:attachment":[{"href":"https:\/\/blog.creamontblanc.org\/index.php?rest_route=%2Fwp%2Fv2%2Fmedia&parent=399"}],"wp:term":[{"taxonomy":"category","embeddable":true,"href":"https:\/\/blog.creamontblanc.org\/index.php?rest_route=%2Fwp%2Fv2%2Fcategories&post=399"},{"taxonomy":"post_tag","embeddable":true,"href":"https:\/\/blog.creamontblanc.org\/index.php?rest_route=%2Fwp%2Fv2%2Ftags&post=399"}],"curies":[{"name":"wp","href":"https:\/\/api.w.org\/{rel}","templated":true}]}}