{"id":3978,"date":"2023-01-06T10:22:58","date_gmt":"2023-01-06T09:22:58","guid":{"rendered":"https:\/\/blog.creamontblanc.org?p=3978"},"modified":"2023-01-25T21:31:53","modified_gmt":"2023-01-25T20:31:53","slug":"sciencesandwich-a-lecoute-du-chant-des-cimes","status":"publish","type":"post","link":"https:\/\/blog.creamontblanc.org?p=3978","title":{"rendered":"#ScienceSandwich : \u00c0 l&rsquo;\u00e9coute du chant des cimes"},"content":{"rendered":"\n<h2 class=\"wp-block-heading\">Jeudi 19 Janvier 2023 &#8211; \u00c0 l&rsquo;\u00e9coute du chant des cimes : la d\u00e9couverte de la bioacoustique <\/h2>\n\n\n\n<figure class=\"wp-block-image size-large is-resized\"><img loading=\"lazy\" decoding=\"async\" src=\"http:\/\/blog.creamontblanc.org\/wp-content\/uploads\/2023\/01\/DSC_7481-all_BertrandMuffat-1-1000x664.jpg\" alt=\"\" class=\"wp-image-3983\" width=\"750\" height=\"498\" srcset=\"https:\/\/blog.creamontblanc.org\/wp-content\/uploads\/2023\/01\/DSC_7481-all_BertrandMuffat-1-1000x664.jpg 1000w, https:\/\/blog.creamontblanc.org\/wp-content\/uploads\/2023\/01\/DSC_7481-all_BertrandMuffat-1-300x199.jpg 300w, https:\/\/blog.creamontblanc.org\/wp-content\/uploads\/2023\/01\/DSC_7481-all_BertrandMuffat-1-768x510.jpg 768w, https:\/\/blog.creamontblanc.org\/wp-content\/uploads\/2023\/01\/DSC_7481-all_BertrandMuffat-1.jpg 1200w\" sizes=\"auto, (max-width: 750px) 100vw, 750px\" \/><figcaption class=\"wp-element-caption\"><sub>\u00a9 Bertrand Muffat-Joly<\/sub><\/figcaption><\/figure>\n\n\n\n<p>Sommes nous assez \u00e0 l&rsquo;\u00e9coute ? Pour ce premier Science Sandwich de l&rsquo;ann\u00e9e, tendons l&rsquo;oreille&#8230; <br><br><strong>Fr\u00e9d\u00e9ric S\u00e8be<\/strong>, charg\u00e9 de recherche \u00e9cosyst\u00e8me terrestre et sp\u00e9cialiste Eco et Bioacoustique \u00e0 l&rsquo;OFB, nous invite \u00e0 rester attentif au monde vivant. Comment la bioacoustique est-elle utilis\u00e9e pour le suivi d&rsquo;esp\u00e8ces et notamment celui du lagop\u00e8de alpin ?<br>Rendez-vous \u00e0 l&rsquo;Observatoire jeudi 19 Janvier toujours \u00e0 12h30 pour explorer ensemble le paysage sonore de nos montagnes.<\/p>\n\n\n\n<figure class=\"wp-block-image size-large is-resized\"><img loading=\"lazy\" decoding=\"async\" src=\"http:\/\/blog.creamontblanc.org\/wp-content\/uploads\/2023\/01\/DSC_7361-all_Bertrand-MUFFAT-1-1-1000x653.jpg\" alt=\"\" class=\"wp-image-3985\" width=\"750\" height=\"490\" srcset=\"https:\/\/blog.creamontblanc.org\/wp-content\/uploads\/2023\/01\/DSC_7361-all_Bertrand-MUFFAT-1-1-1000x653.jpg 1000w, https:\/\/blog.creamontblanc.org\/wp-content\/uploads\/2023\/01\/DSC_7361-all_Bertrand-MUFFAT-1-1-300x196.jpg 300w, https:\/\/blog.creamontblanc.org\/wp-content\/uploads\/2023\/01\/DSC_7361-all_Bertrand-MUFFAT-1-1-768x502.jpg 768w, https:\/\/blog.creamontblanc.org\/wp-content\/uploads\/2023\/01\/DSC_7361-all_Bertrand-MUFFAT-1-1.jpg 1200w\" sizes=\"auto, (max-width: 750px) 100vw, 750px\" \/><figcaption class=\"wp-element-caption\"><sub>\u00a9 Bertrand Muffat-Joly<\/sub><br><\/figcaption><\/figure>\n\n\n\n<p>Scientifiquement av\u00e9r\u00e9, particuli\u00e8rement perceptible en zone de montagne, le r\u00e9chauffement climatique et l\u2019impact de l\u2019anthropisation vont avoir de lourdes cons\u00e9quences sur la productivit\u00e9 et l\u2019abondance de la faune de haute montagne. Certaines esp\u00e8ces d\u2019oiseaux de ces milieux, comme les lagop\u00e8des alpins, voient leur abondance alt\u00e9r\u00e9e.<\/p>\n\n\n\n<p>L\u2019inventaire et le suivi de ces esp\u00e8ces sont la base de tout plan de gestion et de sauvegarde de la biodiversit\u00e9. Cependant, le d\u00e9nombrement des effectifs est souvent lourd et difficile \u00e0 mettre en place, et peut comporter certains biais. On fait alors appel \u00e0 d\u2019autres outils de discrimination, comme l\u2019identification acoustique. <\/p>\n\n\n\n<p>En effet, en s\u2019immis\u00e7ant dans les r\u00e9seaux de communication acoustique des esp\u00e8ces, l\u2019enregistrement et l\u2019analyse des signaux acoustiques peuvent rendre de nombreux services dans la d\u00e9termination des esp\u00e8ces et l\u2019identification des individus, l\u2019\u00e9tude des dynamiques de population et la gestion et la conservation de nombreuses esp\u00e8ces d\u2019int\u00e9r\u00eat patrimonial. L\u2019objectif de la pr\u00e9sente \u00e9tude est de rechercher l\u2019existence d\u2019une signature individuelle dans le chant du lagop\u00e8de alpin, et d\u2019\u00e9valuer la fiabilit\u00e9 et l\u2019efficacit\u00e9 de l\u2019utilisation de cette information comme m\u00e9thode de recensement des populations.<\/p>\n\n\n\n<p><br>La conf\u00e9rence sera retransmise en <a href=\"https:\/\/youtu.be\/gxY1uGOMrn8\" target=\"_blank\" rel=\"noopener\" title=\"direct live youtube\">direct live youtube<\/a>.<\/p>\n\n\n\n<h2 class=\"wp-block-heading\">Infos pratiques<\/h2>\n\n\n\n<p><strong><a href=\"https:\/\/blog.creamontblanc.org\/?p=3366\" target=\"_blank\" rel=\"noreferrer noopener\"><em>Science Sandwich<\/em>&nbsp;<\/a>au <a href=\"https:\/\/creamontblanc.org\/fr\/\" target=\"_blank\" rel=\"noopener\" title=\"CREA Mont-Blanc\">CREA Mont-Blanc<\/a><\/strong><br>\u00e0 l\u2019Observatoire du Mont-Blanc \u2013 67 lacets du belv\u00e9d\u00e8re \u2013 74400 Chamonix Mont-Blanc<br>Une fois par mois, de 12h30 \u00e0 13h30<br>Pique-nique tir\u00e9 du sac<br>ENTR\u00c9E LIBRE \u2013 dans la limite des places disponibles<br>\u00c9changes en fran\u00e7ais ou en anglais selon les intervenants et th\u00e9matiques<br><br>La conf\u00e9rence sera retransmise en <a href=\"https:\/\/www.youtube.com\/watch?v=gxY1uGOMrn8\" target=\"_blank\" rel=\"noopener\" title=\"live youtube\">live youtube<\/a><br><br>Ne manquez pas ces rencontres mensuelles, plac\u00e9es sous le signe de la d\u00e9couverte et la convivialit\u00e9.&nbsp;<br>Informations sur les prochaines dates dans notre rubrique <a href=\"https:\/\/blog.creamontblanc.org\/?cat=189\" target=\"_blank\" rel=\"noopener\" title=\"Agenda\">Agenda<\/a><\/p>\n\n\n\n<figure class=\"wp-block-image size-large is-resized\"><img loading=\"lazy\" decoding=\"async\" src=\"http:\/\/blog.creamontblanc.org\/wp-content\/uploads\/2023\/01\/Capture-de\u0301cran-2023-01-25-a\u0300-14.59.00-3-1000x165.png\" alt=\"\" class=\"wp-image-4112\" width=\"750\" height=\"124\" srcset=\"https:\/\/blog.creamontblanc.org\/wp-content\/uploads\/2023\/01\/Capture-de\u0301cran-2023-01-25-a\u0300-14.59.00-3-1000x165.png 1000w, https:\/\/blog.creamontblanc.org\/wp-content\/uploads\/2023\/01\/Capture-de\u0301cran-2023-01-25-a\u0300-14.59.00-3-300x50.png 300w, https:\/\/blog.creamontblanc.org\/wp-content\/uploads\/2023\/01\/Capture-de\u0301cran-2023-01-25-a\u0300-14.59.00-3-768x127.png 768w, https:\/\/blog.creamontblanc.org\/wp-content\/uploads\/2023\/01\/Capture-de\u0301cran-2023-01-25-a\u0300-14.59.00-3-1536x254.png 1536w, https:\/\/blog.creamontblanc.org\/wp-content\/uploads\/2023\/01\/Capture-de\u0301cran-2023-01-25-a\u0300-14.59.00-3.png 1548w\" sizes=\"auto, (max-width: 750px) 100vw, 750px\" \/><\/figure>\n","protected":false},"excerpt":{"rendered":"<p>Jeudi 19 Janvier 2023 &#8211; \u00c0 l&rsquo;\u00e9coute du chant des cimes : la d\u00e9couverte de la bioacoustique Sommes nous assez \u00e0 l&rsquo;\u00e9coute ? Pour ce premier Science Sandwich de l&rsquo;ann\u00e9e, tendons l&rsquo;oreille&#8230; Fr\u00e9d\u00e9ric S\u00e8be, charg\u00e9 de recherche \u00e9cosyst\u00e8me terrestre et &hellip; <a href=\"https:\/\/blog.creamontblanc.org?p=3978\">Lire la suite\u00ad\u00ad<\/a><\/p>\n","protected":false},"author":21,"featured_media":3983,"comment_status":"open","ping_status":"open","sticky":false,"template":"","format":"standard","meta":{"_monsterinsights_skip_tracking":false,"_monsterinsights_sitenote_active":false,"_monsterinsights_sitenote_note":"","_monsterinsights_sitenote_category":0,"ngg_post_thumbnail":0,"footnotes":""},"categories":[5],"tags":[61,216,123],"class_list":["post-3978","post","type-post","status-publish","format-standard","has-post-thumbnail","hentry","category-vie-association","tag-chamonix","tag-faune","tag-science-sandwich"],"aioseo_notices":[],"amp_enabled":true,"_links":{"self":[{"href":"https:\/\/blog.creamontblanc.org\/index.php?rest_route=\/wp\/v2\/posts\/3978","targetHints":{"allow":["GET"]}}],"collection":[{"href":"https:\/\/blog.creamontblanc.org\/index.php?rest_route=\/wp\/v2\/posts"}],"about":[{"href":"https:\/\/blog.creamontblanc.org\/index.php?rest_route=\/wp\/v2\/types\/post"}],"author":[{"embeddable":true,"href":"https:\/\/blog.creamontblanc.org\/index.php?rest_route=\/wp\/v2\/users\/21"}],"replies":[{"embeddable":true,"href":"https:\/\/blog.creamontblanc.org\/index.php?rest_route=%2Fwp%2Fv2%2Fcomments&post=3978"}],"version-history":[{"count":11,"href":"https:\/\/blog.creamontblanc.org\/index.php?rest_route=\/wp\/v2\/posts\/3978\/revisions"}],"predecessor-version":[{"id":4118,"href":"https:\/\/blog.creamontblanc.org\/index.php?rest_route=\/wp\/v2\/posts\/3978\/revisions\/4118"}],"wp:featuredmedia":[{"embeddable":true,"href":"https:\/\/blog.creamontblanc.org\/index.php?rest_route=\/wp\/v2\/media\/3983"}],"wp:attachment":[{"href":"https:\/\/blog.creamontblanc.org\/index.php?rest_route=%2Fwp%2Fv2%2Fmedia&parent=3978"}],"wp:term":[{"taxonomy":"category","embeddable":true,"href":"https:\/\/blog.creamontblanc.org\/index.php?rest_route=%2Fwp%2Fv2%2Fcategories&post=3978"},{"taxonomy":"post_tag","embeddable":true,"href":"https:\/\/blog.creamontblanc.org\/index.php?rest_route=%2Fwp%2Fv2%2Ftags&post=3978"}],"curies":[{"name":"wp","href":"https:\/\/api.w.org\/{rel}","templated":true}]}}