{"id":3962,"date":"2022-10-07T10:17:00","date_gmt":"2022-10-07T09:17:00","guid":{"rendered":"https:\/\/blog.creamontblanc.org?p=3962"},"modified":"2023-01-02T11:02:53","modified_gmt":"2023-01-02T10:02:53","slug":"le-crea-mont-blanc-au-biomimexpo-2022","status":"publish","type":"post","link":"https:\/\/blog.creamontblanc.org?p=3962","title":{"rendered":"Le CREA Mont-Blanc au Biomim&rsquo;expo 2022"},"content":{"rendered":"\n<p>Pour ce grand rendez-vous du biomim\u00e9tisme et des innovations bio-inspir\u00e9es, Ir\u00e8ne Alvarez notre co-directrice au CREA Mont-Blanc et Christine Ebadi d&rsquo;<a href=\"https:\/\/holomea.com\/\" target=\"_blank\" rel=\"noopener\" title=\"Holomea\">Holomea<\/a> animeront une conf\u00e9rence-atelier autour des sc\u00e9narios bio-inspir\u00e9s pluridisciplinaires m\u00ealant \u00e9cologie et management.<br><br><a href=\"https:\/\/biomimexpo.com\/\" title=\"Biomim'expo \">Biomim&rsquo;expo <\/a>2022 aura lieu \u00e0 Paris les 25 et 26 Octobre : \u00ab\u00a0<em> le rassemblement des acteurs et parties prenantes du biomim\u00e9tisme et des innovations bio-inspir\u00e9es qui prennent le Vivant comme mod\u00e8le de r\u00e9silience et d\u2019excellence. Une galerie enthousiasmante et \u00e9tonnante \u00e0 la red\u00e9couverte du g\u00e9nie de la Nature et de solutions d\u2019avenir inspir\u00e9es par 3,8 milliards d\u2019ann\u00e9es d\u2019existence de la vie sur Terre.<\/em> \u00ab\u00a0<\/p>\n\n\n\n<h3 class=\"wp-block-heading\"><strong>\u00ab\u00a0Quand la Nature inspire l&rsquo;innovation\u00a0\u00bb<\/strong><\/h3>\n\n\n\n<p>Nous partageons le questionnement central de ce rassemblement : \u00a0\u00bb Comment la nature inspire-t-elle les innovations de demain et apporte-t-elle des solutions \u00e0 nos d\u00e9fis contemporains ? \u00ab\u00a0<br><\/p>\n\n\n<div class=\"wp-block-image\">\n<figure class=\"alignleft size-full is-resized\"><img loading=\"lazy\" decoding=\"async\" src=\"http:\/\/blog.creamontblanc.org\/wp-content\/uploads\/2023\/01\/Biomimexpo2022.png\" alt=\"\" class=\"wp-image-3965\" width=\"400\" height=\"402\" srcset=\"https:\/\/blog.creamontblanc.org\/wp-content\/uploads\/2023\/01\/Biomimexpo2022.png 800w, https:\/\/blog.creamontblanc.org\/wp-content\/uploads\/2023\/01\/Biomimexpo2022-150x150.png 150w, https:\/\/blog.creamontblanc.org\/wp-content\/uploads\/2023\/01\/Biomimexpo2022-768x771.png 768w\" sizes=\"auto, (max-width: 400px) 100vw, 400px\" \/><\/figure>\n<\/div>\n\n\n<p>Lors de l&rsquo;<a href=\"https:\/\/biomimexpo.com\/2022\/08\/09\/atelier-crea-mont-blanc-holomea\/\" title=\"atelier CREA Mont-Blanc \/ Holomea\">atelier CREA Mont-Blanc \/ Holomea<\/a>, Ir\u00e8ne et Christine partagerons les enseignements d&rsquo;une exp\u00e9rience originale men\u00e9e l&rsquo;\u00e9t\u00e9 dernier avec une \u00e9quipe compos\u00e9e de chercheurs, experts en \u00e9cologie alpine et des professeurs du sup\u00e9rieur. <\/p>\n\n\n\n<p>En effet, un travail collaboratif a \u00e9t\u00e9 men\u00e9 afin de construire des nouveaux contenus p\u00e9dagogiques, ax\u00e9s sur le concept de bio-inspiration. Comment les principes du vivant qui r\u00e9gissent les \u00e9cosyst\u00e8mes de montagne peuvent-ils inspirer le management, le travail en \u00e9quipe, les projets et l&rsquo;innovation&#8230;?<\/p>\n\n\n\n<p>Professeurs et experts ont construit ensemble un curriculum qui permettra de donner aux \u00e9tudiants des r\u00e9flexes sur le fonctionnement du vivant. Des connaissances fondamentales sur lesquelles s&rsquo;appuyer pour leur future pratique professionnelle. <br><br><\/p>\n\n\n\n<p><\/p>\n\n\n\n<p><\/p>\n\n\n\n<p>Le CREA Mont-Blanc est fier d&rsquo;\u00eatre pr\u00e9sents \u00e0 ce rendez-vous unique qui propose un programme riche d&rsquo;expositions, de conf\u00e9rences, ateliers et d\u00e9bats. N&rsquo;h\u00e9sitez pas \u00e0 d\u00e9couvrir notre rubrique <a href=\"https:\/\/blog.creamontblanc.org\/?cat=189\" target=\"_blank\" rel=\"noopener\" title=\"Agenda\">Agenda<\/a> pour suivre nos prochaines interventions !<br><br><br><\/p>\n","protected":false},"excerpt":{"rendered":"<p>Pour ce grand rendez-vous du biomim\u00e9tisme et des innovations bio-inspir\u00e9es, Ir\u00e8ne Alvarez notre co-directrice au CREA Mont-Blanc et Christine Ebadi d&rsquo;Holomea animeront une conf\u00e9rence-atelier autour des sc\u00e9narios bio-inspir\u00e9s pluridisciplinaires m\u00ealant \u00e9cologie et management. Biomim&rsquo;expo 2022 aura lieu \u00e0 Paris les &hellip; <a href=\"https:\/\/blog.creamontblanc.org?p=3962\">Lire la suite\u00ad\u00ad<\/a><\/p>\n","protected":false},"author":6,"featured_media":3963,"comment_status":"open","ping_status":"open","sticky":false,"template":"","format":"standard","meta":{"_monsterinsights_skip_tracking":false,"_monsterinsights_sitenote_active":false,"_monsterinsights_sitenote_note":"","_monsterinsights_sitenote_category":0,"ngg_post_thumbnail":0,"footnotes":""},"categories":[5],"tags":[12],"class_list":["post-3962","post","type-post","status-publish","format-standard","has-post-thumbnail","hentry","category-vie-association","tag-rencontre"],"aioseo_notices":[],"amp_enabled":true,"_links":{"self":[{"href":"https:\/\/blog.creamontblanc.org\/index.php?rest_route=\/wp\/v2\/posts\/3962","targetHints":{"allow":["GET"]}}],"collection":[{"href":"https:\/\/blog.creamontblanc.org\/index.php?rest_route=\/wp\/v2\/posts"}],"about":[{"href":"https:\/\/blog.creamontblanc.org\/index.php?rest_route=\/wp\/v2\/types\/post"}],"author":[{"embeddable":true,"href":"https:\/\/blog.creamontblanc.org\/index.php?rest_route=\/wp\/v2\/users\/6"}],"replies":[{"embeddable":true,"href":"https:\/\/blog.creamontblanc.org\/index.php?rest_route=%2Fwp%2Fv2%2Fcomments&post=3962"}],"version-history":[{"count":2,"href":"https:\/\/blog.creamontblanc.org\/index.php?rest_route=\/wp\/v2\/posts\/3962\/revisions"}],"predecessor-version":[{"id":3969,"href":"https:\/\/blog.creamontblanc.org\/index.php?rest_route=\/wp\/v2\/posts\/3962\/revisions\/3969"}],"wp:featuredmedia":[{"embeddable":true,"href":"https:\/\/blog.creamontblanc.org\/index.php?rest_route=\/wp\/v2\/media\/3963"}],"wp:attachment":[{"href":"https:\/\/blog.creamontblanc.org\/index.php?rest_route=%2Fwp%2Fv2%2Fmedia&parent=3962"}],"wp:term":[{"taxonomy":"category","embeddable":true,"href":"https:\/\/blog.creamontblanc.org\/index.php?rest_route=%2Fwp%2Fv2%2Fcategories&post=3962"},{"taxonomy":"post_tag","embeddable":true,"href":"https:\/\/blog.creamontblanc.org\/index.php?rest_route=%2Fwp%2Fv2%2Ftags&post=3962"}],"curies":[{"name":"wp","href":"https:\/\/api.w.org\/{rel}","templated":true}]}}