{"id":374,"date":"2016-10-13T16:13:56","date_gmt":"2016-10-13T15:13:56","guid":{"rendered":"http:\/\/blog.creamontblanc.org\/?p=374"},"modified":"2017-03-31T14:47:03","modified_gmt":"2017-03-31T13:47:03","slug":"un-projet-scolaire-phenoclim-recompense-par-letat","status":"publish","type":"post","link":"https:\/\/blog.creamontblanc.org?p=374","title":{"rendered":"Un projet scolaire Ph\u00e9noclim r\u00e9compens\u00e9 par l&rsquo;\u00c9tat"},"content":{"rendered":"<p><strong>Les \u00e9l\u00e8ves du club UNESCO du coll\u00e8ge de Douvaine, qui participent au programme de sciences participatives Ph\u00e9noclim, ont remport\u00e9 le concours national cat\u00e9gorie coll\u00e8ge des \u00ab\u00a0Cl\u00e9s de l\u2019\u00e9ducation au d\u00e9veloppement durable\u201d. Ils ont re\u00e7u leur prix hier par les ministres de l&rsquo;\u00e9ducation et de l&rsquo;environnement \u00e0 l&rsquo;occasion de la semaine du climat \u00e0 Paris.<\/strong><!--more--><\/p>\n<figure id=\"attachment_380\" class=\"thumbnail wp-caption aligncenter\" style=\"width: 1000px\"><a href=\"http:\/\/blog.creamontblanc.org\/un-projet-scolaire-phenoclim-recompense-par-letat\/prix_gdecarre_douvaine\/\" rel=\"attachment wp-att-380\"><img loading=\"lazy\" decoding=\"async\" class=\"size-full wp-image-380\" src=\"http:\/\/blog.creamontblanc.org\/wp-content\/uploads\/2016\/10\/prix_GDecarre_Douvaine.jpg\" alt=\"Remise du prix &quot;Cl\u00e9s de l'\u00e9ducation au d\u00e9veloppement durable&quot; aux \u00e9l\u00e8ves du Coll\u00e8ge du Bas-Chabelais\" width=\"1000\" height=\"500\" srcset=\"https:\/\/blog.creamontblanc.org\/wp-content\/uploads\/2016\/10\/prix_GDecarre_Douvaine.jpg 1000w, https:\/\/blog.creamontblanc.org\/wp-content\/uploads\/2016\/10\/prix_GDecarre_Douvaine-300x150.jpg 300w, https:\/\/blog.creamontblanc.org\/wp-content\/uploads\/2016\/10\/prix_GDecarre_Douvaine-768x384.jpg 768w\" sizes=\"auto, (max-width: 1000px) 100vw, 1000px\" \/><\/a><figcaption class=\"caption wp-caption-text\"><em>Remise du prix \u00ab\u00a0Cl\u00e9s de l&rsquo;\u00e9ducation au d\u00e9veloppement durable\u00a0\u00bb aux \u00e9l\u00e8ves du Coll\u00e8ge du Bas-Chabelais<\/em><\/figcaption><\/figure>\n<p>&nbsp;<\/p>\n<p>Genevi\u00e8ve Decarre, enseignante de SVT r\u00e9f\u00e9rente Unesco au Coll\u00e8ge du Bas-Chabelais \u00e0 Douvaine (74), ainsi que Virginie Lan\u00e7on et trois \u00e9l\u00e8ves &#8211; Amandine, Aur\u00e9lien et Marvin &#8211; ont re\u00e7u l&rsquo;un des prix de l&rsquo;appel \u00e0 projets \u00ab\u00a0Cl\u00e9s de l\u2019\u00e9ducation au d\u00e9veloppement durable\u201d. Le prix leur a \u00e9t\u00e9 remis en mains propres par S\u00e9gol\u00e8ne Royale, Ministre de l&rsquo;environnement, et Najat Belkacem, Ministre de l&rsquo;\u00e9ducation, de l&rsquo;enseignement sup\u00e9rieur et de la recherche.<\/p>\n<p><strong>Moment d&rsquo;\u00e9motion \u00e0 Paris<\/strong><\/p>\n<p>Genevi\u00e8ve Decarre t\u00e9moigne apr\u00e8s la remise du prix : \u00ab\u00a0<em>Ce n\u2019\u00e9tait pas une exp\u00e9rience si facile &#8230; de l\u2019appr\u00e9hension, des doutes, beaucoup de travail pour pr\u00e9parer ce moment unique en son genre, inoubliable pour nous cinq, professeurs comme \u00e9l\u00e8ves, soud\u00e9s dans cette incroyable rencontre au \u201csommet\u201d. Nos jeunes nous donnent de l\u2019espoir dans cet avenir qu\u2019ils sont pr\u00eats \u00e0 r\u00e9\u00e9crire et construire avec les adultes qui voudront bien les accompagner.<\/em>\u00a0\u00bb<\/p>\n<p>&nbsp;<\/p>\n<blockquote class=\"twitter-tweet\" data-lang=\"fr\">\n<p dir=\"ltr\" lang=\"fr\">Un grand bravo aux \u00e9quipes p\u00e9dagogiques et aux \u00e9l\u00e8ves laur\u00e9ats des \u00ab\u00a0Cl\u00e9s du D\u00e9veloppement Durable\u00a0\u00bb ! <a href=\"https:\/\/twitter.com\/hashtag\/SemaineDuClimat?src=hash\">#SemaineDuClimat<\/a> <a href=\"https:\/\/t.co\/fn0P5PvXEk\">pic.twitter.com\/fn0P5PvXEk<\/a><\/p>\n<p>\u2014 Najat Belkacem (@najatvb) <a href=\"https:\/\/twitter.com\/najatvb\/status\/786238367352532993\">12 octobre 2016<\/a><\/p><\/blockquote>\n<p><script src=\"\/\/platform.twitter.com\/widgets.js\" async=\"\" charset=\"utf-8\"><\/script><\/p>\n<p>&nbsp;<\/p>\n<p><strong>Trois ans de projets tourn\u00e9s vers l&rsquo;avenir<\/strong><\/p>\n<p>Depuis trois ans, le groupe d&rsquo;\u00e9l\u00e8ves de coll\u00e8ge, tous niveau confondus, se r\u00e9unit chaque semaine entre midi et deux pour r\u00e9aliser des projets li\u00e9s au d\u00e9veloppement durable &#8211; parmi lesquels figure leur participation au programme Ph\u00e9noclim. Les \u00e9l\u00e8ves et leurs enseignants ont beaucoup d\u2019ambition encore cette ann\u00e9e pour la poursuite du projet. Les \u00e9l\u00e8ves, officiellement devenus \u00ab\u00a0mini-experts\u00a0\u00bb, vont diffuser leurs initiatives plus largement autour d\u2019eux : d&rsquo;abord en interne dans le coll\u00e8ge, avec le renfort d\u2019autres projets de classes (6\u00e8 et 4\u00e8) et par l\u2019\u00e9lection d&rsquo;\u00e9co-d\u00e9l\u00e9gu\u00e9s ; mais aussi en externe : familles, commune et correspondants russes et am\u00e9ricains (Oregon).<\/p>\n<p>&nbsp;<\/p>\n<p>R\u00e9daction : Charlotte Mader<\/p>\n<hr \/>\n<p><strong>Pour en savoir plus<\/strong><\/p>\n<p>L&rsquo;appel \u00e0 projet des \u00ab\u00a0Cl\u00e9s de l&rsquo;\u00e9ducation au d\u00e9veloppement durable\u00a0\u00bb sur le site du <a href=\"http:\/\/eduscol.education.fr\/cid98366\/appel-a-projets-les-cles-de-l-education-au-developpement-durable-2016.html\" target=\"_blank\">Minist\u00e8re de l&rsquo;\u00e9ducation nationale, de l&rsquo;enseignement sup\u00e9rieur et de la recherche<\/a><\/p>\n<p>L&rsquo;agenda et les initiatives de la <a href=\"http:\/\/www.education.gouv.fr\/cid93588\/la-semaine-climat.html\" target=\"_blank\">Semaine du Climat<\/a><\/p>\n","protected":false},"excerpt":{"rendered":"<p>Les \u00e9l\u00e8ves du club UNESCO du coll\u00e8ge de Douvaine, qui participent au programme de sciences participatives Ph\u00e9noclim, ont remport\u00e9 le concours national cat\u00e9gorie coll\u00e8ge des \u00ab\u00a0Cl\u00e9s de l\u2019\u00e9ducation au d\u00e9veloppement durable\u201d. Ils ont re\u00e7u leur prix hier par les ministres &hellip; <a href=\"https:\/\/blog.creamontblanc.org?p=374\">Lire la suite\u00ad\u00ad<\/a><\/p>\n","protected":false},"author":5,"featured_media":380,"comment_status":"open","ping_status":"open","sticky":false,"template":"","format":"standard","meta":{"_monsterinsights_skip_tracking":false,"_monsterinsights_sitenote_active":false,"_monsterinsights_sitenote_note":"","_monsterinsights_sitenote_category":0,"ngg_post_thumbnail":0,"footnotes":""},"categories":[31],"tags":[56,57,46,38],"class_list":["post-374","post","type-post","status-publish","format-standard","has-post-thumbnail","hentry","category-sciences-participatives","tag-college","tag-education","tag-phenoclim","tag-science-participative"],"aioseo_notices":[],"amp_enabled":true,"_links":{"self":[{"href":"https:\/\/blog.creamontblanc.org\/index.php?rest_route=\/wp\/v2\/posts\/374","targetHints":{"allow":["GET"]}}],"collection":[{"href":"https:\/\/blog.creamontblanc.org\/index.php?rest_route=\/wp\/v2\/posts"}],"about":[{"href":"https:\/\/blog.creamontblanc.org\/index.php?rest_route=\/wp\/v2\/types\/post"}],"author":[{"embeddable":true,"href":"https:\/\/blog.creamontblanc.org\/index.php?rest_route=\/wp\/v2\/users\/5"}],"replies":[{"embeddable":true,"href":"https:\/\/blog.creamontblanc.org\/index.php?rest_route=%2Fwp%2Fv2%2Fcomments&post=374"}],"version-history":[{"count":7,"href":"https:\/\/blog.creamontblanc.org\/index.php?rest_route=\/wp\/v2\/posts\/374\/revisions"}],"predecessor-version":[{"id":383,"href":"https:\/\/blog.creamontblanc.org\/index.php?rest_route=\/wp\/v2\/posts\/374\/revisions\/383"}],"wp:featuredmedia":[{"embeddable":true,"href":"https:\/\/blog.creamontblanc.org\/index.php?rest_route=\/wp\/v2\/media\/380"}],"wp:attachment":[{"href":"https:\/\/blog.creamontblanc.org\/index.php?rest_route=%2Fwp%2Fv2%2Fmedia&parent=374"}],"wp:term":[{"taxonomy":"category","embeddable":true,"href":"https:\/\/blog.creamontblanc.org\/index.php?rest_route=%2Fwp%2Fv2%2Fcategories&post=374"},{"taxonomy":"post_tag","embeddable":true,"href":"https:\/\/blog.creamontblanc.org\/index.php?rest_route=%2Fwp%2Fv2%2Ftags&post=374"}],"curies":[{"name":"wp","href":"https:\/\/api.w.org\/{rel}","templated":true}]}}