{"id":3686,"date":"2022-10-11T20:48:11","date_gmt":"2022-10-11T19:48:11","guid":{"rendered":"https:\/\/blog.creamontblanc.org?p=3686"},"modified":"2023-01-25T15:02:47","modified_gmt":"2023-01-25T14:02:47","slug":"sciences-participatives-des-projets-pour-tous-les-profils","status":"publish","type":"post","link":"https:\/\/blog.creamontblanc.org?p=3686","title":{"rendered":"Sciences participatives\u00a0: des projets pour tous les profils"},"content":{"rendered":"\n<p><strong>L\u2019\u00e9t\u00e9 qui vient de s\u2019achever a une nouvelle fois \u00e9t\u00e9 riche pour les sciences participatives au CREA Mont-Blanc. B\u00e9n\u00e9voles, randonneurs ou visiteurs de passage dans les refuges, nous avons largement sollicit\u00e9 diff\u00e9rents publics sur nos terrains d\u2019observation d\u2019altitude pour faire avancer nos programmes de recherche. Retour sur une saison particuli\u00e8rement active.<\/strong><\/p>\n\n\n\n<figure class=\"wp-block-image size-large\"><img loading=\"lazy\" decoding=\"async\" width=\"1000\" height=\"562\" src=\"http:\/\/blog.creamontblanc.org\/wp-content\/uploads\/2022\/10\/20220719_141513-1-1000x562.jpg\" alt=\"\" class=\"wp-image-3746\" srcset=\"https:\/\/blog.creamontblanc.org\/wp-content\/uploads\/2022\/10\/20220719_141513-1-1000x562.jpg 1000w, https:\/\/blog.creamontblanc.org\/wp-content\/uploads\/2022\/10\/20220719_141513-1-300x169.jpg 300w, https:\/\/blog.creamontblanc.org\/wp-content\/uploads\/2022\/10\/20220719_141513-1-768x432.jpg 768w, https:\/\/blog.creamontblanc.org\/wp-content\/uploads\/2022\/10\/20220719_141513-1-1536x864.jpg 1536w, https:\/\/blog.creamontblanc.org\/wp-content\/uploads\/2022\/10\/20220719_141513-1.jpg 2048w\" sizes=\"auto, (max-width: 1000px) 100vw, 1000px\" \/><figcaption class=\"wp-element-caption\">Face au glacier d&rsquo;Argenti\u00e8re &#8211; \u00a9Brad Z. Carlson<\/figcaption><\/figure>\n\n\n\n<p>L\u2019avantage des sciences participatives, c\u2019est qu\u2019elles s\u2019adressent \u00e0 tout le monde&nbsp;! Les diff\u00e9rents programmes propos\u00e9s par le CREA Mont-Blanc durant l\u2019\u00e9t\u00e9 ont mobilis\u00e9 sur le terrain des n\u00e9ophytes autant que des b\u00e9n\u00e9voles chevronn\u00e9s.&nbsp;<\/p>\n\n\n\n<p>Parmi ceux-ci, les protocoles scientifiques test\u00e9s l\u2019ann\u00e9e derni\u00e8re dans le cadre des Refuges sentinelles avaient \u00e9t\u00e9 adapt\u00e9s. L\u2019objectif : proposer une saison 2 un peu diff\u00e9rente.. \u00ab&nbsp;Cette ann\u00e9e, nous avons \u00e9galement install\u00e9 des dispositifs au refuge des Pr\u00e9s, aux Contamines-Montjoie pour inciter les personnes qui passaient \u00e0 participer au recueil de donn\u00e9es&nbsp;\u00bb, explique Ana\u00efs Ramet, r\u00e9cemment arriv\u00e9e au <a href=\"https:\/\/creamontblanc.org\/fr\/\" target=\"_blank\" rel=\"noopener\" title=\"CREA Mont-Blanc\">CREA Mont-Blanc<\/a> comme charg\u00e9e de mission sciences participatives.<\/p>\n\n\n\n<h2 class=\"wp-block-heading\"><strong>Des observations simples<\/strong><\/h2>\n\n\n\n<p>Deux protocoles \u00e9taient communs aux deux refuges&nbsp;: le premier invitait les participants \u00e0 observer 5 esp\u00e8ces de plantes pr\u00e9sentes autour des refuges en notant l\u2019avancement dans leur rythme saisonnier&nbsp;; ils pouvaient \u00e9galement photographier les chocards bagu\u00e9s qu\u2019ils croisaient en montagne et envoyer leur photo avec la localisation, et recevoir en retour des informations sur l\u2019individu observ\u00e9. Au refuge des Pr\u00e9s, il \u00e9tait aussi possible de scruter les t\u00eatards \u00e9voluant dans la mare situ\u00e9e \u00e0 proximit\u00e9 du refuge.&nbsp;<\/p>\n\n\n\n<p>Pour faciliter les choses et les inciter \u00e0 participer, les visiteurs disposaient de feuillets pr\u00e9remplis avec des explications sur l\u2019int\u00e9r\u00eat scientifique de la d\u00e9marche.<\/p>\n\n\n\n<figure class=\"wp-block-image size-large\"><img loading=\"lazy\" decoding=\"async\" width=\"1000\" height=\"705\" src=\"https:\/\/blog.creamontblanc.org\/wp-content\/uploads\/2022\/10\/refuges_sentinelles_grenouilles-1000x705.png\" alt=\"\" class=\"wp-image-3748\" srcset=\"https:\/\/blog.creamontblanc.org\/wp-content\/uploads\/2022\/10\/refuges_sentinelles_grenouilles-1000x705.png 1000w, https:\/\/blog.creamontblanc.org\/wp-content\/uploads\/2022\/10\/refuges_sentinelles_grenouilles-300x211.png 300w, https:\/\/blog.creamontblanc.org\/wp-content\/uploads\/2022\/10\/refuges_sentinelles_grenouilles-768x541.png 768w, https:\/\/blog.creamontblanc.org\/wp-content\/uploads\/2022\/10\/refuges_sentinelles_grenouilles.png 1090w\" sizes=\"auto, (max-width: 1000px) 100vw, 1000px\" \/><figcaption class=\"wp-element-caption\">Exemple de protocole pour les grenouilles<\/figcaption><\/figure>\n\n\n\n<h2 class=\"wp-block-heading\"><strong>L\u2019importance de l\u2019animation<\/strong><\/h2>\n\n\n\n<p>Au refuge des Pr\u00e9s, un animateur de la r\u00e9serve naturelle nationale des Contamines-Montjoie&nbsp; \u00e9tait pr\u00e9sent une fois par semaine pour guider les randonneurs dans leurs observations. \u00ab&nbsp;Cet \u00e9l\u00e9ment a \u00e9t\u00e9 d\u00e9terminant puisque nous avons pu recueillir une quarantaine de participations de cette mani\u00e8re. A l\u2019inverse, nous nous sommes rendu compte qu\u2019il y a peu de participation si nous ne faisons pas cet effort d\u2019animation&nbsp;\u00bb, commente Ana\u00efs.&nbsp;<\/p>\n\n\n\n<p>Un bilan quantitatif contrast\u00e9 donc, mais qui comporte beaucoup de points positifs&nbsp;: \u00ab&nbsp;Les personnes qui participent se montrent toujours tr\u00e8s int\u00e9ress\u00e9es, m\u00eame si elles ne se sentent pas forc\u00e9ment l\u00e9gitimes \u00e0 r\u00e9colter des donn\u00e9es pour un programme scientifique. Cela ne demande pourtant pas de connaissances particuli\u00e8res, et elles peuvent le faire avec leurs enfants. D\u2019o\u00f9 l\u2019importance d\u2019avoir un animateur qui les rassure sur ce point.&nbsp;\u00bb&nbsp;<\/p>\n\n\n\n<p>Enrichie par ce retour d\u2019exp\u00e9rience, <a href=\"https:\/\/blog.creamontblanc.org\/?p=3473\" target=\"_blank\" rel=\"noopener\" title=\"l\u2019op\u00e9ration\">l\u2019op\u00e9ration<\/a> sera reconduite l\u2019\u00e9t\u00e9 prochain. D\u2019ici l\u00e0, la r\u00e9flexion se poursuit pour trouver le format le plus incitatif pour ces dispositifs.<\/p>\n\n\n\n<h2 class=\"wp-block-heading\"><strong>Des b\u00e9n\u00e9voles mobilis\u00e9s<\/strong><\/h2>\n\n\n\n<p>Sur un terrain diff\u00e9rent, une vingtaine de b\u00e9n\u00e9voles se sont relay\u00e9s tout l\u2019\u00e9t\u00e9 pour faire des relev\u00e9s sur des points pr\u00e9d\u00e9termin\u00e9s, afin d\u2019en caract\u00e9riser le sol, d\u2019identifier les plantes et de mesurer leur hauteur. L\u2019objectif \u00e9tait d\u2019enrichir une cartographie des landes situ\u00e9es entre 1800 m et 2300 m en compl\u00e9tant les donn\u00e9es satellitaires (notamment pour le projet <a href=\"https:\/\/www.spaceclimateobservatory.org\/fr\/orion\" target=\"_blank\" rel=\"noopener\" title=\"ORION SCO Space for Climate Observatory)\">ORION SCO Space for Climate Observatory)<\/a>, mais \u00e9galement d\u2019affiner la connaissance de la flore pr\u00e9sente \u00e0 proximit\u00e9 des pi\u00e8ges photos install\u00e9s en permanence, afin de faire le lien entre les animaux photographi\u00e9s et la v\u00e9g\u00e9tation.&nbsp;<\/p>\n\n\n\n<p>Amaury Berger, \u00e9tudiant en biologie et stagiaire au CREA Mont-Blanc, a pr\u00e9par\u00e9 et coordonn\u00e9 la participation des b\u00e9n\u00e9voles \u00e0 ces 13 sorties qui ont permis d\u2019effectuer 80 s\u00e9ries de mesure sur chacune des 137 placettes* identifi\u00e9es. \u00ab&nbsp;Au d\u00e9but de la semaine, je contactais les b\u00e9n\u00e9voles et j\u2019organisais les missions de la semaine&nbsp;: planning, mat\u00e9riel, m\u00e9t\u00e9o\u2026 Ensuite, nous partions sur le terrain du mardi au jeudi par \u00e9quipes de 3 ou 4 personnes pour des sorties d\u2019environ 8 heures. Et le vendredi \u00e9tait consacr\u00e9 \u00e0 la saisie des donn\u00e9es d\u2019observation&nbsp;\u00bb, raconte-t-il.<\/p>\n\n\n\n<h2 class=\"wp-block-heading\"><strong>Une contribution essentielle<\/strong><\/h2>\n\n\n\n<p>En un mois, la contribution des b\u00e9n\u00e9voles est impressionnante, puisqu\u2019ils ont effectu\u00e9 au total pr\u00e8s de 11000 d\u00e9terminations de sol et mesures de hauteur, et reconnu plus de 22000 plantes&nbsp;! \u00ab&nbsp;Ils \u00e9taient super motiv\u00e9s, \u00e0 la fois par le plaisir de faire une sortie en montagne et par les \u00e9changes avec les chercheurs du CREA Mont-Blanc. Parmi eux, il y avait toute sorte de profils&nbsp;: des professionnels, des \u00e9tudiants, des passionn\u00e9s de nature, des vacanciers qui avaient entendu parler des sciences participatives\u2026&nbsp;\u00bb Quant \u00e0 Amaury, il a particuli\u00e8rement appr\u00e9ci\u00e9 l\u2019exp\u00e9rience&nbsp;: \u00ab&nbsp;C\u2019\u00e9tait la premi\u00e8re fois que je faisais des sciences en montagne. J\u2019\u00e9tais tout le temps sur le terrain et j\u2019ai \u00e9norm\u00e9ment appris&nbsp;! \u00c7a m\u2019a donn\u00e9 envie de poursuivre sur cette voie&nbsp;\u00bb, conclut-il.<\/p>\n\n\n\n<figure class=\"wp-block-gallery has-nested-images columns-default wp-block-gallery-1 is-layout-flex wp-block-gallery-is-layout-flex\">\n<figure class=\"wp-block-image size-full\"><img loading=\"lazy\" decoding=\"async\" width=\"1200\" height=\"1600\" data-id=\"3769\" src=\"https:\/\/blog.creamontblanc.org\/wp-content\/uploads\/2022\/10\/Capture-de\u0301cran-2022-09-01-a\u0300-12.36.06-edited.jpg\" alt=\"\" class=\"wp-image-3769\" srcset=\"https:\/\/blog.creamontblanc.org\/wp-content\/uploads\/2022\/10\/Capture-de\u0301cran-2022-09-01-a\u0300-12.36.06-edited.jpg 1200w, https:\/\/blog.creamontblanc.org\/wp-content\/uploads\/2022\/10\/Capture-de\u0301cran-2022-09-01-a\u0300-12.36.06-edited-225x300.jpg 225w, https:\/\/blog.creamontblanc.org\/wp-content\/uploads\/2022\/10\/Capture-de\u0301cran-2022-09-01-a\u0300-12.36.06-edited-750x1000.jpg 750w, https:\/\/blog.creamontblanc.org\/wp-content\/uploads\/2022\/10\/Capture-de\u0301cran-2022-09-01-a\u0300-12.36.06-edited-768x1024.jpg 768w, https:\/\/blog.creamontblanc.org\/wp-content\/uploads\/2022\/10\/Capture-de\u0301cran-2022-09-01-a\u0300-12.36.06-edited-1152x1536.jpg 1152w\" sizes=\"auto, (max-width: 1200px) 100vw, 1200px\" \/><\/figure>\n\n\n\n<figure class=\"wp-block-image size-full\"><img decoding=\"async\" data-id=\"3767\" src=\"https:\/\/blog.creamontblanc.org\/wp-content\/uploads\/2022\/10\/20220719_Peclerey2000_creditphoto-Brad-2-edited.jpg\" alt=\"\" class=\"wp-image-3767\"\/><\/figure>\n<figcaption class=\"blocks-gallery-caption wp-element-caption\"><sup>L&rsquo;ensemble des points de relev\u00e9s de v\u00e9g\u00e9tation r\u00e9alis\u00e9s par Amaury et toute l&rsquo;\u00e9quipe  &#8211;  B\u00e9n\u00e9voles en pleine action sur une placette (Pleclerey 2000 \u00a9Brad Z. Carlson)<\/sup><\/figcaption><\/figure>\n\n\n\n<p><br><strong>Un grand merci \u00e0 l&rsquo;\u00e9quipe de cet \u00e9t\u00e9 2022<\/strong>, b\u00e9n\u00e9voles et chercheurs, dont Emilie Lab, Maeva Youf, A\u00eblig Cr\u00e9no, Estelle Solem, Nadine Gex, Sandrine Goulmy, Sebastian Fischbach, Ben Robson, Chiara Quadranti, Elsa \u00d6stlund, Matteo, Pascal Negre, St\u00e9fanie, Ana\u00efs Ramet, Mathieu Vercaemer, Marjorie Bison, Brad Carlson, Gilles Yoccoz, Anne Delestrade et Amaury Berger. Ils ont r\u00e9alis\u00e9 142 placettes* durant leurs 16 jours sur le terrain. Les analyses sont en cours, histoire \u00e0 suivre&#8230;<br><\/p>\n\n\n\n<p><em>* Une placette est \u00e9tudi\u00e9e par un groupe de 3 ou 4 personnes, qui font 80 mesures de hauteur de la canop\u00e9e, 80 d\u00e9terminations du type de sol, et\u00a080 points contacts\u00a0avec la d\u00e9termination des esp\u00e8ces touchant directement le m\u00e8tre. C\u2019est donc un total, pour nos 142 placettes, de\u00a011441\u00a0mesures de hauteur et\u00a0d\u00e9terminations du sol qui ont \u00e9t\u00e9 effectu\u00e9es, et\u00a023166\u00a0plantes reconnues ! <\/em><\/p>\n\n\n\n<figure class=\"wp-block-image size-large is-resized\"><img loading=\"lazy\" decoding=\"async\" src=\"https:\/\/blog.creamontblanc.org\/wp-content\/uploads\/2023\/01\/Capture-de\u0301cran-2023-01-25-a\u0300-14.59.00-1000x165.png\" alt=\"\" class=\"wp-image-4100\" width=\"750\" height=\"124\"\/><\/figure>\n","protected":false},"excerpt":{"rendered":"<p>L\u2019\u00e9t\u00e9 qui vient de s\u2019achever a une nouvelle fois \u00e9t\u00e9 riche pour les sciences participatives au CREA Mont-Blanc. B\u00e9n\u00e9voles, randonneurs ou visiteurs de passage dans les refuges, nous avons largement sollicit\u00e9 diff\u00e9rents publics sur nos terrains d\u2019observation d\u2019altitude pour faire &hellip; <a href=\"https:\/\/blog.creamontblanc.org?p=3686\">Lire la suite\u00ad\u00ad<\/a><\/p>\n","protected":false},"author":21,"featured_media":3746,"comment_status":"open","ping_status":"open","sticky":false,"template":"","format":"standard","meta":{"_monsterinsights_skip_tracking":false,"_monsterinsights_sitenote_active":false,"_monsterinsights_sitenote_note":"","_monsterinsights_sitenote_category":0,"ngg_post_thumbnail":0,"footnotes":""},"categories":[31,5],"tags":[95],"class_list":["post-3686","post","type-post","status-publish","format-standard","has-post-thumbnail","hentry","category-sciences-participatives","category-vie-association","tag-participer"],"aioseo_notices":[],"amp_enabled":true,"_links":{"self":[{"href":"https:\/\/blog.creamontblanc.org\/index.php?rest_route=\/wp\/v2\/posts\/3686","targetHints":{"allow":["GET"]}}],"collection":[{"href":"https:\/\/blog.creamontblanc.org\/index.php?rest_route=\/wp\/v2\/posts"}],"about":[{"href":"https:\/\/blog.creamontblanc.org\/index.php?rest_route=\/wp\/v2\/types\/post"}],"author":[{"embeddable":true,"href":"https:\/\/blog.creamontblanc.org\/index.php?rest_route=\/wp\/v2\/users\/21"}],"replies":[{"embeddable":true,"href":"https:\/\/blog.creamontblanc.org\/index.php?rest_route=%2Fwp%2Fv2%2Fcomments&post=3686"}],"version-history":[{"count":21,"href":"https:\/\/blog.creamontblanc.org\/index.php?rest_route=\/wp\/v2\/posts\/3686\/revisions"}],"predecessor-version":[{"id":4103,"href":"https:\/\/blog.creamontblanc.org\/index.php?rest_route=\/wp\/v2\/posts\/3686\/revisions\/4103"}],"wp:featuredmedia":[{"embeddable":true,"href":"https:\/\/blog.creamontblanc.org\/index.php?rest_route=\/wp\/v2\/media\/3746"}],"wp:attachment":[{"href":"https:\/\/blog.creamontblanc.org\/index.php?rest_route=%2Fwp%2Fv2%2Fmedia&parent=3686"}],"wp:term":[{"taxonomy":"category","embeddable":true,"href":"https:\/\/blog.creamontblanc.org\/index.php?rest_route=%2Fwp%2Fv2%2Fcategories&post=3686"},{"taxonomy":"post_tag","embeddable":true,"href":"https:\/\/blog.creamontblanc.org\/index.php?rest_route=%2Fwp%2Fv2%2Ftags&post=3686"}],"curies":[{"name":"wp","href":"https:\/\/api.w.org\/{rel}","templated":true}]}}