{"id":3621,"date":"2022-10-01T08:07:51","date_gmt":"2022-10-01T07:07:51","guid":{"rendered":"https:\/\/blog.creamontblanc.org?p=3621"},"modified":"2023-01-25T15:10:37","modified_gmt":"2023-01-25T14:10:37","slug":"vers-une-nouvelle-plateforme-de-science-participative-en-montagne","status":"publish","type":"post","link":"https:\/\/blog.creamontblanc.org?p=3621","title":{"rendered":"Vers une nouvelle plateforme de science participative en montagne"},"content":{"rendered":"\n<p><strong>Le CREA Mont-Blanc anime et analyse plusieurs programmes de science participative, dont Ph\u00e9noclim ou encore Wild Mont-Blanc. Devant la multiplicit\u00e9 des programmes que nous proposons ou que nous souhaitons lancer, nous avons d\u00e9cid\u00e9 de cr\u00e9er une seule et m\u00eame interface num\u00e9rique qui sera en ligne au printemps 2023. Cet article d\u00e9crit notre d\u00e9marche de co-construction o\u00f9 nous avons fait collaborer des participants, \u00e9tudiants, professionnels de la montagne, \u00e9ducateurs \u00e0 l\u2019environnement, chercheurs, autres experts. Le processus n\u2019est pas fini et nous cherchons d\u2019ailleurs des \u201ctesteurs\u201d pour le mois d\u2019octobre afin d&rsquo;avoir des retours sur les maquettes.<\/strong><\/p>\n\n\n\n<figure class=\"wp-block-image size-large\"><img loading=\"lazy\" decoding=\"async\" width=\"1000\" height=\"563\" src=\"https:\/\/blog.creamontblanc.org\/wp-content\/uploads\/2022\/09\/PageAccueil_PlateformeWeb_Maquette_3test3-1000x563.png\" alt=\"\" class=\"wp-image-3633\" srcset=\"https:\/\/blog.creamontblanc.org\/wp-content\/uploads\/2022\/09\/PageAccueil_PlateformeWeb_Maquette_3test3-1000x563.png 1000w, https:\/\/blog.creamontblanc.org\/wp-content\/uploads\/2022\/09\/PageAccueil_PlateformeWeb_Maquette_3test3-300x169.png 300w, https:\/\/blog.creamontblanc.org\/wp-content\/uploads\/2022\/09\/PageAccueil_PlateformeWeb_Maquette_3test3-768x432.png 768w, https:\/\/blog.creamontblanc.org\/wp-content\/uploads\/2022\/09\/PageAccueil_PlateformeWeb_Maquette_3test3.png 1500w\" sizes=\"auto, (max-width: 1000px) 100vw, 1000px\" \/><figcaption class=\"wp-element-caption\">Maquette de travail de la page d\u2019accueil de la future plateforme<\/figcaption><\/figure>\n\n\n\n<h2 class=\"wp-block-heading\">Un historique de la science participative au CREA Mont-Blanc<\/h2>\n\n\n\n<p>La science participative fait partie de l\u2019ADN du CREA Mont-Blanc depuis sa cr\u00e9ation en 1996. Le concept de science participative a \u00e9t\u00e9 formalis\u00e9 seulement au milieu des ann\u00e9es 90, en parall\u00e8le par deux chercheurs : Alan Irwin et Rick Bonney. Ce concept englobe une tr\u00e8s grande diversit\u00e9 d\u2019activit\u00e9s o\u00f9 des personnes issues de la soci\u00e9t\u00e9 civile participent par l\u2019observation, seules ou accompagn\u00e9es, \u00e0 un projet scientifique port\u00e9 avec une ou plusieurs structures assurant l&rsquo;animation du projet et son analyse. Notre lien avec cette pratique de science participative est ancien : Anne Delestrade, fondatrice de l\u2019association, invitait d\u00e8s 1988 les habitants de la vall\u00e9e de Chamonix \u00e0 partager leurs observations de chocards bagu\u00e9s. Ce programme est toujours en cours et constitue ainsi l\u2019un des plus longs suivis de populations animales en montagne. La contribution citoyenne \u00e0 la science n\u2019est d\u2019ailleurs pas une pratique r\u00e9cente puisque jusqu\u2019\u00e0 la fin du 19\u00e8me si\u00e8cle les scientifiques \u00e9taient des amateurs (pensons \u00e0 Charles Darwin ou Benjamin Franklin).&nbsp;<\/p>\n\n\n\n<p>Une sp\u00e9cificit\u00e9 du CREA Mont-Blanc dans le monde de la science participative est de porter avec autant d\u2019\u00e9nergie le volet scientifique et le volet animation. Le programme le plus embl\u00e9matique et g\u00e9ographiquement \u00e9tendu du CREA Mont-Blanc est Ph\u00e9noclim. Depuis 2004, notre \u00e9quipe avec le soutien de nombreux partenaires relais concentrent leurs efforts sur ce programme, et la contribution de Ph\u00e9noclim \u00e0 la recherche n\u2019est plus \u00e0 d\u00e9montrer (5 articles scientifiques et 1 th\u00e8se d\u00e9j\u00e0 publi\u00e9s). Cette p\u00e9riode a \u00e9galement \u00e9t\u00e9 ponctu\u00e9e par le lancement de multiples actions de science participative ancr\u00e9es dans le massif du Mont-Blanc (observation d\u2019amphibiens, mesures de v\u00e9g\u00e9tation, ramassage de crottes et de plumes, observations ponctuelles d\u2019animaux et de ph\u00e9nologie v\u00e9g\u00e9tale dans le cadre du projet refuges sentinelles, etc.) ou plus largement (Aux Arbres Citoyens, Wild Mont-Blanc).<\/p>\n\n\n\n<p>Notre d\u00e9fi&nbsp; consiste d\u00e9sormais \u00e0 pr\u00e9senter la diversit\u00e9 de ces programmes aux g\u00e9ographies, sujets, approches tr\u00e8s vari\u00e9s.<\/p>\n\n\n\n<h2 class=\"wp-block-heading\">Une approche collaborative pour repenser la d\u00e9marche de science participative<\/h2>\n\n\n\n<p>En septembre 2021, le CREA Mont-Blanc a constitu\u00e9 un groupe de travail compos\u00e9 de chercheurs (sociologues, \u00e9cologues, \u00e9copsychologues) et praticiens (num\u00e9rique, intelligence collective, tourisme, \u00e9ducation, gestion des communaut\u00e9s). Ces ateliers ont permis de nous interroger sur la mani\u00e8re d&rsquo;int\u00e9resser de nouveaux publics \u00e0 nos programmes, de faire participer \u00e0 davantage d&rsquo;actions, de donner envie de s\u2019investir sur le long terme, de repenser le r\u00f4le de la science participative dans les enjeux de (re)connexion au vivant ou de tourisme plus vertueux.&nbsp;<\/p>\n\n\n\n<p>Pour donner corps \u00e0 ces pistes de travail, nous avons ensuite collabor\u00e9 avec deux \u00e9tablissements du sup\u00e9rieur. D\u2019une part, des \u00e9tudiants en tourisme (Master 2 &#8211; Universit\u00e9 Savoie Mont-Blanc) ont r\u00e9alis\u00e9 des propositions de produits touristiques int\u00e9grant la science participative. D\u2019autre part, les \u00e9tudiants du \u201cDN MADe Num\u00e9rique &#8211; \u00c9cole Sup\u00e9rieure de Design Villefontaine\u201d ont incarn\u00e9 ces pistes de travail sous la forme d\u2019objets physiques et num\u00e9riques. Chaque \u00e9tudiant devait produire deux intentions diff\u00e9rentes. Voici un exemple d\u2019intention d\u2019objet physique et num\u00e9rique.<\/p>\n\n\n\n<figure class=\"wp-block-image size-large\"><img loading=\"lazy\" decoding=\"async\" width=\"1000\" height=\"603\" src=\"https:\/\/blog.creamontblanc.org\/wp-content\/uploads\/2022\/09\/MonPetitMonde_Elisa-1-1000x603.jpg\" alt=\"\" class=\"wp-image-3624\" srcset=\"https:\/\/blog.creamontblanc.org\/wp-content\/uploads\/2022\/09\/MonPetitMonde_Elisa-1-1000x603.jpg 1000w, https:\/\/blog.creamontblanc.org\/wp-content\/uploads\/2022\/09\/MonPetitMonde_Elisa-1-300x181.jpg 300w, https:\/\/blog.creamontblanc.org\/wp-content\/uploads\/2022\/09\/MonPetitMonde_Elisa-1-768x463.jpg 768w, https:\/\/blog.creamontblanc.org\/wp-content\/uploads\/2022\/09\/MonPetitMonde_Elisa-1-1536x926.jpg 1536w, https:\/\/blog.creamontblanc.org\/wp-content\/uploads\/2022\/09\/MonPetitMonde_Elisa-1.jpg 1698w\" sizes=\"auto, (max-width: 1000px) 100vw, 1000px\" \/><figcaption class=\"wp-element-caption\">L\u2019intention de Elisa Fiorsalisi, \u00e9tudiante : une vue personnelle, connect\u00e9e et actualis\u00e9e des arbres ou autres lieux d\u2019observation de chaque participant. Cette <a href=\"https:\/\/www.youtube.com\/watch?v=rKfqBtsxP4U\">vid\u00e9o<\/a> explicite sa d\u00e9marche.<\/figcaption><\/figure>\n\n\n\n<p><\/p>\n\n\n\n<figure class=\"wp-block-image size-full\"><img loading=\"lazy\" decoding=\"async\" width=\"591\" height=\"443\" src=\"https:\/\/blog.creamontblanc.org\/wp-content\/uploads\/2022\/09\/Intention_Isaure3.png\" alt=\"\" class=\"wp-image-3626\" srcset=\"https:\/\/blog.creamontblanc.org\/wp-content\/uploads\/2022\/09\/Intention_Isaure3.png 591w, https:\/\/blog.creamontblanc.org\/wp-content\/uploads\/2022\/09\/Intention_Isaure3-300x225.png 300w\" sizes=\"auto, (max-width: 591px) 100vw, 591px\" \/><figcaption class=\"wp-element-caption\">L\u2019intention de Isaure Jorrand, \u00e9tudiante : une m\u00e9thode pour contribuer au protocole refuges sentinelles avec l\u2019aide d\u2019une carte \u00e0 d\u00e9couper. Cette <a href=\"https:\/\/youtu.be\/f5Z330acmdw\">vid\u00e9o<\/a> explicite sa d\u00e9marche.<\/figcaption><\/figure>\n\n\n\n<p>En parall\u00e8le de ce travail, le CREA Mont-Blanc a men\u00e9 des enqu\u00eates aupr\u00e8s de tous les participants actuels \u00e0 Ph\u00e9noclim, mais aussi plus largement aupr\u00e8s de participants potentiels.&nbsp;<\/p>\n\n\n\n<p>L\u2019objectif de ces enqu\u00eates \u00e9tait de conna\u00eetre vos envies, id\u00e9es, exp\u00e9riences, attentes, craintes, freins pour s\u2019assurer que la d\u00e9marche propos\u00e9e \u00e9tait en ad\u00e9quation avec leur attentes. L\u2019analyse de ces enqu\u00eates est pr\u00e9sent\u00e9e dans l\u2019article \u00ab\u00a0Un \u00e9t\u00e9 d&rsquo;enqu\u00eate au CREA Mont-BLanc\u00a0\u00bb.<\/p>\n\n\n\n<p>Gr\u00e2ce \u00e0 ce processus collaboratif, qui fait partie de notre ADN au m\u00eame titre que l\u2019approche participative, nous avons d\u00e9fini les contours d\u2019une future plateforme qui r\u00e9pond \u00e0 la fois aux objectifs scientifiques et d\u2019impact que le CREA Mont-Blanc s\u2019est fix\u00e9s, mais aussi aux attentes des participants. Cette plateforme est financ\u00e9e par les fonds europ\u00e9ens FEDER-Alcotra sur la programmation 2014-2020, dans le cadre du projet TourScience Plus.<\/p>\n\n\n\n<figure class=\"wp-block-image size-large\"><img loading=\"lazy\" decoding=\"async\" width=\"1000\" height=\"200\" src=\"http:\/\/blog.creamontblanc.org\/wp-content\/uploads\/2022\/07\/Bandeau_logos_OK-1000x200.jpg\" alt=\"\" class=\"wp-image-3577\" srcset=\"https:\/\/blog.creamontblanc.org\/wp-content\/uploads\/2022\/07\/Bandeau_logos_OK-1000x200.jpg 1000w, https:\/\/blog.creamontblanc.org\/wp-content\/uploads\/2022\/07\/Bandeau_logos_OK-300x60.jpg 300w, https:\/\/blog.creamontblanc.org\/wp-content\/uploads\/2022\/07\/Bandeau_logos_OK-768x154.jpg 768w, https:\/\/blog.creamontblanc.org\/wp-content\/uploads\/2022\/07\/Bandeau_logos_OK.jpg 1500w\" sizes=\"auto, (max-width: 1000px) 100vw, 1000px\" \/><\/figure>\n\n\n\n<h2 class=\"wp-block-heading\">Que contiendra et permettra cette plateforme ?<\/h2>\n\n\n\n<p>Pour la r\u00e9alisation de la plateforme, nous allons poursuivre les d\u00e9veloppements initi\u00e9s pour le programme Ph\u00e9noclim en septembre 2021 gr\u00e2ce \u00e0 l\u2019outil open source (GeoNature Citizen). Cette nouvelle plateforme, dont le nom est encore \u00e0 d\u00e9finir, sera en ligne en mars 2023.<\/p>\n\n\n\n<p>A cette date, la plateforme h\u00e9bergera les programmes suivants : Ph\u00e9noclim, Wild Mont-Blanc, Aux Arbres Citoyens, Ecologie Verticale, le suivi des chocards bagu\u00e9s, d\u2019amphibiens et de zones humides, d\u2019esp\u00e8ces sensibles, de l\u2019enneigement. D\u2019autres programmes du CREA Mont-Blanc ou de partenaires compl\u00e9teront cette liste dans les ann\u00e9es \u00e0 venir.<\/p>\n\n\n\n<p>Voici les nouvelles fonctionnalit\u00e9s sp\u00e9cifiques \u00e0 Ph\u00e9noclim\u2026<\/p>\n\n\n\n<ul class=\"wp-block-list\">\n<li>saisir plusieurs observations en une seule fois (=saisie multiple)<\/li>\n\n\n\n<li>visualiser plus facilement l\u2019historique de ses arbres lors de l\u2019ajout d\u2019une nouvelle observation<\/li>\n\n\n\n<li>\u00e9diter automatiquement des affichettes pour chaque arbre, afin de mieux les identifier sur le terrain<\/li>\n\n\n\n<li>g\u00e9rer soi-m\u00eame l\u2019ajout d\u2019observateurs aux arbres<\/li>\n<\/ul>\n\n\n\n<p>\u2026 et celles qui concernent l\u2019ensemble des programmes (dont Ph\u00e9noclim) :&nbsp;<\/p>\n\n\n\n<ul class=\"wp-block-list\">\n<li>visualiser avec une carte, l\u2019ensemble des actions de science participative auxquelles il est possible de contribuer autour de soi<\/li>\n\n\n\n<li>voir l\u2019ensemble des \u00e9v\u00e8nements et sorties autour de soi, et en proposer<\/li>\n\n\n\n<li>utiliser avec fluidit\u00e9 cette plateforme que ce soit avec un smartphone sur le terrain ou avec un ordinateur \u00e0 la maison, si possible en hors ligne (nous y travaillons)<\/li>\n\n\n\n<li>visualiser instantan\u00e9ment les contributions de la communaut\u00e9 d&rsquo;observateurs<\/li>\n\n\n\n<li>recevoir des notifications compl\u00e8tement param\u00e9trables. Pour Ph\u00e9noclim, ces notifications permettront par exemple d\u2019indiquer la p\u00e9riode o\u00f9 il fait sens de commencer \u00e0 observer ses arbres<\/li>\n\n\n\n<li>avoir un ensemble d\u2019activit\u00e9s sugg\u00e9r\u00e9es pour animer\/introduire un programme sur le terrain en utilisant la vue (\u00e9videmment), le toucher, l\u2019ou\u00efe, et si possible l\u2019odorat et le go\u00fbt<\/li>\n\n\n\n<li>consulter les diff\u00e9rents r\u00e9sultats et actualit\u00e9s scientifiques associ\u00e9s \u00e0 chaque programme<\/li>\n\n\n\n<li>s\u2019entraider gr\u00e2ce \u00e0 un espace d\u2019\u00e9change, \u00e9ventuellement coupl\u00e9 avec une application de discussion<\/li>\n\n\n\n<li>aider d\u2019autres participants en validant \u00e0 plusieurs des observations de la faune et de la flore<\/li>\n\n\n\n<li>parcourir le site web en fran\u00e7ais, anglais, italien, et bient\u00f4t espagnol et catalan<\/li>\n<\/ul>\n\n\n\n<p>Cet article suscitera peut-\u00eatre des questions, remarques ou suggestions. Nous les accueillons avec grand int\u00e9r\u00eat \u00e0 l\u2019adresse suivante : <a href=\"mailto:phenoclim@creamontblanc.org\">phenoclim@creamontblanc.org<\/a>&nbsp;<\/p>\n\n\n\n<p>A partir du mois d\u2019octobre, nous rentrerons dans la phase o\u00f9 nous soumettrons les maquettes de la future plateforme \u00e0 des participants actuels \u00e0 Ph\u00e9noclim mais aussi \u00e0 des personnes plus \u00e9loign\u00e9es de la science participative. Cela prendra vraisemblablement la forme d\u2019\u00e9changes d\u2019environ 30 minutes en pr\u00e9sentiel ou en visio. Si vous souhaitez contribuer, n\u2019h\u00e9sitez pas \u00e0 nous contacter \u00e0 l\u2019adresse mail ci-dessus.<\/p>\n\n\n\n<figure class=\"wp-block-image size-large is-resized\"><img loading=\"lazy\" decoding=\"async\" src=\"https:\/\/blog.creamontblanc.org\/wp-content\/uploads\/2023\/01\/Capture-de\u0301cran-2023-01-25-a\u0300-14.59.00-2-1000x165.png\" alt=\"\" class=\"wp-image-4108\" width=\"750\" height=\"124\"\/><\/figure>\n","protected":false},"excerpt":{"rendered":"<p>Le CREA Mont-Blanc anime et analyse plusieurs programmes de science participative, dont Ph\u00e9noclim ou encore Wild Mont-Blanc. Devant la multiplicit\u00e9 des programmes que nous proposons ou que nous souhaitons lancer, nous avons d\u00e9cid\u00e9 de cr\u00e9er une seule et m\u00eame interface &hellip; <a href=\"https:\/\/blog.creamontblanc.org?p=3621\">Lire la suite\u00ad\u00ad<\/a><\/p>\n","protected":false},"author":12,"featured_media":3633,"comment_status":"open","ping_status":"open","sticky":false,"template":"","format":"standard","meta":{"_monsterinsights_skip_tracking":false,"_monsterinsights_sitenote_active":false,"_monsterinsights_sitenote_note":"","_monsterinsights_sitenote_category":0,"ngg_post_thumbnail":0,"footnotes":""},"categories":[31],"tags":[46,188],"class_list":["post-3621","post","type-post","status-publish","format-standard","has-post-thumbnail","hentry","category-sciences-participatives","tag-phenoclim","tag-wild-mont-blanc"],"aioseo_notices":[],"amp_enabled":true,"_links":{"self":[{"href":"https:\/\/blog.creamontblanc.org\/index.php?rest_route=\/wp\/v2\/posts\/3621","targetHints":{"allow":["GET"]}}],"collection":[{"href":"https:\/\/blog.creamontblanc.org\/index.php?rest_route=\/wp\/v2\/posts"}],"about":[{"href":"https:\/\/blog.creamontblanc.org\/index.php?rest_route=\/wp\/v2\/types\/post"}],"author":[{"embeddable":true,"href":"https:\/\/blog.creamontblanc.org\/index.php?rest_route=\/wp\/v2\/users\/12"}],"replies":[{"embeddable":true,"href":"https:\/\/blog.creamontblanc.org\/index.php?rest_route=%2Fwp%2Fv2%2Fcomments&post=3621"}],"version-history":[{"count":13,"href":"https:\/\/blog.creamontblanc.org\/index.php?rest_route=\/wp\/v2\/posts\/3621\/revisions"}],"predecessor-version":[{"id":4111,"href":"https:\/\/blog.creamontblanc.org\/index.php?rest_route=\/wp\/v2\/posts\/3621\/revisions\/4111"}],"wp:featuredmedia":[{"embeddable":true,"href":"https:\/\/blog.creamontblanc.org\/index.php?rest_route=\/wp\/v2\/media\/3633"}],"wp:attachment":[{"href":"https:\/\/blog.creamontblanc.org\/index.php?rest_route=%2Fwp%2Fv2%2Fmedia&parent=3621"}],"wp:term":[{"taxonomy":"category","embeddable":true,"href":"https:\/\/blog.creamontblanc.org\/index.php?rest_route=%2Fwp%2Fv2%2Fcategories&post=3621"},{"taxonomy":"post_tag","embeddable":true,"href":"https:\/\/blog.creamontblanc.org\/index.php?rest_route=%2Fwp%2Fv2%2Ftags&post=3621"}],"curies":[{"name":"wp","href":"https:\/\/api.w.org\/{rel}","templated":true}]}}