{"id":362,"date":"2016-10-11T11:04:22","date_gmt":"2016-10-11T10:04:22","guid":{"rendered":"http:\/\/blog.creamontblanc.org\/?p=362"},"modified":"2022-12-12T11:42:05","modified_gmt":"2022-12-12T10:42:05","slug":"atelier-le-numerique-a-la-rencontre-de-la-nature","status":"publish","type":"post","link":"https:\/\/blog.creamontblanc.org?p=362","title":{"rendered":"Atelier \u00ab\u00a0Le num\u00e9rique \u00e0 la rencontre de la nature\u00a0\u00bb"},"content":{"rendered":"<p><strong>Le jeudi 27 octobre 2016 aura lieu \u00e0 Chamonix un atelier de r\u00e9flexion pour les professionnels \u00ab\u00a0Le num\u00e9rique \u00e0 la rencontre de la nature\u00a0\u00bb pour \u00e9changer sur l\u2019influence des technologies num\u00e9riques sur la recherche et la diffusion des sciences de la nature.<\/strong><\/p>\n<p><!--more--><\/p>\n<p>&nbsp;<\/p>\n<figure id=\"attachment_368\" class=\"thumbnail wp-caption aligncenter\" style=\"width: 1000px\"><a href=\"http:\/\/blog.creamontblanc.org\/atelier-le-numerique-a-la-rencontre-de-la-nature\/courmayeur_roman_boed_cc\/\" rel=\"attachment wp-att-368\"><img loading=\"lazy\" decoding=\"async\" class=\"size-full wp-image-368\" src=\"http:\/\/blog.creamontblanc.org\/wp-content\/uploads\/2016\/10\/Courmayeur_Roman_Boed_cc.jpg\" alt=\"Vall\u00e9e d'Aoste, c\u00f4t\u00e9 italien du Mont-Blanc \u00a9 Roman Boed (cc) \" width=\"1000\" height=\"500\" srcset=\"https:\/\/blog.creamontblanc.org\/wp-content\/uploads\/2016\/10\/Courmayeur_Roman_Boed_cc.jpg 1000w, https:\/\/blog.creamontblanc.org\/wp-content\/uploads\/2016\/10\/Courmayeur_Roman_Boed_cc-300x150.jpg 300w, https:\/\/blog.creamontblanc.org\/wp-content\/uploads\/2016\/10\/Courmayeur_Roman_Boed_cc-768x384.jpg 768w\" sizes=\"auto, (max-width: 1000px) 100vw, 1000px\" \/><\/a><figcaption class=\"caption wp-caption-text\"><em>Courmayeur, Vall\u00e9e d&rsquo;Aoste, c\u00f4t\u00e9 italien du Mont-Blanc \u00a9 <a href=\"http:\/\/www.travelmag.com\/\" target=\"_blank\" rel=\"noopener\">Roman Boed<\/a> (cc)<\/em><\/figcaption><\/figure>\n<p>&nbsp;<\/p>\n<p>Comment les avanc\u00e9es du num\u00e9rique peuvent-elles nous aider \u00e0 mesurer, visualiser et comprendre la nature\u00a0? Des professionnels du num\u00e9riques, de la nature et de la culture scientifique vont \u00e9changer l&rsquo;apr\u00e8s-midi du jeudi 27 octobre sur la th\u00e9matique pour \u00e9valuer les perspectives de dialogue entre ces deux univers et construire les projets de demain.<\/p>\n<p><strong>Un tour d&rsquo;horizon des \u00e9volutions du num\u00e9rique<\/strong><\/p>\n<p>L\u2019atelier de r\u00e9flexion sera organis\u00e9 en trois grandes parties. Apr\u00e8s une mini-conf\u00e9rence et des exemples document\u00e9s de technologies en d\u00e9veloppement sur chacune d&rsquo;entre-elles, les diff\u00e9rents intervenants d\u00e9velopperont les probl\u00e9matiques ensemble et avec la salle.<\/p>\n<ul>\n<li>\u00a0Donn\u00e9es et intelligence artificielle<\/li>\n<\/ul>\n<p>Quelles sont les nouvelles technologies num\u00e9riques qui vont r\u00e9volutionner la gestion et l\u2019utilisation des donn\u00e9es massives ? En quoi l&rsquo;intelligence artificielle joue un r\u00f4le cl\u00e9 dans l&rsquo;analyse des donn\u00e9es et va changer profond\u00e9ment la plupart des activit\u00e9s humaines\u00a0? Comment s\u2019approprier ces technologies dans des perspectives de recherche, de diffusion des connaissances et d\u2019\u00e9ducation ?<\/p>\n<ul>\n<li>Cognitif et monde des objets<\/li>\n<\/ul>\n<p>Comment des \u00ab r\u00e9seaux informatiques de neurones \u00bb sont capables d&rsquo;apprentissage pour reconnaitre et trier des donn\u00e9es et images ? Quelle r\u00e9volution et quelles utilisations pour la recherche, l&rsquo;\u00e9ducation et les territoires ?<\/p>\n<ul>\n<li>Interface utilisateur<\/li>\n<\/ul>\n<p>En quoi le d\u00e9veloppement de l\u2019intelligence artificielle dans notre quotidien r\u00e9volutionne la mani\u00e8re d&rsquo;interagir avec les utilisateurs\u00a0? Quelles sont les \u00e9volutions des interfaces utilisateurs\u00a0? Pourquoi la maxime \u00ab\u00a0un dessin vaut mieux qu&rsquo;un long discours\u00a0\u00bb est plus que jamais d&rsquo;actualit\u00e9\u00a0? Comment les travaux de recherche fondamentale sur le sujet permettent de d\u00e9velopper des technologies d\u2019interactions innovantes entre la machine et le public ?<\/p>\n<p><strong>Les intervenants<br \/>\n<\/strong><\/p>\n<p>L\u2019atelier de r\u00e9flexion aura lieu en pr\u00e9sence d\u2019une dizaine de professionnels de domaines vari\u00e9s mais n\u00e9anmoins compl\u00e9mentaires. L&rsquo;entr\u00e9e est libre pour qui veut assister aux \u00e9changes.<\/p>\n<p><strong>Philippe Bournhonesque<\/strong>, Directeur technique d\u2019IBM France<\/p>\n<p><strong>Anne Delestrade<\/strong>, \u00e9cologue, directrice et fondatrice du CREA Mont-Blanc<\/p>\n<p><strong>Pierre Thorel<\/strong>, Directeur exp\u00e9rience utilisateur aux Orange Labs de Grenoble<\/p>\n<p><strong>Yves-Marie Maquet<\/strong>, \u00e9diteur, m\u00e9t\u00e9orologue de <a href=\"http:\/\/chamonix-meteo.com\" target=\"_blank\" rel=\"noopener\">Chamonix-m\u00e9t\u00e9o<\/a><\/p>\n<p><strong>Christophe Randin<\/strong>, \u00e9cologue et conservateur au <a href=\"http:\/\/www.musees.vd.ch\/de\/musee-et-jardins-botaniques\/musee-et-jardins-botaniques-cantonaux\/\" target=\"_blank\" rel=\"noopener\">Mus\u00e9e et jardins botaniques cantonaux \u00e0 Lausanne<\/a>.<\/p>\n<p><strong>Emeline Benz<\/strong>, animatrice du <a href=\"http:\/\/www.naturefrance.fr\/sciences-participatives\/le-collectif-national-sciences-participatives-biodiversite\" target=\"_blank\" rel=\"noopener\">Collectif national Sciences participatives biodiversit\u00e9<\/a>, Fondation Nicolas Hulot<\/p>\n<p><strong>Jean-Fran\u00e7ois Cerisier<\/strong>, Professeur en Science de l\u2019information et de la communication, directeur du <a href=\"http:\/\/techne.labo.univ-poitiers.fr\/\" target=\"_blank\" rel=\"noopener\">laboratoire TECHNE<\/a> Technologies num\u00e9riques pour l\u2019\u00e9ducation.<\/p>\n<p><strong>Marion Sabourdy<\/strong>, responsable \u00e9ditoriale d&rsquo;<a href=\"http:\/\/www.echosciences-grenoble.fr\/\" target=\"_blank\" rel=\"noopener\">Echoscience Grenoble<\/a> et <strong>Pascal Moutet<\/strong>, chef de projet web, <a href=\"http:\/\/lacasemate.fr\/\" target=\"_blank\" rel=\"noopener\">La Casemate<\/a> Grenoble<\/p>\n<p><strong>Camille Monchicourt<\/strong>, g\u00e9omaticien, chef du p\u00f4le Syst\u00e8mes d&rsquo;informations au <a href=\"http:\/\/www.ecrins-parcnational.fr\/\" target=\"_blank\" rel=\"noopener\">Parc national des \u00c9crins<\/a><\/p>\n<p><strong>C\u00e9dric Dentant<\/strong>, botaniste au <a href=\"http:\/\/www.ecrins-parcnational.fr\/\" target=\"_blank\" rel=\"noopener\">Parc national des \u00c9crins<\/a><\/p>\n<p><strong>Adrien Oleszkiewicz<\/strong>, Green Map Suisse, <a href=\"http:\/\/earthfocusfoundation.org\/\">Fondation Earth Focus<\/a><\/p>\n<p><strong>Nicola Spafford Furey<\/strong>, Vice-pr\u00e9sidente de la <a href=\"http:\/\/earthfocusfoundation.org\/\">Fondation Earth Focus<\/a>, Gen\u00e8ve<\/p>\n<p><strong>Nathalie Cayla<\/strong>, g\u00e9ologue et charg\u00e9e de valorisation des patrimoines g\u00e9ologique au laboratoire<a href=\"http:\/\/edytem.univ-smb.fr\/\" target=\"_blank\" rel=\"noopener\"> EDYTEM<\/a> Universit\u00e9 de Savoie, Chamb\u00e9ry<\/p>\n<p>Mais aussi, \u00e0 distance par visioconf\u00e9rence, <strong>Nigel Gilles Yoccoz<\/strong>, biostatisticien et Pr\u00e9sident du CREA Mont-Blanc, Professeur \u00e0 l&rsquo;Universit\u00e9 arctique de Norv\u00e8ge \u00e0 Troms\u00d8.<\/p>\n<p>&nbsp;<\/p>\n<p>R\u00e9daction : Charlotte Mader<\/p>\n<hr \/>\n<p>&nbsp;<\/p>\n<p style=\"text-align: center;\"><strong>Atelier de r\u00e9flexion \u00ab\u00a0Le num\u00e9rique \u00e0 la rencontre de la nature\u00a0\u00bb<\/strong><\/p>\n<p style=\"text-align: center;\"><strong>Le jeudi 27 octobre 2016 de 14h30 \u00e0 17h30 <\/strong><\/p>\n<p style=\"text-align: center;\"><strong>au Majestic, centre des congr\u00e8s \u00e0 Chamonix<\/strong><\/p>\n<p style=\"text-align: center;\"><strong>COMPLET<\/strong><\/p>\n<hr \/>\n<p><strong>Pour en savoir plus<\/strong><\/p>\n<p>Pour s&rsquo;inscrire en tant que professionnel et participant actif, contactez-nous par mail \u00e0 l&rsquo;adresse contact @ creamontblanc.org &#8211; COMPLET<\/p>\n<p>L&rsquo;atelier est ouvert au public, l&rsquo;entr\u00e9e est gratuite sur inscription pour toute personne souhaitant assister aux \u00e9changes &#8211; COMPLET<\/p>\n<p>&nbsp;<\/p>\n<p>&nbsp;<\/p>\n<p>&nbsp;<\/p>\n<p>&nbsp;<\/p>\n<p>&nbsp;<\/p>\n<p>&nbsp;<\/p>\n<p>&nbsp;<\/p>\n<p>&nbsp;<\/p>\n","protected":false},"excerpt":{"rendered":"<p>Le jeudi 27 octobre 2016 aura lieu \u00e0 Chamonix un atelier de r\u00e9flexion pour les professionnels \u00ab\u00a0Le num\u00e9rique \u00e0 la rencontre de la nature\u00a0\u00bb pour \u00e9changer sur l\u2019influence des technologies num\u00e9riques sur la recherche et la diffusion des sciences de &hellip; <a href=\"https:\/\/blog.creamontblanc.org?p=362\">Lire la suite\u00ad\u00ad<\/a><\/p>\n","protected":false},"author":5,"featured_media":368,"comment_status":"open","ping_status":"open","sticky":false,"template":"","format":"standard","meta":{"_monsterinsights_skip_tracking":false,"_monsterinsights_sitenote_active":false,"_monsterinsights_sitenote_note":"","_monsterinsights_sitenote_category":0,"ngg_post_thumbnail":0,"footnotes":""},"categories":[258],"tags":[11,55],"class_list":["post-362","post","type-post","status-publish","format-standard","has-post-thumbnail","hentry","category-actus-passees","tag-evenement","tag-numerique"],"aioseo_notices":[],"amp_enabled":true,"_links":{"self":[{"href":"https:\/\/blog.creamontblanc.org\/index.php?rest_route=\/wp\/v2\/posts\/362","targetHints":{"allow":["GET"]}}],"collection":[{"href":"https:\/\/blog.creamontblanc.org\/index.php?rest_route=\/wp\/v2\/posts"}],"about":[{"href":"https:\/\/blog.creamontblanc.org\/index.php?rest_route=\/wp\/v2\/types\/post"}],"author":[{"embeddable":true,"href":"https:\/\/blog.creamontblanc.org\/index.php?rest_route=\/wp\/v2\/users\/5"}],"replies":[{"embeddable":true,"href":"https:\/\/blog.creamontblanc.org\/index.php?rest_route=%2Fwp%2Fv2%2Fcomments&post=362"}],"version-history":[{"count":18,"href":"https:\/\/blog.creamontblanc.org\/index.php?rest_route=\/wp\/v2\/posts\/362\/revisions"}],"predecessor-version":[{"id":3823,"href":"https:\/\/blog.creamontblanc.org\/index.php?rest_route=\/wp\/v2\/posts\/362\/revisions\/3823"}],"wp:featuredmedia":[{"embeddable":true,"href":"https:\/\/blog.creamontblanc.org\/index.php?rest_route=\/wp\/v2\/media\/368"}],"wp:attachment":[{"href":"https:\/\/blog.creamontblanc.org\/index.php?rest_route=%2Fwp%2Fv2%2Fmedia&parent=362"}],"wp:term":[{"taxonomy":"category","embeddable":true,"href":"https:\/\/blog.creamontblanc.org\/index.php?rest_route=%2Fwp%2Fv2%2Fcategories&post=362"},{"taxonomy":"post_tag","embeddable":true,"href":"https:\/\/blog.creamontblanc.org\/index.php?rest_route=%2Fwp%2Fv2%2Ftags&post=362"}],"curies":[{"name":"wp","href":"https:\/\/api.w.org\/{rel}","templated":true}]}}