{"id":360,"date":"2016-10-06T15:16:35","date_gmt":"2016-10-06T14:16:35","guid":{"rendered":"http:\/\/blog.creamontblanc.org\/?p=360"},"modified":"2022-11-09T11:22:45","modified_gmt":"2022-11-09T10:22:45","slug":"climat-septembre-rouge-a-chamonix","status":"publish","type":"post","link":"https:\/\/blog.creamontblanc.org?p=360","title":{"rendered":"Climat : septembre rouge \u00e0 Chamonix"},"content":{"rendered":"<p><strong>Le mois de septembre 2016 a \u00e9t\u00e9 particuli\u00e8rement doux dans la vall\u00e9e de Chamonix, avec des temp\u00e9ratures moyennes sup\u00e9rieures de 2,4\u00b0C \u00e0 la normale. Pour aller plus loin, Geoffrey Klein, climatologue en th\u00e8se \u00e0 l&rsquo;Universit\u00e9 de Neuch\u00e2tel et charg\u00e9 d&rsquo;\u00e9tude sur les donn\u00e9es climatiques au CREA Mont-Blanc d\u00e9cortique cette moyenne.<\/strong><\/p>\n<p><!--more--><\/p>\n<figure id=\"attachment_371\" class=\"thumbnail wp-caption aligncenter\" style=\"width: 2272px\"><a href=\"http:\/\/blog.creamontblanc.org\/climat-septembre-rouge-a-chamonix\/station_loriaz_creamontblanc\/\" rel=\"attachment wp-att-371\"><img loading=\"lazy\" decoding=\"async\" class=\"size-full wp-image-371\" src=\"http:\/\/blog.creamontblanc.org\/wp-content\/uploads\/2016\/10\/station_Loriaz_CREAMontBlanc.jpg\" alt=\"Station de mesure des temp\u00e9ratures Ph\u00e9noclim \u00e0 Loriaz \u00a9 CREA Mont-Blanc\" width=\"2272\" height=\"1136\" srcset=\"https:\/\/blog.creamontblanc.org\/wp-content\/uploads\/2016\/10\/station_Loriaz_CREAMontBlanc.jpg 2272w, https:\/\/blog.creamontblanc.org\/wp-content\/uploads\/2016\/10\/station_Loriaz_CREAMontBlanc-300x150.jpg 300w, https:\/\/blog.creamontblanc.org\/wp-content\/uploads\/2016\/10\/station_Loriaz_CREAMontBlanc-768x384.jpg 768w, https:\/\/blog.creamontblanc.org\/wp-content\/uploads\/2016\/10\/station_Loriaz_CREAMontBlanc-1024x512.jpg 1024w\" sizes=\"auto, (max-width: 2272px) 100vw, 2272px\" \/><\/a><figcaption class=\"caption wp-caption-text\"><em>Station de mesure de temp\u00e9rature Ph\u00e9noclim \u00e0 Loriaz \u00a9 CREA Mont-Blanc<\/em><\/figcaption><\/figure>\n<p>&nbsp;<\/p>\n<p>Avant un bilan climatique complet du mois de septembre \u00e0 partir des donn\u00e9es des stations de mesure du CREA Mont-Blanc, faisons un rapide tour des donn\u00e9es m\u00e9t\u00e9o publiques. Avec une moyenne de 14.9\u00b0C, les temp\u00e9ratures du mois de septembre \u00e0 Chamonix ont \u00e9t\u00e9 sup\u00e9rieures de 2.4\u00b0C par rapport \u00e0 la moyenne des mois de septembre sur la p\u00e9riode 1981-2010. Si ce \u00ab +2,4\u00b0C \u00bb nous indique un r\u00e9chauffement dans la vall\u00e9e, les chiffres peuvent nous dire bien d\u2019autres choses.<\/p>\n<p><strong>Les temp\u00e9ratures maximales et minimales journali\u00e8res<\/strong><\/p>\n<p>Les temp\u00e9ratures maximales journali\u00e8res, c\u2019est-\u00e0-dire le pic de temp\u00e9rature habituellement atteint en milieu d&rsquo;apr\u00e8s-midi, ont \u00e9t\u00e9 de 21.9\u00b0C contre 19.1\u00b0C en moyenne, soit +2.8\u00b0C d&rsquo;exc\u00e9dent. Pour les temp\u00e9ratures minimales, observ\u00e9es le plus souvent en d\u00e9but de matin\u00e9e juste avant le lever du soleil, l&rsquo;\u00e9cart est un peu plus faible bien que lui aussi tr\u00e8s marqu\u00e9 : 7.9\u00b0C en moyenne contre 6.0\u00b0C sur la p\u00e9riode 1981-2010, soit +1.9\u00b0C d&rsquo;exc\u00e9dent.<\/p>\n<p><strong>Le nombre de jours tr\u00e8s chauds<\/strong><\/p>\n<p>Plus de 12 jours, dont 8 jours cons\u00e9cutifs, ont connu une maximale sup\u00e9rieure \u00e0 25\u00b0C l&rsquo;apr\u00e8s-midi, ce qui est 4.5 fois sup\u00e9rieur \u00e0 la normale, qui est de 2.7 jours en moyenne. C\u2019est un fait remarquable concernant les temp\u00e9ratures maximales journali\u00e8res.<\/p>\n<p><strong>Les gel\u00e9es matinales<\/strong><\/p>\n<p>Aucune gel\u00e9e matinale n&rsquo;a \u00e9t\u00e9 observ\u00e9e durant le mois de septembre 2016 \u00e0 Chamonix, alors qu&rsquo;on observait en moyenne 1.2 jours de gel\u00e9es au mois de septembre sur la p\u00e9riode 1981-2010.<\/p>\n<p><strong>Les pr\u00e9cipitations<\/strong><\/p>\n<p>Concernant les pr\u00e9cipitations, le mois de septembre 2016 a \u00e9t\u00e9 dans l&rsquo;ensemble plut\u00f4t sec, affichant un d\u00e9ficit de 30% par rapport \u00e0 la moyenne 1981-2010. 71 mm d&rsquo;eau sont tomb\u00e9s contre 102 mm en moyenne.<\/p>\n<p>&nbsp;<\/p>\n<p>R\u00e9daction : Geoffrey Klein<\/p>\n<hr \/>\n<p><strong>Sources<\/strong><\/p>\n<p>Les donn\u00e9es du mois de septembre viennent du site <a href=\"http:\/\/www.meteociel.fr\/climatologie\/villes.php?code=7469&amp;mois=9&amp;annee=2016\" target=\"_blank\" rel=\"noopener\">M\u00e9t\u00e9ociel<\/a><\/p>\n<p>Les normes climatiques sont tir\u00e9es du site <a href=\"http:\/\/www.lameteo.org\/index.php\/climatologie\/1592-normales-climatiques-1981-2010-chamomix\" target=\"_blank\" rel=\"noopener\">Lam\u00e9t\u00e9o<\/a><\/p>\n<p><strong>\u00c0 d\u00e9couvrir \u00e9galement<\/strong><\/p>\n<p>Le <a href=\"http:\/\/www.mdp73.fr\/index.php?option=com_docman&amp;task=doc_download&amp;gid=481\" target=\"_blank\" rel=\"noopener\">Bilan climatique de l&rsquo;\u00e9t\u00e9 2016<\/a> de l&rsquo;<a href=\"http:\/\/www.mdp73.fr\/index.php?option=com_content&amp;task=view&amp;id=89&amp;Itemid=37\" target=\"_blank\" rel=\"noopener\">Observatoire du changement climatique <\/a>par Christophe Chaix<\/p>\n<p>&nbsp;<\/p>\n","protected":false},"excerpt":{"rendered":"<p>Le mois de septembre 2016 a \u00e9t\u00e9 particuli\u00e8rement doux dans la vall\u00e9e de Chamonix, avec des temp\u00e9ratures moyennes sup\u00e9rieures de 2,4\u00b0C \u00e0 la normale. Pour aller plus loin, Geoffrey Klein, climatologue en th\u00e8se \u00e0 l&rsquo;Universit\u00e9 de Neuch\u00e2tel et charg\u00e9 d&rsquo;\u00e9tude &hellip; <a href=\"https:\/\/blog.creamontblanc.org?p=360\">Lire la suite\u00ad\u00ad<\/a><\/p>\n","protected":false},"author":5,"featured_media":371,"comment_status":"open","ping_status":"open","sticky":false,"template":"","format":"standard","meta":{"_monsterinsights_skip_tracking":false,"_monsterinsights_sitenote_active":false,"_monsterinsights_sitenote_note":"","_monsterinsights_sitenote_category":0,"ngg_post_thumbnail":0,"footnotes":""},"categories":[194],"tags":[10,201],"class_list":["post-360","post","type-post","status-publish","format-standard","has-post-thumbnail","hentry","category-la-recherche","tag-climat","tag-temperatures"],"aioseo_notices":[],"amp_enabled":true,"_links":{"self":[{"href":"https:\/\/blog.creamontblanc.org\/index.php?rest_route=\/wp\/v2\/posts\/360","targetHints":{"allow":["GET"]}}],"collection":[{"href":"https:\/\/blog.creamontblanc.org\/index.php?rest_route=\/wp\/v2\/posts"}],"about":[{"href":"https:\/\/blog.creamontblanc.org\/index.php?rest_route=\/wp\/v2\/types\/post"}],"author":[{"embeddable":true,"href":"https:\/\/blog.creamontblanc.org\/index.php?rest_route=\/wp\/v2\/users\/5"}],"replies":[{"embeddable":true,"href":"https:\/\/blog.creamontblanc.org\/index.php?rest_route=%2Fwp%2Fv2%2Fcomments&post=360"}],"version-history":[{"count":4,"href":"https:\/\/blog.creamontblanc.org\/index.php?rest_route=\/wp\/v2\/posts\/360\/revisions"}],"predecessor-version":[{"id":869,"href":"https:\/\/blog.creamontblanc.org\/index.php?rest_route=\/wp\/v2\/posts\/360\/revisions\/869"}],"wp:featuredmedia":[{"embeddable":true,"href":"https:\/\/blog.creamontblanc.org\/index.php?rest_route=\/wp\/v2\/media\/371"}],"wp:attachment":[{"href":"https:\/\/blog.creamontblanc.org\/index.php?rest_route=%2Fwp%2Fv2%2Fmedia&parent=360"}],"wp:term":[{"taxonomy":"category","embeddable":true,"href":"https:\/\/blog.creamontblanc.org\/index.php?rest_route=%2Fwp%2Fv2%2Fcategories&post=360"},{"taxonomy":"post_tag","embeddable":true,"href":"https:\/\/blog.creamontblanc.org\/index.php?rest_route=%2Fwp%2Fv2%2Ftags&post=360"}],"curies":[{"name":"wp","href":"https:\/\/api.w.org\/{rel}","templated":true}]}}