{"id":3568,"date":"2022-07-01T10:02:19","date_gmt":"2022-07-01T09:02:19","guid":{"rendered":"https:\/\/blog.creamontblanc.org?p=3568"},"modified":"2023-01-11T15:35:58","modified_gmt":"2023-01-11T14:35:58","slug":"le-futur-observatoire-du-mont-blanc-se-devoile-cet-ete","status":"publish","type":"post","link":"https:\/\/blog.creamontblanc.org?p=3568","title":{"rendered":"Le futur Observatoire du Mont-Blanc se d\u00e9voile cet \u00e9t\u00e9"},"content":{"rendered":"\n<p><strong>Le projet de r\u00e9novation \/ extension de l\u2019Observatoire du Mont-Blanc, soutenu par la commune de Chamonix et port\u00e9 par le CREA Mont-blanc, progresse. La journ\u00e9e portes-ouvertes du 23 juillet offrira l\u2019opportunit\u00e9 de comprendre comment ce haut lieu de l&rsquo;histoire et de l&rsquo;actualit\u00e9 scientifiques de la Vall\u00e9e va se transformer, afin d\u2019accompagner le d\u00e9veloppement de l\u2019activit\u00e9 du CREA Mont-Blanc.<\/strong><\/p>\n\n\n\n<figure class=\"wp-block-image size-large\"><img loading=\"lazy\" decoding=\"async\" width=\"1000\" height=\"698\" src=\"https:\/\/blog.creamontblanc.org\/wp-content\/uploads\/2022\/07\/obs_integration_paysagere-min-1000x698.jpg\" alt=\"\" class=\"wp-image-3569\" srcset=\"https:\/\/blog.creamontblanc.org\/wp-content\/uploads\/2022\/07\/obs_integration_paysagere-min-1000x698.jpg 1000w, https:\/\/blog.creamontblanc.org\/wp-content\/uploads\/2022\/07\/obs_integration_paysagere-min-300x210.jpg 300w, https:\/\/blog.creamontblanc.org\/wp-content\/uploads\/2022\/07\/obs_integration_paysagere-min-768x536.jpg 768w, https:\/\/blog.creamontblanc.org\/wp-content\/uploads\/2022\/07\/obs_integration_paysagere-min-1536x1073.jpg 1536w, https:\/\/blog.creamontblanc.org\/wp-content\/uploads\/2022\/07\/obs_integration_paysagere-min-scaled.jpg 2048w\" sizes=\"auto, (max-width: 1000px) 100vw, 1000px\" \/><figcaption class=\"wp-element-caption\">Int\u00e9gration paysag\u00e8re du nouvel Observatoire &#8211; CC BY 4.0 Ateliers 17C<\/figcaption><\/figure>\n\n\n\n<p>A l\u2019aide du cabinet d\u2019architectes Atelier 17C, le CREA Mont-Blanc nourrit l\u2019ambition de<strong> r\u00e9nover le chalet Vallot historique, <\/strong>d\u2019implanter un nouveau laboratoire de recherches \u00e9co-con\u00e7u, mais aussi de concevoir un jardin exp\u00e9rimental ouvert au public.<\/p>\n\n\n\n<blockquote class=\"wp-block-quote is-layout-flow wp-block-quote-is-layout-flow\">\n<p>\u00ab C\u2019est un projet d\u2019ancrage sur le territoire, de d\u00e9veloppement et d\u2019ouverture indispensable pour le CREA Mont-Blanc et ses publics \u00bb<\/p>\n<cite>explique Charlotte Roux, la cheffe de projet du projet d\u2019extension\/r\u00e9novation.<\/cite><\/blockquote>\n\n\n\n<p><strong>Un projet multi-dimensions<\/strong><\/p>\n\n\n\n<p>Premier sanctuaire de l\u2019observation scientifique des \u00e9cosyst\u00e8mes alpins \u00e0 Chamonix, l\u2019Observatoire du Mont-Blanc est amen\u00e9 <a href=\"https:\/\/creamontblanc.org\/fr\/observatoire-vallot-histoire-scientifique-chamonix-patrimoine\/\" target=\"_blank\" rel=\"noreferrer noopener\">\u00e0 devenir un v\u00e9ritable camp de base de l\u2019exploration moderne<\/a> \u00e0 horizon 2024.<\/p>\n\n\n\n<p>Alors que le Chalet Vallot r\u00e9nov\u00e9 <strong>accueillera les chercheurs, enseignants et \u00e9tudiants <\/strong>pour des rencontres, formations et sensibilisations, le jardin exp\u00e9rimental invitera le grand public \u00e0 se glisser dans la peau d\u2019un chercheur. Fruit d\u2019un <a href=\"https:\/\/creamontblanc.org\/fr\/mont-blanc-lab\/\" target=\"_blank\" rel=\"noreferrer noopener\">marathon cr\u00e9atif et collaboratif<\/a>, ce lieu vivant permettra au visiteur de se frotter <strong>aux protocoles d\u00e9ploy\u00e9s par les chercheurs sur le terrain <\/strong>mais aussi de se projeter sensoriellement dans la rencontre avec le massif et ses habitants.<\/p>\n\n\n\n<figure class=\"wp-block-embed is-type-video is-provider-youtube wp-block-embed-youtube wp-embed-aspect-16-9 wp-has-aspect-ratio\"><div class=\"wp-block-embed__wrapper\">\n<iframe loading=\"lazy\" title=\"Mont-Blanc Lab 2019\" width=\"500\" height=\"281\" src=\"https:\/\/www.youtube.com\/embed\/AoMH1iBKRgY?feature=oembed\" frameborder=\"0\" allow=\"accelerometer; autoplay; clipboard-write; encrypted-media; gyroscope; picture-in-picture; web-share\" referrerpolicy=\"strict-origin-when-cross-origin\" allowfullscreen><\/iframe>\n<\/div><\/figure>\n\n\n\n<p>Quant au nouveau laboratoire, il accueillera les activit\u00e9s de recherche de l\u2019\u00e9quipe c\u0153ur du CREA Mont-Blanc.<\/p>\n\n\n\n<p><strong>En savoir plus d\u00e8s cet \u00e9t\u00e9<\/strong><\/p>\n\n\n\n<p>A l\u2019occasion <a href=\"https:\/\/www.facebook.com\/events\/700368747926320\/\" target=\"_blank\" rel=\"noreferrer noopener\">des portes ouvertes du samedi 23 juillet<\/a>, entre 10 et 13 h, chacun pourra mesurer l\u2019ambition de ce projet de territoire.<\/p>\n\n\n\n<blockquote class=\"wp-block-quote is-layout-flow wp-block-quote-is-layout-flow\">\n<p>\u00ab Il sera possible d\u2019\u00e9changer avec Jacques-F\u00e9lix Faure &#8211; l\u2019architecte du projet, autour de la maquette 3D physique, mais aussi de se projeter dans les futurs locaux gr\u00e2ce \u00e0 la r\u00e9alit\u00e9 virtuelle \u00bb<\/p>\n<cite>d\u00e9taille Charlotte Roux.<\/cite><\/blockquote>\n\n\n\n<p>Les \u00e9quipes du CREA Mont-Blanc seront l\u00e0 pour pr\u00e9senter leur d\u00e9marche pour associer les citoyens au processus de connaissance du massif (protocoles de science participative, etc.). Enfin <strong>une exposition d\u2019instruments de mesure anciens<\/strong> ayant appartenu \u00e0 Joseph Vallot et d&rsquo;outils technologiques modernes utilis\u00e9s par le CREA Mont-Blanc permettra aux visiteurs une plong\u00e9e dans l&rsquo;histoire et l&rsquo;actualit\u00e9 de l&rsquo;\u00e9tude du massif.<\/p>\n\n\n\n<figure class=\"wp-block-embed is-type-video is-provider-youtube wp-block-embed-youtube wp-embed-aspect-16-9 wp-has-aspect-ratio\"><div class=\"wp-block-embed__wrapper\">\n<iframe loading=\"lazy\" title=\"CREA - R\u00e9novation et Extension de l&#039;Observatoire du Mont-Blanc - Esquisse Atelier17c - 2022.03.14\" width=\"500\" height=\"281\" src=\"https:\/\/www.youtube.com\/embed\/v43MJo25TOs?feature=oembed\" frameborder=\"0\" allow=\"accelerometer; autoplay; clipboard-write; encrypted-media; gyroscope; picture-in-picture; web-share\" referrerpolicy=\"strict-origin-when-cross-origin\" allowfullscreen><\/iframe>\n<\/div><\/figure>\n\n\n\n<p><strong>\u00c9cosyst\u00e8me engag\u00e9<\/strong><\/p>\n\n\n\n<p>L\u2019engagement de l\u2019\u00e9cosyst\u00e8me est <strong>la condition de r\u00e9ussite premi\u00e8re<\/strong> pour faire sortir de terre le nouvel Observatoire. Certains participants aux ateliers collaboratifs de conception du projet ainsi qu\u2019une partie des m\u00e9c\u00e8nes du CREA Mont-Blanc seront pr\u00e9sents pour l\u2019occasion. Les Amis du Vieux Chamonix, qui organisent la veille \u00e0 l\u2019ENSA <a href=\"https:\/\/www.facebook.com\/events\/400741495325194\/\" target=\"_blank\" rel=\"noreferrer noopener\" title=\"une conf\u00e9rence sur Henri et Joseph Vallot\">une conf\u00e9rence sur Henri et Joseph Vallot<\/a>, seront eux aussi pr\u00e9sents et disponibles le 23 juillet, ainsi que l\u2019association de quartier des habitants des Plans Et des Nants, qui souhaite <strong>am\u00e9nager les lacets du belv\u00e9d\u00e8re <\/strong>en bordure du terrain.<\/p>\n","protected":false},"excerpt":{"rendered":"<p>Le projet de r\u00e9novation \/ extension de l\u2019Observatoire du Mont-Blanc, soutenu par la commune de Chamonix et port\u00e9 par le CREA Mont-blanc, progresse. La journ\u00e9e portes-ouvertes du 23 juillet offrira l\u2019opportunit\u00e9 de comprendre comment ce haut lieu de l&rsquo;histoire et &hellip; <a href=\"https:\/\/blog.creamontblanc.org?p=3568\">Lire la suite\u00ad\u00ad<\/a><\/p>\n","protected":false},"author":5,"featured_media":3569,"comment_status":"open","ping_status":"open","sticky":false,"template":"","format":"standard","meta":{"_monsterinsights_skip_tracking":false,"_monsterinsights_sitenote_active":false,"_monsterinsights_sitenote_note":"","_monsterinsights_sitenote_category":0,"ngg_post_thumbnail":0,"footnotes":""},"categories":[5],"tags":[61,281],"class_list":["post-3568","post","type-post","status-publish","format-standard","has-post-thumbnail","hentry","category-vie-association","tag-chamonix","tag-projetobs"],"aioseo_notices":[],"amp_enabled":true,"_links":{"self":[{"href":"https:\/\/blog.creamontblanc.org\/index.php?rest_route=\/wp\/v2\/posts\/3568","targetHints":{"allow":["GET"]}}],"collection":[{"href":"https:\/\/blog.creamontblanc.org\/index.php?rest_route=\/wp\/v2\/posts"}],"about":[{"href":"https:\/\/blog.creamontblanc.org\/index.php?rest_route=\/wp\/v2\/types\/post"}],"author":[{"embeddable":true,"href":"https:\/\/blog.creamontblanc.org\/index.php?rest_route=\/wp\/v2\/users\/5"}],"replies":[{"embeddable":true,"href":"https:\/\/blog.creamontblanc.org\/index.php?rest_route=%2Fwp%2Fv2%2Fcomments&post=3568"}],"version-history":[{"count":4,"href":"https:\/\/blog.creamontblanc.org\/index.php?rest_route=\/wp\/v2\/posts\/3568\/revisions"}],"predecessor-version":[{"id":4000,"href":"https:\/\/blog.creamontblanc.org\/index.php?rest_route=\/wp\/v2\/posts\/3568\/revisions\/4000"}],"wp:featuredmedia":[{"embeddable":true,"href":"https:\/\/blog.creamontblanc.org\/index.php?rest_route=\/wp\/v2\/media\/3569"}],"wp:attachment":[{"href":"https:\/\/blog.creamontblanc.org\/index.php?rest_route=%2Fwp%2Fv2%2Fmedia&parent=3568"}],"wp:term":[{"taxonomy":"category","embeddable":true,"href":"https:\/\/blog.creamontblanc.org\/index.php?rest_route=%2Fwp%2Fv2%2Fcategories&post=3568"},{"taxonomy":"post_tag","embeddable":true,"href":"https:\/\/blog.creamontblanc.org\/index.php?rest_route=%2Fwp%2Fv2%2Ftags&post=3568"}],"curies":[{"name":"wp","href":"https:\/\/api.w.org\/{rel}","templated":true}]}}