{"id":3545,"date":"2023-03-01T09:32:00","date_gmt":"2023-03-01T08:32:00","guid":{"rendered":"https:\/\/blog.creamontblanc.org?p=3545"},"modified":"2024-06-10T09:39:51","modified_gmt":"2024-06-10T08:39:51","slug":"lexposition-sur-les-especes-blanches-dans-les-refuges-tout-lete","status":"publish","type":"post","link":"https:\/\/blog.creamontblanc.org?p=3545","title":{"rendered":"L\u2019exposition sur les \u00ab esp\u00e8ces blanches \u00bb est disponible"},"content":{"rendered":"\n<p><strong>Les visiteurs peuvent d\u00e9couvrir les petites habitudes du Li\u00e8vre variable et du Lagop\u00e8de alpin, au fil des panneaux de l\u2019exposition interactive. Difficiles \u00e0 distinguer dans leur milieu naturel, ces esp\u00e8ces sont \u00e9tudi\u00e9es de pr\u00e8s, car vuln\u00e9rables face aux effets du changement climatique.<\/strong><\/p>\n\n\n\n<div class=\"wp-block-columns is-layout-flex wp-container-core-columns-is-layout-9d6595d7 wp-block-columns-is-layout-flex\">\n<div class=\"wp-block-column is-layout-flow wp-block-column-is-layout-flow\" style=\"flex-basis:33.34%\">\n<figure class=\"wp-block-image size-large\"><img loading=\"lazy\" decoding=\"async\" width=\"707\" height=\"1000\" src=\"https:\/\/blog.creamontblanc.org\/wp-content\/uploads\/2022\/07\/mock-up-expo-1-707x1000.jpg\" alt=\"\" class=\"wp-image-3564\" srcset=\"https:\/\/blog.creamontblanc.org\/wp-content\/uploads\/2022\/07\/mock-up-expo-1-707x1000.jpg 707w, https:\/\/blog.creamontblanc.org\/wp-content\/uploads\/2022\/07\/mock-up-expo-1-212x300.jpg 212w, https:\/\/blog.creamontblanc.org\/wp-content\/uploads\/2022\/07\/mock-up-expo-1-768x1086.jpg 768w, https:\/\/blog.creamontblanc.org\/wp-content\/uploads\/2022\/07\/mock-up-expo-1.jpg 794w\" sizes=\"auto, (max-width: 707px) 100vw, 707px\" \/><\/figure>\n<\/div>\n\n\n\n<div class=\"wp-block-column is-layout-flow wp-block-column-is-layout-flow\" style=\"flex-basis:33.34%\">\n<figure class=\"wp-block-image size-large\"><img loading=\"lazy\" decoding=\"async\" width=\"707\" height=\"1000\" src=\"https:\/\/blog.creamontblanc.org\/wp-content\/uploads\/2022\/07\/mock-up-expo-2-707x1000.jpg\" alt=\"\" class=\"wp-image-3558\" srcset=\"https:\/\/blog.creamontblanc.org\/wp-content\/uploads\/2022\/07\/mock-up-expo-2-707x1000.jpg 707w, https:\/\/blog.creamontblanc.org\/wp-content\/uploads\/2022\/07\/mock-up-expo-2-212x300.jpg 212w, https:\/\/blog.creamontblanc.org\/wp-content\/uploads\/2022\/07\/mock-up-expo-2-768x1086.jpg 768w, https:\/\/blog.creamontblanc.org\/wp-content\/uploads\/2022\/07\/mock-up-expo-2.jpg 794w\" sizes=\"auto, (max-width: 707px) 100vw, 707px\" \/><\/figure>\n<\/div>\n\n\n\n<div class=\"wp-block-column is-layout-flow wp-block-column-is-layout-flow\" style=\"flex-basis:33.33%\">\n<figure class=\"wp-block-image size-large\"><img loading=\"lazy\" decoding=\"async\" width=\"707\" height=\"1000\" src=\"https:\/\/blog.creamontblanc.org\/wp-content\/uploads\/2022\/07\/mock-up-expo-3-707x1000.jpg\" alt=\"\" class=\"wp-image-3560\" srcset=\"https:\/\/blog.creamontblanc.org\/wp-content\/uploads\/2022\/07\/mock-up-expo-3-707x1000.jpg 707w, https:\/\/blog.creamontblanc.org\/wp-content\/uploads\/2022\/07\/mock-up-expo-3-212x300.jpg 212w, https:\/\/blog.creamontblanc.org\/wp-content\/uploads\/2022\/07\/mock-up-expo-3-768x1086.jpg 768w, https:\/\/blog.creamontblanc.org\/wp-content\/uploads\/2022\/07\/mock-up-expo-3.jpg 794w\" sizes=\"auto, (max-width: 707px) 100vw, 707px\" \/><\/figure>\n<\/div>\n<\/div>\n\n\n\n<p class=\"has-white-color has-virtue-primary-background-color has-text-color has-background\"><strong>Vous souhaitez louer cette exposition ? Vous avez besoin du fichier BAT pour r\u00e9aliser votre propre impression ? <\/strong><br>Contactez Alice de Chilly, notre charg\u00e9e de mission D\u00e9veloppement : adechilly@creamontblanc.org <\/p>\n\n\n\n<p><\/p>\n\n\n\n<p><\/p>\n\n\n\n<p>L\u2019exposition mont\u00e9e par <a href=\"https:\/\/meduse-communication.fr\/\" target=\"_blank\" rel=\"noreferrer noopener\">M\u00e9duse Communication<\/a>, avec le concours de <a href=\"https:\/\/www.chercheursenherbe.com\/\" target=\"_blank\" rel=\"noreferrer noopener\">Chercheurs en herbe<\/a> et <a href=\"http:\/\/www.rektangleproduction.fr\/\" target=\"_blank\" rel=\"noreferrer noopener\">Rektangle Production,<\/a> a \u00e9t\u00e9 diffus\u00e9e gr\u00e2ce au programme europ\u00e9en POIA Esp\u00e8ces arctico-alpines*. <\/p>\n\n\n\n<p><strong>Devinez o\u00f9 ils sont cach\u00e9s<\/strong><\/p>\n\n\n\n<p><a href=\"https:\/\/creamontblanc.org\/files\/expo-poia.pdf\" target=\"_blank\" rel=\"noopener\" title=\"\">Huit panneaux d\u2019illustration<\/a> tr\u00e8s cr\u00e9atifs retracent<strong> l\u2019histoire et les petites habitudes de vie<\/strong> de 2 des esp\u00e8ces les plus secr\u00e8tes du massif ! Avec leur pelage variant selon la saison et leur connaissance du terrain, <strong>l\u2019art du camouflage <\/strong>est leur quotidien.<\/p>\n\n\n\n<blockquote class=\"wp-block-quote is-layout-flow wp-block-quote-is-layout-flow\">\n<p>\u00ab La s\u00e9rie de panneaux commence par les traces que l\u2019on peut distinguer dans la nature (empreintes ou crottes), qui sont bien souvent les seuls \u00e9l\u00e9ments que l\u2019on pourra voir en tant que simple randonneur \u00bb <\/p>\n<cite>indique la graphiste Claire Marc.<\/cite><\/blockquote>\n\n\n\n<p>Cette derni\u00e8re a aussi \u00ab cach\u00e9 \u00bb les silhouettes des deux esp\u00e8ces dans le d\u00e9cor de l\u2019exposition, afin \u00ab d\u2019interagir avec les visiteurs et notamment les plus jeunes, de donner un c\u00f4t\u00e9 ludique \u00e0 l\u2019exposition \u00bb.<\/p>\n\n\n\n<figure class=\"wp-block-image size-large is-resized\"><img loading=\"lazy\" decoding=\"async\" width=\"1000\" height=\"668\" src=\"https:\/\/blog.creamontblanc.org\/wp-content\/uploads\/2022\/07\/lievre9\u00a9-Bertrand-Muffat-Joly-min-1000x668.jpg\" alt=\"\" class=\"wp-image-3552\" style=\"width:750px;height:501px\" srcset=\"https:\/\/blog.creamontblanc.org\/wp-content\/uploads\/2022\/07\/lievre9\u00a9-Bertrand-Muffat-Joly-min-1000x668.jpg 1000w, https:\/\/blog.creamontblanc.org\/wp-content\/uploads\/2022\/07\/lievre9\u00a9-Bertrand-Muffat-Joly-min-300x200.jpg 300w, https:\/\/blog.creamontblanc.org\/wp-content\/uploads\/2022\/07\/lievre9\u00a9-Bertrand-Muffat-Joly-min-768x513.jpg 768w, https:\/\/blog.creamontblanc.org\/wp-content\/uploads\/2022\/07\/lievre9\u00a9-Bertrand-Muffat-Joly-min-1536x1025.jpg 1536w, https:\/\/blog.creamontblanc.org\/wp-content\/uploads\/2022\/07\/lievre9\u00a9-Bertrand-Muffat-Joly-min.jpg 2000w\" sizes=\"auto, (max-width: 1000px) 100vw, 1000px\" \/><figcaption class=\"wp-element-caption\">Saurez-vous trouver le Li\u00e8vre variable dans le d\u00e9cor ? <br>Photo \u00a9 OFB \/ Bertrand Muffat-Joly<\/figcaption><\/figure>\n\n\n\n<p><strong>Photos et sons, pour la science<\/strong><\/p>\n\n\n\n<p>Les visiteurs suivent donc \u00ab \u00e0 la trace \u00bb ces animaux discrets, comprennent la mani\u00e8re dont ils vivent mais aussi <strong>\u00e0 quelles menaces ils sont soumis<\/strong> : comp\u00e9tition avec d\u2019autres esp\u00e8ces, effets du changement climatique sur leur habitat, impact sur leur nourriture, etc.<br><\/p>\n\n\n\n<p>Chacun peut aussi <strong>aller plus loin et d\u00e9couvrir les mat\u00e9riaux utilis\u00e9s par les scientifiques <\/strong>qui les \u00e9tudient. Il suffit de scanner les QR codes dispos\u00e9s au fil de l\u2019exposition afin de <a href=\"https:\/\/flic.kr\/s\/aHBqjzPjRH\" target=\"_blank\" rel=\"noreferrer noopener\">visionner les images<\/a> issues des 50 pi\u00e8ges photos permanents, ou <a href=\"https:\/\/soundcloud.com\/creamontblanc\/sets\/especes-blanches-le-lagopede\" target=\"_blank\" rel=\"noreferrer noopener\">\u00e9couter les cris et chants<\/a> du Lagop\u00e8de enregistr\u00e9s.<\/p>\n\n\n\n<p><\/p>\n\n\n\n<figure class=\"wp-block-image size-large is-resized\"><img loading=\"lazy\" decoding=\"async\" width=\"1000\" height=\"790\" src=\"https:\/\/blog.creamontblanc.org\/wp-content\/uploads\/2022\/07\/Capture-de\u0301cran-2022-07-01-a\u0300-15.35.34-min-1000x790.png\" alt=\"\" class=\"wp-image-3593\" style=\"width:750px;height:593px\" srcset=\"https:\/\/blog.creamontblanc.org\/wp-content\/uploads\/2022\/07\/Capture-de\u0301cran-2022-07-01-a\u0300-15.35.34-min-1000x790.png 1000w, https:\/\/blog.creamontblanc.org\/wp-content\/uploads\/2022\/07\/Capture-de\u0301cran-2022-07-01-a\u0300-15.35.34-min-300x237.png 300w, https:\/\/blog.creamontblanc.org\/wp-content\/uploads\/2022\/07\/Capture-de\u0301cran-2022-07-01-a\u0300-15.35.34-min-768x606.png 768w, https:\/\/blog.creamontblanc.org\/wp-content\/uploads\/2022\/07\/Capture-de\u0301cran-2022-07-01-a\u0300-15.35.34-min-1536x1213.png 1536w, https:\/\/blog.creamontblanc.org\/wp-content\/uploads\/2022\/07\/Capture-de\u0301cran-2022-07-01-a\u0300-15.35.34-min.png 1682w\" sizes=\"auto, (max-width: 1000px) 100vw, 1000px\" \/><figcaption class=\"wp-element-caption\">D\u00e9tail d&rsquo;un panneau de l&rsquo;exposition<\/figcaption><\/figure>\n\n\n\n<p><strong>L&rsquo;exposition \u00e0 d\u00e9couvrir<\/strong><\/p>\n\n\n\n<p>Celle-ci est visible au sein des maisons de Parc, ainsi que dans les refuges (parfois en version \u00ab\u00a0all\u00e9g\u00e9e\u00a0\u00bb de 2 panneaux) : <\/p>\n\n\n\n<ul class=\"wp-block-list\">\n<li>du 21 au 23 juillet 2022 dans le cadre du <a href=\"https:\/\/festival-image-devoluy.com\/\" target=\"_blank\" rel=\"noreferrer noopener\">Festival de l&rsquo;Image<\/a> du D\u00e9voluy, puis \u00e0 la maison d&rsquo;accueil de Superd\u00e9voluy et \u00e0 l&rsquo;office du tourisme de la Joue du Loup<\/li>\n\n\n\n<li>le 23 juillet 2022 \u00e0 l&rsquo;Observatoire du Mont-Blanc \u00e0 Chamonix, <a href=\"https:\/\/blog.creamontblanc.org\/?p=3568\" target=\"_blank\" rel=\"noreferrer noopener\">dans le cadre des portes ouvertes<\/a> du CREA Mont-Blanc <\/li>\n\n\n\n<li>dans les \u00c9crins, dans les refuges de Vallonpierre (Valgaudemar), la Lavey (Oisans) et l&rsquo;Alpe de Villar d&rsquo;Ar\u00e8ne (Brian\u00e7onnais) ; vous retrouverez l&rsquo;exposition enti\u00e8re dans une maison de parc du Brian\u00e7onnais (Col du Lautaret ou Brian\u00e7on, \u00e0 confirmer) <\/li>\n\n\n\n<li>dans le Mercantour, l&rsquo;exposition sera install\u00e9e cet \u00e9t\u00e9 dans une maison du Parc (pr\u00e9cisions \u00e0 venir) et une version all\u00e9g\u00e9e sera pr\u00e9sent\u00e9e lors de soir\u00e9es d\u00e9bat \/ conf\u00e9rence dans les refuges de Larche, de la Cayolle, des lacs de Vens, de Rabuons, de Nice, de la Cougourde, de la Valmasque, de Fontanalbe et du Lac Allos (dates pr\u00e9cises des animations en cours de d\u00e9finition).<\/li>\n\n\n\n<li>Hiver 2023 \u00e0 la <a href=\"http:\/\/www.cen-haute-savoie.org\/accueil-public\/maison-reserve-naturelle-passy\" target=\"_blank\" rel=\"noopener\" title=\"Maison de la r\u00e9serve naturelle de Passy \">Maison de la r\u00e9serve naturelle de Passy <\/a>en Haute-Savoie (Asters-CEN74)<\/li>\n<\/ul>\n\n\n\n<p>Retrouvez les lieux de visibilit\u00e9 de l&rsquo;exposition sur la carte ci-dessous : <\/p>\n\n\n<p><iframe loading=\"lazy\" src=\"\/\/umap.openstreetmap.fr\/fr\/map\/exposition-sur-les-especes-blanches_784061?scaleControl=false&amp;miniMap=false&amp;scrollWheelZoom=false&amp;zoomControl=true&amp;editMode=disabled&amp;moreControl=true&amp;searchControl=null&amp;tilelayersControl=null&amp;embedControl=null&amp;datalayersControl=true&amp;onLoadPanel=none&amp;captionBar=false&amp;captionMenus=true\" width=\"100%\" height=\"300px\" frameborder=\"0\" allowfullscreen=\"allowfullscreen\"><\/iframe><\/p>\n<p><a href=\"\/\/umap.openstreetmap.fr\/fr\/map\/exposition-sur-les-especes-blanches_784061?scaleControl=false&amp;miniMap=false&amp;scrollWheelZoom=true&amp;zoomControl=true&amp;editMode=disabled&amp;moreControl=true&amp;searchControl=null&amp;tilelayersControl=null&amp;embedControl=null&amp;datalayersControl=true&amp;onLoadPanel=none&amp;captionBar=false&amp;captionMenus=true\">Voir en plein \u00e9cran<\/a><\/p>\n\n\n<div class=\"wp-block-columns is-layout-flex wp-container-core-columns-is-layout-9d6595d7 wp-block-columns-is-layout-flex\"><\/div>\n\n\n\n<p><\/p>\n\n\n\n<p><\/p>\n\n\n\n<p><em>* Le <a href=\"https:\/\/creamontblanc.org\/fr\/poia-especes-arctico-alpines\" target=\"_blank\" rel=\"noreferrer noopener\">projet Esp\u00e8ces arctico-alpines<\/a>, financ\u00e9 entre autres par les fonds europ\u00e9ens FEDER-POIA,<\/em> <em>s\u2019int\u00e9resse \u00e0 l\u2019\u00e9tude et \u00e0 la conservation du Li\u00e8vre variable et du Lagop\u00e8de alpin dans un contexte de changement climatique. Il r\u00e9unit 5 partenaires du massif alpin autour d\u2019objectifs de conservation de ces deux esp\u00e8ces : le Parc national du Mercantour (chef de file), le CREA Mont-Blanc, le Parc national des \u00c9crins, le Parc naturel r\u00e9gional du Queyras et l\u2019Office Fran\u00e7ais de la Biodiversit\u00e9.<\/em><\/p>\n\n\n\n<figure class=\"wp-block-image size-large\"><img loading=\"lazy\" decoding=\"async\" width=\"1000\" height=\"143\" src=\"https:\/\/blog.creamontblanc.org\/wp-content\/uploads\/2021\/12\/Bandeau-Logos-partenaires-POIA-2000px-1-1000x143.jpg\" alt=\"\" class=\"wp-image-3457\" srcset=\"https:\/\/blog.creamontblanc.org\/wp-content\/uploads\/2021\/12\/Bandeau-Logos-partenaires-POIA-2000px-1-1000x143.jpg 1000w, https:\/\/blog.creamontblanc.org\/wp-content\/uploads\/2021\/12\/Bandeau-Logos-partenaires-POIA-2000px-1-300x43.jpg 300w, https:\/\/blog.creamontblanc.org\/wp-content\/uploads\/2021\/12\/Bandeau-Logos-partenaires-POIA-2000px-1-768x110.jpg 768w, https:\/\/blog.creamontblanc.org\/wp-content\/uploads\/2021\/12\/Bandeau-Logos-partenaires-POIA-2000px-1-1536x220.jpg 1536w, https:\/\/blog.creamontblanc.org\/wp-content\/uploads\/2021\/12\/Bandeau-Logos-partenaires-POIA-2000px-1.jpg 2000w\" sizes=\"auto, (max-width: 1000px) 100vw, 1000px\" \/><\/figure>\n\n\n\n<figure class=\"wp-block-image size-large\"><img loading=\"lazy\" decoding=\"async\" width=\"1000\" height=\"143\" src=\"https:\/\/blog.creamontblanc.org\/wp-content\/uploads\/2021\/12\/Bandeau-Logos-financeurs-POIA-V2-2000px-1-1-1000x143.jpg\" alt=\"\" class=\"wp-image-3454\" srcset=\"https:\/\/blog.creamontblanc.org\/wp-content\/uploads\/2021\/12\/Bandeau-Logos-financeurs-POIA-V2-2000px-1-1-1000x143.jpg 1000w, https:\/\/blog.creamontblanc.org\/wp-content\/uploads\/2021\/12\/Bandeau-Logos-financeurs-POIA-V2-2000px-1-1-300x43.jpg 300w, https:\/\/blog.creamontblanc.org\/wp-content\/uploads\/2021\/12\/Bandeau-Logos-financeurs-POIA-V2-2000px-1-1-768x110.jpg 768w, https:\/\/blog.creamontblanc.org\/wp-content\/uploads\/2021\/12\/Bandeau-Logos-financeurs-POIA-V2-2000px-1-1-1536x220.jpg 1536w, https:\/\/blog.creamontblanc.org\/wp-content\/uploads\/2021\/12\/Bandeau-Logos-financeurs-POIA-V2-2000px-1-1.jpg 2000w\" sizes=\"auto, (max-width: 1000px) 100vw, 1000px\" \/><\/figure>\n","protected":false},"excerpt":{"rendered":"<p>Les visiteurs peuvent d\u00e9couvrir les petites habitudes du Li\u00e8vre variable et du Lagop\u00e8de alpin, au fil des panneaux de l\u2019exposition interactive. Difficiles \u00e0 distinguer dans leur milieu naturel, ces esp\u00e8ces sont \u00e9tudi\u00e9es de pr\u00e8s, car vuln\u00e9rables face aux effets du &hellip; <a href=\"https:\/\/blog.creamontblanc.org?p=3545\">Lire la suite\u00ad\u00ad<\/a><\/p>\n","protected":false},"author":5,"featured_media":3593,"comment_status":"open","ping_status":"open","sticky":false,"template":"","format":"standard","meta":{"_monsterinsights_skip_tracking":false,"_monsterinsights_sitenote_active":false,"_monsterinsights_sitenote_note":"","_monsterinsights_sitenote_category":0,"ngg_post_thumbnail":0,"footnotes":""},"categories":[258,5],"tags":[182],"class_list":["post-3545","post","type-post","status-publish","format-standard","has-post-thumbnail","hentry","category-actus-passees","category-vie-association","tag-exposition"],"aioseo_notices":[],"amp_enabled":true,"_links":{"self":[{"href":"https:\/\/blog.creamontblanc.org\/index.php?rest_route=\/wp\/v2\/posts\/3545","targetHints":{"allow":["GET"]}}],"collection":[{"href":"https:\/\/blog.creamontblanc.org\/index.php?rest_route=\/wp\/v2\/posts"}],"about":[{"href":"https:\/\/blog.creamontblanc.org\/index.php?rest_route=\/wp\/v2\/types\/post"}],"author":[{"embeddable":true,"href":"https:\/\/blog.creamontblanc.org\/index.php?rest_route=\/wp\/v2\/users\/5"}],"replies":[{"embeddable":true,"href":"https:\/\/blog.creamontblanc.org\/index.php?rest_route=%2Fwp%2Fv2%2Fcomments&post=3545"}],"version-history":[{"count":32,"href":"https:\/\/blog.creamontblanc.org\/index.php?rest_route=\/wp\/v2\/posts\/3545\/revisions"}],"predecessor-version":[{"id":5587,"href":"https:\/\/blog.creamontblanc.org\/index.php?rest_route=\/wp\/v2\/posts\/3545\/revisions\/5587"}],"wp:featuredmedia":[{"embeddable":true,"href":"https:\/\/blog.creamontblanc.org\/index.php?rest_route=\/wp\/v2\/media\/3593"}],"wp:attachment":[{"href":"https:\/\/blog.creamontblanc.org\/index.php?rest_route=%2Fwp%2Fv2%2Fmedia&parent=3545"}],"wp:term":[{"taxonomy":"category","embeddable":true,"href":"https:\/\/blog.creamontblanc.org\/index.php?rest_route=%2Fwp%2Fv2%2Fcategories&post=3545"},{"taxonomy":"post_tag","embeddable":true,"href":"https:\/\/blog.creamontblanc.org\/index.php?rest_route=%2Fwp%2Fv2%2Ftags&post=3545"}],"curies":[{"name":"wp","href":"https:\/\/api.w.org\/{rel}","templated":true}]}}