{"id":350,"date":"2016-10-03T13:35:08","date_gmt":"2016-10-03T12:35:08","guid":{"rendered":"http:\/\/blog.creamontblanc.org\/?p=350"},"modified":"2022-11-09T16:19:21","modified_gmt":"2022-11-09T15:19:21","slug":"zoom-sur-la-chalarose-du-frene","status":"publish","type":"post","link":"https:\/\/blog.creamontblanc.org?p=350","title":{"rendered":"Zoom sur la chalarose du fr\u00eane"},"content":{"rendered":"<p><strong>Depuis plusieurs ann\u00e9es, un parasite, la chalarose du fr\u00eane, d\u00e9cime les for\u00eats fran\u00e7aises. Certains observateurs Ph\u00e9noclim ont constat\u00e9 les d\u00e9g\u00e2ts sur l\u2019esp\u00e8ce au nord des Alpes. Daphn\u00e9 Asse, \u00e9cologue sp\u00e9cialiste des for\u00eats au CREA Mont-Blanc nous \u00e9claire sur ce champignon.<\/strong><\/p>\n<p><!--more--><\/p>\n<figure id=\"attachment_351\" class=\"thumbnail wp-caption aligncenter\" style=\"width: 1000px\"><a href=\"http:\/\/blog.creamontblanc.org\/zoom-sur-la-chalarose-du-frene\/chalarose_frene\/\" rel=\"attachment wp-att-351\"><img loading=\"lazy\" decoding=\"async\" class=\"size-full wp-image-351\" src=\"http:\/\/blog.creamontblanc.org\/wp-content\/uploads\/2016\/09\/chalarose_frene.jpg\" alt=\"Ce fr\u00eane atteint de fl\u00e9trissement est reconnaissable au d\u00e9p\u00e9rissement marqu\u00e9 de ses rameaux \u00a9 Protection de la for\u00eat suisse (WSL)\" width=\"1000\" height=\"500\" srcset=\"https:\/\/blog.creamontblanc.org\/wp-content\/uploads\/2016\/09\/chalarose_frene.jpg 1000w, https:\/\/blog.creamontblanc.org\/wp-content\/uploads\/2016\/09\/chalarose_frene-300x150.jpg 300w, https:\/\/blog.creamontblanc.org\/wp-content\/uploads\/2016\/09\/chalarose_frene-768x384.jpg 768w\" sizes=\"auto, (max-width: 1000px) 100vw, 1000px\" \/><\/a><figcaption class=\"caption wp-caption-text\"><em>Ce fr\u00eane atteint de fl\u00e9trissement est reconnaissable au d\u00e9p\u00e9rissement marqu\u00e9 de ses rameaux \u00a9 Protection de la for\u00eat suisse (WSL)<\/em><\/figcaption><\/figure>\n<p>Certains observateurs de Phenoclim l\u2019on bien remarqu\u00e9, beaucoup de fr\u00eanes ne sont pas en forme ! Plusieurs arbres de l\u2019Observatoire du Mont-Blanc d\u00e9p\u00e9rissent \u00e9galement. Depuis plusieurs ann\u00e9es une maladie touche cette esp\u00e8ce : la chalarose. Pour des risques de chutes d\u2019arbres ou de branches engendr\u00e9s par cette situation, l\u2019ONF a d\u00e9cid\u00e9 d\u2019interdire l\u2019acc\u00e8s au public \u00e0 certaines for\u00eats domaniales fran\u00e7aises.<\/p>\n<p><strong>L\u2019agressif Chalara fraxinea<\/strong><\/p>\n<p>La Chalarose du fr\u00eane est due \u00e0 un champignon Chalara fraxinea. Les premiers d\u00e9p\u00e9rissements d\u2019individus ont \u00e9t\u00e9 rapport\u00e9s en Pologne dans les ann\u00e9es 1990. Tr\u00e8s rapidement cette maladie c\u2019est r\u00e9pandue dans toute l\u2019Europe. Depuis 2011, les r\u00e9gions de Savoie sont touch\u00e9es, jusque dans le nord des Alpes, qui semble \u00eatre la limite sud de la r\u00e9partition de la maladie.<\/p>\n<figure id=\"attachment_352\" class=\"thumbnail wp-caption aligncenter\" style=\"width: 300px\"><a href=\"http:\/\/blog.creamontblanc.org\/zoom-sur-la-chalarose-du-frene\/chalarose_frene_repartition\/\" rel=\"attachment wp-att-352\"><img loading=\"lazy\" decoding=\"async\" class=\"wp-image-352 size-medium\" src=\"http:\/\/blog.creamontblanc.org\/wp-content\/uploads\/2016\/09\/chalarose_frene_repartition-300x278.jpg\" alt=\"R\u00e9partition de la chalarose en France en 2015, d\u00e9partement de la sant\u00e9 des for\u00eats\" width=\"300\" height=\"278\" srcset=\"https:\/\/blog.creamontblanc.org\/wp-content\/uploads\/2016\/09\/chalarose_frene_repartition-300x278.jpg 300w, https:\/\/blog.creamontblanc.org\/wp-content\/uploads\/2016\/09\/chalarose_frene_repartition-768x712.jpg 768w, https:\/\/blog.creamontblanc.org\/wp-content\/uploads\/2016\/09\/chalarose_frene_repartition-1024x949.jpg 1024w, https:\/\/blog.creamontblanc.org\/wp-content\/uploads\/2016\/09\/chalarose_frene_repartition.jpg 1154w\" sizes=\"auto, (max-width: 300px) 100vw, 300px\" \/><\/a><figcaption class=\"caption wp-caption-text\"><em>R\u00e9partition de la chalarose en France en 2015, d\u00e9partement de la sant\u00e9 des for\u00eats<\/em><\/figcaption><\/figure>\n<p><strong>Fr\u00eanes mal en point<\/strong><\/p>\n<p>Chez les individus atteints, on observe un fl\u00e9trissement des feuilles, une n\u00e9crose du feuillage ou encore un dess\u00e8chement des rameaux. Pour reconstituer son houppier, l\u2019arbre doit puiser dans ses r\u00e9serves parfois m\u00eame jusqu\u2019\u00e0 l\u2019\u00e9puisement total.<\/p>\n<p>Le champignon, qui s\u2019attaque d\u2019abord aux rameaux, fructifie au sol sur le bois mort et est alors capable d\u2019infecter le collet de l\u2019arbre, c\u2019est \u00e0 dire le point de jonction entre le tronc et les racines. Les flux de s\u00e8ves directement li\u00e9s au fonctionnement du syst\u00e8me racinaire peuvent \u00eatre r\u00e9duits au point de s\u2019interrompre et ainsi de provoquer le d\u00e9p\u00e9rissement de l\u2019arbre. Les individus atteints sont affaiblis et deviennent vuln\u00e9rables \u00e0 d\u2019autres champignons ou insectes : des pathog\u00e8nes dit secondaires.<\/p>\n<p><strong>Aucun traitement connu<\/strong><\/p>\n<p>Il n\u2019existe actuellement aucun traitement, ni m\u00e9thode efficace pour limiter la dispersion du champignon. Le D\u00e9partement de la Sant\u00e9 des For\u00eats (DSF) effectue des suivis sur cette maladie depuis 2010. De nombreuses \u00e9tudes (notamment \u00e0 l\u2019INRA) sont r\u00e9alis\u00e9es sur diff\u00e9rents aspects de cette maladie, comme sa dispersion, et pour localiser et comprendre les fr\u00eanes r\u00e9sistants. C\u2019est un vrai enjeu actuel pour les forestiers !<br \/>\nR\u00e9daction : Daphn\u00e9 Asse<\/p>\n<hr \/>\n<p><strong>Pour en savoir plus<\/strong><\/p>\n<p>Rapport <a href=\"http:\/\/www.nord-nature.org\/La_lettre1\/2016\/20160301\/deperissement%20du%20frene.pdf\" target=\"_blank\" rel=\"noopener\">La chalarose du fr\u00eane<\/a>, du D\u00e9partement de la Sant\u00e9 des For\u00eats, qui r\u00e9sume les connaissances actuelles sur cette maladie<\/p>\n<p>Un article ancien (juin 2014) sur<a href=\"http:\/\/www.wsl.ch\/medien\/news\/eschentriebsterben_2014\/index_FR\" target=\"_blank\" rel=\"noopener\"> la chalarose du fr\u00eane en Suisse<\/a>, de l\u2019Institut f\u00e9d\u00e9ral de recherches sur la for\u00eat, la neige et le paysage WSL<\/p>\n","protected":false},"excerpt":{"rendered":"<p>Depuis plusieurs ann\u00e9es, un parasite, la chalarose du fr\u00eane, d\u00e9cime les for\u00eats fran\u00e7aises. Certains observateurs Ph\u00e9noclim ont constat\u00e9 les d\u00e9g\u00e2ts sur l\u2019esp\u00e8ce au nord des Alpes. Daphn\u00e9 Asse, \u00e9cologue sp\u00e9cialiste des for\u00eats au CREA Mont-Blanc nous \u00e9claire sur ce champignon.<\/p>\n","protected":false},"author":5,"featured_media":351,"comment_status":"open","ping_status":"open","sticky":false,"template":"","format":"standard","meta":{"_monsterinsights_skip_tracking":false,"_monsterinsights_sitenote_active":false,"_monsterinsights_sitenote_note":"","_monsterinsights_sitenote_category":0,"ngg_post_thumbnail":0,"footnotes":""},"categories":[31],"tags":[46],"class_list":["post-350","post","type-post","status-publish","format-standard","has-post-thumbnail","hentry","category-sciences-participatives","tag-phenoclim"],"aioseo_notices":[],"amp_enabled":true,"_links":{"self":[{"href":"https:\/\/blog.creamontblanc.org\/index.php?rest_route=\/wp\/v2\/posts\/350","targetHints":{"allow":["GET"]}}],"collection":[{"href":"https:\/\/blog.creamontblanc.org\/index.php?rest_route=\/wp\/v2\/posts"}],"about":[{"href":"https:\/\/blog.creamontblanc.org\/index.php?rest_route=\/wp\/v2\/types\/post"}],"author":[{"embeddable":true,"href":"https:\/\/blog.creamontblanc.org\/index.php?rest_route=\/wp\/v2\/users\/5"}],"replies":[{"embeddable":true,"href":"https:\/\/blog.creamontblanc.org\/index.php?rest_route=%2Fwp%2Fv2%2Fcomments&post=350"}],"version-history":[{"count":6,"href":"https:\/\/blog.creamontblanc.org\/index.php?rest_route=\/wp\/v2\/posts\/350\/revisions"}],"predecessor-version":[{"id":872,"href":"https:\/\/blog.creamontblanc.org\/index.php?rest_route=\/wp\/v2\/posts\/350\/revisions\/872"}],"wp:featuredmedia":[{"embeddable":true,"href":"https:\/\/blog.creamontblanc.org\/index.php?rest_route=\/wp\/v2\/media\/351"}],"wp:attachment":[{"href":"https:\/\/blog.creamontblanc.org\/index.php?rest_route=%2Fwp%2Fv2%2Fmedia&parent=350"}],"wp:term":[{"taxonomy":"category","embeddable":true,"href":"https:\/\/blog.creamontblanc.org\/index.php?rest_route=%2Fwp%2Fv2%2Fcategories&post=350"},{"taxonomy":"post_tag","embeddable":true,"href":"https:\/\/blog.creamontblanc.org\/index.php?rest_route=%2Fwp%2Fv2%2Ftags&post=350"}],"curies":[{"name":"wp","href":"https:\/\/api.w.org\/{rel}","templated":true}]}}