{"id":3473,"date":"2021-12-16T12:09:08","date_gmt":"2021-12-16T11:09:08","guid":{"rendered":"https:\/\/blog.creamontblanc.org?p=3473"},"modified":"2022-11-07T17:02:02","modified_gmt":"2022-11-07T16:02:02","slug":"science-participative-en-refuge-a-la-recherche-de-la-bonne-formule","status":"publish","type":"post","link":"https:\/\/blog.creamontblanc.org?p=3473","title":{"rendered":"Science participative en refuge : \u00e0 la recherche de la bonne formule !"},"content":{"rendered":"\n<p><strong>La science participative est au c\u0153ur des d\u00e9marches du CREA Mont-Blanc. Mais comment inciter encore plus de monde \u00e0 participer \u00e0 nos observations de terrain ? Pour r\u00e9pondre \u00e0 cette question, nous avons test\u00e9 un nouveau dispositif l\u2019\u00e9t\u00e9 dernier, imagin\u00e9 sp\u00e9cialement pour les visiteurs du refuge du Plan de l\u2019Aiguille au-dessus de Chamonix. Retour d\u2019exp\u00e9rience de cette saison 1.<\/strong><\/p>\n\n\n\n<figure class=\"wp-block-image size-large is-resized\"><img loading=\"lazy\" decoding=\"async\" src=\"http:\/\/blog.creamontblanc.org\/wp-content\/uploads\/2021\/12\/CMader_rdvcrea2014-215-2-1000x563.jpeg\" alt=\"\" class=\"wp-image-3485\" width=\"840\" height=\"472\" srcset=\"https:\/\/blog.creamontblanc.org\/wp-content\/uploads\/2021\/12\/CMader_rdvcrea2014-215-2-1000x563.jpeg 1000w, https:\/\/blog.creamontblanc.org\/wp-content\/uploads\/2021\/12\/CMader_rdvcrea2014-215-2-300x169.jpeg 300w, https:\/\/blog.creamontblanc.org\/wp-content\/uploads\/2021\/12\/CMader_rdvcrea2014-215-2-768x432.jpeg 768w, https:\/\/blog.creamontblanc.org\/wp-content\/uploads\/2021\/12\/CMader_rdvcrea2014-215-2.jpeg 1024w\" sizes=\"auto, (max-width: 840px) 100vw, 840px\" \/><figcaption>La science participative \u00e0 c\u00f4t\u00e9 du Refuge du Plan de l&rsquo;Aiguille \u00a9 CREA Mont-Blanc, Charlotte Mader<\/figcaption><\/figure>\n\n\n\n<p>Les activit\u00e9s du CREA Mont-Blanc re\u00e7oivent toujours un bon accueil au <a href=\"https:\/\/refuge-plan-aiguille.com\/\">Refuge du Plan de l\u2019Aiguille<\/a>&nbsp;! L\u2019\u00e9t\u00e9 dernier, nous y avons m\u00eame pris nos quartiers en installant, avec la complicit\u00e9 de l\u2019\u00e9quipe, un dispositif exp\u00e9rimental de science participative \u00e0 destination des visiteurs du refuge, quels qu\u2019ils soient&nbsp;: sportifs, alpinistes, randonneurs, familles\u2026&nbsp;<\/p>\n\n\n\n<p>Entre la mi-juillet et la fin septembre, un pr\u00e9sentoir \u00e0 l\u2019int\u00e9rieur du refuge leur donnait les indications et le mat\u00e9riel pour participer \u00e0 deux protocoles d\u2019observation. Un protocole \u00ab&nbsp;rencontres&nbsp;\u00bb leur proposait de punaiser sur une carte des environs du refuge les endroits o\u00f9 ils croisaient des animaux et d\u2019indiquer les esp\u00e8ces rencontr\u00e9es. Le second, protocole \u00ab&nbsp;saisonnalit\u00e9&nbsp;\u00bb, les invitait \u00e0 noter des observations de ph\u00e9nologie telles que la pr\u00e9sence des myrtilles et la couleur de la v\u00e9g\u00e9tation sur une placette permanente de 30 m de c\u00f4t\u00e9, qu\u2019ils devaient d\u2019abord trouver avec une carte.&nbsp;<\/p>\n\n\n\n<div class=\"wp-block-image\"><figure class=\"aligncenter size-large is-resized\"><img loading=\"lazy\" decoding=\"async\" src=\"https:\/\/blog.creamontblanc.org\/wp-content\/uploads\/2021\/12\/img_20210928_082902-1000x668.jpeg\" alt=\"\" class=\"wp-image-3478\" width=\"625\" height=\"417\" srcset=\"https:\/\/blog.creamontblanc.org\/wp-content\/uploads\/2021\/12\/img_20210928_082902-1000x668.jpeg 1000w, https:\/\/blog.creamontblanc.org\/wp-content\/uploads\/2021\/12\/img_20210928_082902-300x200.jpeg 300w, https:\/\/blog.creamontblanc.org\/wp-content\/uploads\/2021\/12\/img_20210928_082902-768x513.jpeg 768w, https:\/\/blog.creamontblanc.org\/wp-content\/uploads\/2021\/12\/img_20210928_082902.jpeg 1024w\" sizes=\"auto, (max-width: 625px) 100vw, 625px\" \/><figcaption>&nbsp;Les participants marquent les endroits o\u00f9 ils ont crois\u00e9 des animaux sur la carte.&nbsp;<\/figcaption><\/figure><\/div>\n\n\n\n<p><strong>De nouvelles voies de participation<\/strong><\/p>\n\n\n\n<p>Cette exp\u00e9rimentation, men\u00e9e en lien avec le programme <a href=\"https:\/\/refuges-sentinelles.org\/\">Refuges Sentinelles<\/a> poursuivait un double objectif&nbsp;: recueillir les r\u00e9sultats d\u2019observation des participants et surtout explorer de nouvelles voies de participation du public \u00e0 nos recherches. \u00ab&nbsp;Ces deux protocoles m\u00ealaient \u00e9cologie, avec le besoin d\u2019avoir des mesures pour mieux comprendre la biodiversit\u00e9 en montagne, et sciences humaines et sociales, avec des interrogations sur nos dispositifs, pour voir comment il est possible de faire de la science participative en refuge, comment l\u2019int\u00e9grer \u00e0 l\u2019exp\u00e9rience du refuge, et plus g\u00e9n\u00e9ralement comment inciter les gens \u00e0 participer \u00e0 nos protocoles&nbsp;\u00bb, explique Quentin Daveau, charg\u00e9 de mission m\u00e9diation et science participative au CREA Mont-Blanc.<\/p>\n\n\n\n<p><strong>Lever les obstacles<\/strong><\/p>\n\n\n\n<p>Au terme de cette premi\u00e8re saison, le bilan de l\u2019exp\u00e9rimentation se r\u00e9v\u00e8le riche d\u2019enseignements. \u00ab&nbsp;C\u2019est une bonne id\u00e9e de proposer ce type d\u2019activit\u00e9. Nous avons de la place pour accueillir le dispositif, et l\u2019observation de la nature fait partie de la d\u00e9couverte de la montagne, analyse Claude Quenot, gardien du refuge du Plan de l\u2019Aiguille. Ce n\u2019est pas toujours simple, parce beaucoup des gens qui viennent \u00e0 midi n\u2019entrent pas dans le refuge et ne voient pas les exp\u00e9riences propos\u00e9es, mais nous avons eu des familles et des promeneurs qui se sont montr\u00e9s vraiment int\u00e9ress\u00e9s.&nbsp;\u00bb<\/p>\n\n\n\n<div class=\"wp-block-columns is-layout-flex wp-container-core-columns-is-layout-9d6595d7 wp-block-columns-is-layout-flex\">\n<div class=\"wp-block-column is-layout-flow wp-block-column-is-layout-flow\">\n<p><meta charset=\"utf-8\"><br>De fait, l\u2019int\u00e9r\u00eat majeur de cette premi\u00e8re saison est de comprendre ce qui a pu encourager la participation du public, ou au contraire quels \u00e9taient les obstacles \u00e0 lever. \u00ab&nbsp;Outre la question de la visibilit\u00e9, il y a un vrai travail \u00e0 faire sur la d\u00e9sacralisation de la science, poursuit Quentin. De nombreuses personnes ne se sentent pas l\u00e9gitimes et n\u2019osent pas participer, alors que les protocoles sont souvent simples, et que leurs observations sont indispensables.&nbsp;\u00bb&nbsp;<\/p>\n\n\n\n<p>Quant \u00e0 ceux qui ont particip\u00e9, leur retour est le plus souvent tr\u00e8s positif, notamment parce qu\u2019ils ont le sentiment d\u2019avoir contribu\u00e9 directement \u00e0 la recherche sur le changement climatique en montagne. Ils ont aussi l\u2019impression d\u2019avoir pris le temps de regarder la montagne diff\u00e9remment, et de d\u00e9couvrir des palettes de couleurs et une diversit\u00e9 d\u2019esp\u00e8ces qu\u2019ils n\u2019imaginaient pas forc\u00e9ment. \u00ab Cette dimension est importante, parce que le CREA Mont-Blanc veut aussi transmettre l\u2019\u00e9merveillement devant la richesse des \u00e9cosyst\u00e8mes, qui sont certes fragiles, mais beaux \u00bb, ajoute Quentin.<br><\/p>\n<\/div>\n\n\n\n<div class=\"wp-block-column is-layout-flow wp-block-column-is-layout-flow\">\n<figure class=\"wp-block-image size-large\"><img loading=\"lazy\" decoding=\"async\" width=\"1000\" height=\"750\" src=\"https:\/\/blog.creamontblanc.org\/wp-content\/uploads\/2021\/12\/2017_06_2530_ADelestrade_072522-1000x750.jpeg\" alt=\"\" class=\"wp-image-3500\" srcset=\"https:\/\/blog.creamontblanc.org\/wp-content\/uploads\/2021\/12\/2017_06_2530_ADelestrade_072522-1000x750.jpeg 1000w, https:\/\/blog.creamontblanc.org\/wp-content\/uploads\/2021\/12\/2017_06_2530_ADelestrade_072522-300x225.jpeg 300w, https:\/\/blog.creamontblanc.org\/wp-content\/uploads\/2021\/12\/2017_06_2530_ADelestrade_072522-768x576.jpeg 768w, https:\/\/blog.creamontblanc.org\/wp-content\/uploads\/2021\/12\/2017_06_2530_ADelestrade_072522.jpeg 1024w\" sizes=\"auto, (max-width: 1000px) 100vw, 1000px\" \/><figcaption>Un rhododendron surpris par la neige pr\u00e8s du Plan de l&rsquo;Aiguille au mois de juin. \u00a9 CREA Mont-Blanc, Anne Delestrade <\/figcaption><\/figure>\n<\/div>\n<\/div>\n\n\n\n<p><strong>Regarder diff\u00e9remment la montagne<\/strong><\/p>\n\n\n\n<p>Soutien du CREA Mont-Blanc dans le cadre du 1% pour la plan\u00e8te, l\u2019agence d\u2019innovation responsable <a href=\"https:\/\/maobi-innovation.com\/\">Maobi<\/a>, a eu l\u2019occasion de faire tester les deux protocoles \u00e0 ses salari\u00e9s. Et l\u2019exp\u00e9rience s\u2019est r\u00e9v\u00e9l\u00e9e concluante, commente Margot Janvier consultante en \u00e9co-conception et analyse de cycle de vie au sein de la soci\u00e9t\u00e9&nbsp;: \u00ab&nbsp;Au d\u00e9part, nous avons eu du mal \u00e0 trouver la placette&nbsp;! Mais une fois sur place nous avons appris un tas de choses, comme faire la diff\u00e9rence entre des airelles et des myrtilles, c\u2019\u00e9tait \u00e0 la fois ludique et p\u00e9dagogique. J\u2019ai particuli\u00e8rement aim\u00e9 l\u2019aspect microscopique&nbsp;: quand on parle de montagne, on pense souvent aux gros animaux, aux arbres, l\u00e0 il fallait au contraire se rapprocher du sol pour observer de petites choses et la biodiversit\u00e9 incroyable. C\u2019\u00e9tait tr\u00e8s int\u00e9ressant, m\u00eame si on ne se rendait pas forc\u00e9ment compte de l\u2019utilit\u00e9 scientifique de ce que l\u2019on faisait. Au final, l\u2019exp\u00e9rimentation et nos \u00e9changes avec le CREA ont r\u00e9v\u00e9l\u00e9 de nombreux points de convergence avec les activit\u00e9s de MAOBI, notamment sur les approches participatives&nbsp;\u00bb<\/p>\n\n\n\n<p>Ces retours d\u2019exp\u00e9rience sont indispensables pour affiner le dispositif pour la saison 2, dans un format qui reste \u00e0 d\u00e9finir, et pr\u00e9parer de futurs programmes de&nbsp; science participative. Rendez-vous l\u2019\u00e9t\u00e9 prochain&nbsp;!<\/p>\n\n\n\n<figure class=\"wp-block-image size-large\"><img loading=\"lazy\" decoding=\"async\" width=\"1000\" height=\"601\" src=\"https:\/\/blog.creamontblanc.org\/wp-content\/uploads\/2021\/12\/capture-1000x601.jpeg\" alt=\"\" class=\"wp-image-3476\" srcset=\"https:\/\/blog.creamontblanc.org\/wp-content\/uploads\/2021\/12\/capture-1000x601.jpeg 1000w, https:\/\/blog.creamontblanc.org\/wp-content\/uploads\/2021\/12\/capture-300x180.jpeg 300w, https:\/\/blog.creamontblanc.org\/wp-content\/uploads\/2021\/12\/capture-768x461.jpeg 768w, https:\/\/blog.creamontblanc.org\/wp-content\/uploads\/2021\/12\/capture.jpeg 1024w\" sizes=\"auto, (max-width: 1000px) 100vw, 1000px\" \/><figcaption>L&rsquo;\u00e9quipe de Maobi au Plan de l&rsquo;Aiguille. <\/figcaption><\/figure>\n","protected":false},"excerpt":{"rendered":"<p>La science participative est au c\u0153ur des d\u00e9marches du CREA Mont-Blanc. Mais comment inciter encore plus de monde \u00e0 participer \u00e0 nos observations de terrain ? Pour r\u00e9pondre \u00e0 cette question, nous avons test\u00e9 un nouveau dispositif l\u2019\u00e9t\u00e9 dernier, imagin\u00e9 &hellip; <a href=\"https:\/\/blog.creamontblanc.org?p=3473\">Lire la suite\u00ad\u00ad<\/a><\/p>\n","protected":false},"author":5,"featured_media":3485,"comment_status":"open","ping_status":"open","sticky":false,"template":"","format":"standard","meta":{"_monsterinsights_skip_tracking":false,"_monsterinsights_sitenote_active":false,"_monsterinsights_sitenote_note":"","_monsterinsights_sitenote_category":0,"ngg_post_thumbnail":0,"footnotes":""},"categories":[5],"tags":[192],"class_list":["post-3473","post","type-post","status-publish","format-standard","has-post-thumbnail","hentry","category-vie-association","tag-retour-dexperience"],"aioseo_notices":[],"amp_enabled":true,"_links":{"self":[{"href":"https:\/\/blog.creamontblanc.org\/index.php?rest_route=\/wp\/v2\/posts\/3473","targetHints":{"allow":["GET"]}}],"collection":[{"href":"https:\/\/blog.creamontblanc.org\/index.php?rest_route=\/wp\/v2\/posts"}],"about":[{"href":"https:\/\/blog.creamontblanc.org\/index.php?rest_route=\/wp\/v2\/types\/post"}],"author":[{"embeddable":true,"href":"https:\/\/blog.creamontblanc.org\/index.php?rest_route=\/wp\/v2\/users\/5"}],"replies":[{"embeddable":true,"href":"https:\/\/blog.creamontblanc.org\/index.php?rest_route=%2Fwp%2Fv2%2Fcomments&post=3473"}],"version-history":[{"count":14,"href":"https:\/\/blog.creamontblanc.org\/index.php?rest_route=\/wp\/v2\/posts\/3473\/revisions"}],"predecessor-version":[{"id":3509,"href":"https:\/\/blog.creamontblanc.org\/index.php?rest_route=\/wp\/v2\/posts\/3473\/revisions\/3509"}],"wp:featuredmedia":[{"embeddable":true,"href":"https:\/\/blog.creamontblanc.org\/index.php?rest_route=\/wp\/v2\/media\/3485"}],"wp:attachment":[{"href":"https:\/\/blog.creamontblanc.org\/index.php?rest_route=%2Fwp%2Fv2%2Fmedia&parent=3473"}],"wp:term":[{"taxonomy":"category","embeddable":true,"href":"https:\/\/blog.creamontblanc.org\/index.php?rest_route=%2Fwp%2Fv2%2Fcategories&post=3473"},{"taxonomy":"post_tag","embeddable":true,"href":"https:\/\/blog.creamontblanc.org\/index.php?rest_route=%2Fwp%2Fv2%2Ftags&post=3473"}],"curies":[{"name":"wp","href":"https:\/\/api.w.org\/{rel}","templated":true}]}}