{"id":3433,"date":"2021-12-16T11:08:49","date_gmt":"2021-12-16T10:08:49","guid":{"rendered":"https:\/\/blog.creamontblanc.org?p=3433"},"modified":"2022-11-10T14:27:02","modified_gmt":"2022-11-10T13:27:02","slug":"comment-les-lievres-variable-evoluent-avec-leur-milieu","status":"publish","type":"post","link":"https:\/\/blog.creamontblanc.org?p=3433","title":{"rendered":"Comment les li\u00e8vres variable \u00e9voluent avec leur milieu"},"content":{"rendered":"\n<p><strong>Les esp\u00e8ces arctico-alpines sont les premi\u00e8res \u00e0 subir les effets du changement climatique, encore plus marqu\u00e9 dans les zones de montagne, qui bouleverse leur habitat naturel. Afin de comprendre les \u00e9volutions en cours et la mani\u00e8re dont elles s\u2019y adaptent, le CREA Mont-Blanc participe \u00e0 un vaste programme d\u2019observation des esp\u00e8ces blanches r\u00e9alis\u00e9 sur l\u2019ensemble des Alpes fran\u00e7aises. Premier volet de cette s\u00e9rie d\u2019articles&nbsp;: le li\u00e8vre variable.<\/strong><\/p>\n\n\n\n<figure class=\"wp-block-image size-large\"><img loading=\"lazy\" decoding=\"async\" width=\"1000\" height=\"655\" src=\"https:\/\/blog.creamontblanc.org\/wp-content\/uploads\/2021\/12\/Corail-Marc_Parc-national-des-Ecrins-1000x655.jpg\" alt=\"\" class=\"wp-image-3435\" srcset=\"https:\/\/blog.creamontblanc.org\/wp-content\/uploads\/2021\/12\/Corail-Marc_Parc-national-des-Ecrins-1000x655.jpg 1000w, https:\/\/blog.creamontblanc.org\/wp-content\/uploads\/2021\/12\/Corail-Marc_Parc-national-des-Ecrins-300x197.jpg 300w, https:\/\/blog.creamontblanc.org\/wp-content\/uploads\/2021\/12\/Corail-Marc_Parc-national-des-Ecrins-768x503.jpg 768w, https:\/\/blog.creamontblanc.org\/wp-content\/uploads\/2021\/12\/Corail-Marc_Parc-national-des-Ecrins.jpg 1024w\" sizes=\"auto, (max-width: 1000px) 100vw, 1000px\" \/><figcaption>Li\u00e8vre variable \u00e0 l&rsquo;abri \u00a9 Parc National des \u00c9crins, Marc Corail<\/figcaption><\/figure>\n\n\n\n<p>Avec le retour de la neige, la troisi\u00e8me campagne saisonni\u00e8re d\u2019observation du li\u00e8vre variable a d\u00e9marr\u00e9. Pendant la p\u00e9riode hivernale, chercheurs du CREA Mont-Blanc et b\u00e9n\u00e9voles arpenteront des zones pr\u00e9d\u00e9finies dans le massif, \u00e0 la recherche des crottes laiss\u00e9es dans la neige par cet animal caract\u00e9ristique des milieux froids et de montagne. Le li\u00e8vre variable doit son nom au fait que son pelage change de couleur l\u2019hiver pour passer inaper\u00e7u dans la neige et se dissimuler \u00e0 ses pr\u00e9dateurs.&nbsp;<\/p>\n\n\n\n<p><strong>En comp\u00e9tition avec le li\u00e8vre d\u2019Europe<\/strong><\/p>\n\n\n<div class=\"wp-block-image\">\n<figure class=\"alignright size-large is-resized\"><img loading=\"lazy\" decoding=\"async\" src=\"https:\/\/blog.creamontblanc.org\/wp-content\/uploads\/2021\/12\/Photo4_CREA-min-1000x563.jpg\" alt=\"\" class=\"wp-image-3441\" width=\"412\" height=\"232\" srcset=\"https:\/\/blog.creamontblanc.org\/wp-content\/uploads\/2021\/12\/Photo4_CREA-min-1000x563.jpg 1000w, https:\/\/blog.creamontblanc.org\/wp-content\/uploads\/2021\/12\/Photo4_CREA-min-300x169.jpg 300w, https:\/\/blog.creamontblanc.org\/wp-content\/uploads\/2021\/12\/Photo4_CREA-min-768x432.jpg 768w, https:\/\/blog.creamontblanc.org\/wp-content\/uploads\/2021\/12\/Photo4_CREA-min-1536x864.jpg 1536w, https:\/\/blog.creamontblanc.org\/wp-content\/uploads\/2021\/12\/Photo4_CREA-min-scaled.jpg 2048w\" sizes=\"auto, (max-width: 412px) 100vw, 412px\" \/><figcaption>Anne Delestrade collecte des&nbsp;crottes de li\u00e8vre dans le massif du Mont-Blanc <br>Photo : \u00a9 CREA Mont-Blanc<\/figcaption><\/figure>\n<\/div>\n\n\n<p>L\u2019objectif de l\u2019\u00e9tude est de faire un \u00e9tat des lieux de cette esp\u00e8ce \u00e0 la fois embl\u00e9matique et mal connue dont l\u2019environnement naturel se transforme sous l\u2019effet du changement climatique et de la r\u00e9duction des p\u00e9riodes d\u2019enneigement. Elle doit permettre de r\u00e9pondre \u00e0 plusieurs questions&nbsp;: quelle est la distribution des li\u00e8vres variables en hiver, quels sont les facteurs qui d\u00e9terminent leur pr\u00e9sence et comment ils se partagent le territoire avec le li\u00e8vre d\u2019Europe. \u00ab&nbsp;Comme toutes les esp\u00e8ces de plaine, le li\u00e8vre d\u2019Europe gagne du terrain et monte en altitude. Nous \u00e9tudions la comp\u00e9tition entre les deux esp\u00e8ces et l\u2019\u00e9volution de leur distribution, notamment sur les zones o\u00f9 elles se rencontrent. Nous cherchons aussi \u00e0 mesurer les liens entre les populations sur les diff\u00e9rents massifs \u00bb, d\u00e9crit Anne Delestrade, qui dirige ces recherches.&nbsp;<\/p>\n\n\n\n<p>Cette \u00e9tude sur le massif du Mont-Blanc s\u2019inscrit dans le cadre plus large du projet europ\u00e9en <a href=\"https:\/\/creamontblanc.org\/fr\/poia-especes-arctico-alpines\/\">POIA (Programme op\u00e9rationnel interr\u00e9gional du massif des Alpes)<\/a>. R\u00e9alis\u00e9 en partenariat avec les parcs nationaux du Mercantour et des Ecrins, le parc r\u00e9gional du Queyras et l\u2019Office fran\u00e7ais de la biodiversit\u00e9, celui-ci vise \u00e0 avoir une vision d\u2019ensemble de la situation du li\u00e8vre blanc dans les Alpes fran\u00e7aises.<\/p>\n\n\n<div class=\"wp-block-image\">\n<figure class=\"alignleft size-medium is-resized\"><img loading=\"lazy\" decoding=\"async\" src=\"https:\/\/blog.creamontblanc.org\/wp-content\/uploads\/2021\/12\/Photo3_ParcEcrins-300x200.jpg\" alt=\"\" class=\"wp-image-3437\" width=\"366\" height=\"245\" srcset=\"https:\/\/blog.creamontblanc.org\/wp-content\/uploads\/2021\/12\/Photo3_ParcEcrins-300x200.jpg 300w, https:\/\/blog.creamontblanc.org\/wp-content\/uploads\/2021\/12\/Photo3_ParcEcrins-1000x667.jpg 1000w, https:\/\/blog.creamontblanc.org\/wp-content\/uploads\/2021\/12\/Photo3_ParcEcrins-768x512.jpg 768w, https:\/\/blog.creamontblanc.org\/wp-content\/uploads\/2021\/12\/Photo3_ParcEcrins.jpg 1024w\" sizes=\"auto, (max-width: 366px) 100vw, 366px\" \/><figcaption>Des traces de li\u00e8vre dans la neige. <br>Photo : \u00a9 Parc National des Ecrins, Coulon Mireille<\/figcaption><\/figure>\n<\/div>\n\n\n<hr class=\"wp-block-separator has-css-opacity\"\/>\n\n\n\n<p><strong>Analyse g\u00e9n\u00e9tique et param\u00e8tres environnementaux<\/strong><\/p>\n\n\n\n<p>La \u00ab&nbsp;traque&nbsp;\u00bb du li\u00e8vre variable se d\u00e9roule selon un protocole tr\u00e8s pr\u00e9cis, qui pr\u00e9sente l\u2019int\u00e9r\u00eat de ne pas d\u00e9ranger les individus et de ne pas modifier le milieu. Une trentaine de mailles, des carr\u00e9s de 2 km de c\u00f4t\u00e9, couvrant une altitude de 800 m \u00e0 2200 m environ, repr\u00e9sentatives des diff\u00e9rents milieux du massif, ont \u00e9t\u00e9 d\u00e9termin\u00e9es. Chacune fait l\u2019objet d\u2019une exploration dans un d\u00e9lai de 2 \u00e0 7 jours apr\u00e8s une chute de neige. \u00ab&nbsp;Nous effectuons chaque saison une dizaine de journ\u00e9es d\u2019observation. Pendant une journ\u00e9e, avec quelques volontaires que nous avons form\u00e9s sp\u00e9cialement, nous parcourons la maille et nous ramassons toutes les crottes que nous rencontrons, en notant l\u2019endroit pr\u00e9cis o\u00f9 nous les trouvons&nbsp;\u00bb, explique Anne. L\u2019analyse g\u00e9n\u00e9tique des pr\u00e9l\u00e8vements r\u00e9alis\u00e9e en laboratoire, permet de d\u00e9terminer s\u2019il s\u2019agit d\u2019un li\u00e8vre variable ou d\u2019un li\u00e8vre d\u2019Europe. Les r\u00e9sultats sont ensuite compar\u00e9s avec les informations sur l\u2019environnement&nbsp;: dur\u00e9e d\u2019enneigement, pente, distance \u00e0 la for\u00eat\u2026 \u00ab&nbsp;Au terme des trois saisons, apr\u00e8s la phase d\u2019analyse g\u00e9n\u00e9tique et statistiques des diff\u00e9rentes mailles, nous aurons ainsi un \u00e9tat initial de la r\u00e9partition des deux esp\u00e8ces et de leurs zones de chevauchement. L\u2019objectif est aussi de faire une mod\u00e9lisation, afin de pouvoir pr\u00e9dire des \u00e9volutions \u00e9ventuelles en lien avec les sc\u00e9narios climatiques futurs.&nbsp;\u00bb&nbsp;<\/p>\n\n\n\n<p>Tout au long de l\u2019ann\u00e9e, le CREA Mont-Blanc compl\u00e8te ce protocole par l\u2019analyse des pi\u00e8ges photos install\u00e9s en permanence sur diff\u00e9rentes placettes, qui donnent des informations localis\u00e9es sur les diff\u00e9rences saisonni\u00e8res. L\u2019ach\u00e8vement du programme donnera lieu \u00e0 <a href=\"https:\/\/blog.creamontblanc.org\/?p=3545\" target=\"_blank\" rel=\"noreferrer noopener\">une exposition pr\u00e9sent\u00e9e dans plusieurs refuges<\/a> \u00e0 partir de l\u2019\u00e9t\u00e9 2022, puis \u00e0 la publication d\u2019un livret restituant les r\u00e9sultats \u00e0 la fin de l\u2019ann\u00e9e.<\/p>\n\n\n\n<hr class=\"wp-block-separator has-css-opacity\"\/>\n\n\n\n<figure class=\"wp-block-embed is-type-video is-provider-youtube wp-block-embed-youtube wp-embed-aspect-16-9 wp-has-aspect-ratio\"><div class=\"wp-block-embed__wrapper\">\n<iframe loading=\"lazy\" title=\"Le Li\u00e8vre variable et le Lagop\u00e8de alpin\" width=\"500\" height=\"281\" src=\"https:\/\/www.youtube.com\/embed\/sl-l-cJuukE?feature=oembed\" frameborder=\"0\" allow=\"accelerometer; autoplay; clipboard-write; encrypted-media; gyroscope; picture-in-picture; web-share\" referrerpolicy=\"strict-origin-when-cross-origin\" allowfullscreen><\/iframe>\n<\/div><figcaption>Ce film d\u2019animation pr\u00e9sente sur un ton p\u00e9dagogique et tr\u00e8s accessible les deux esp\u00e8ces \u00e9tudi\u00e9es dans le cadre du programme europ\u00e9en <a href=\"https:\/\/creamontblanc.org\/fr\/poia-especes-arctico-alpines\/\">POIA<\/a>, li\u00e8vre variable et lagop\u00e8de alpin, et les dangers auxquels elles font face.<\/figcaption><\/figure>\n\n\n\n<figure class=\"wp-block-image size-large\"><img loading=\"lazy\" decoding=\"async\" width=\"1000\" height=\"143\" src=\"https:\/\/blog.creamontblanc.org\/wp-content\/uploads\/2021\/12\/Bandeau-Logos-partenaires-POIA-2000px-1-1000x143.jpg\" alt=\"\" class=\"wp-image-3457\" srcset=\"https:\/\/blog.creamontblanc.org\/wp-content\/uploads\/2021\/12\/Bandeau-Logos-partenaires-POIA-2000px-1-1000x143.jpg 1000w, https:\/\/blog.creamontblanc.org\/wp-content\/uploads\/2021\/12\/Bandeau-Logos-partenaires-POIA-2000px-1-300x43.jpg 300w, https:\/\/blog.creamontblanc.org\/wp-content\/uploads\/2021\/12\/Bandeau-Logos-partenaires-POIA-2000px-1-768x110.jpg 768w, https:\/\/blog.creamontblanc.org\/wp-content\/uploads\/2021\/12\/Bandeau-Logos-partenaires-POIA-2000px-1-1536x220.jpg 1536w, https:\/\/blog.creamontblanc.org\/wp-content\/uploads\/2021\/12\/Bandeau-Logos-partenaires-POIA-2000px-1.jpg 2000w\" sizes=\"auto, (max-width: 1000px) 100vw, 1000px\" \/><\/figure>\n\n\n\n<figure class=\"wp-block-image size-large\"><img loading=\"lazy\" decoding=\"async\" width=\"1000\" height=\"143\" src=\"https:\/\/blog.creamontblanc.org\/wp-content\/uploads\/2021\/12\/Bandeau-Logos-financeurs-POIA-V2-2000px-1-1-1000x143.jpg\" alt=\"\" class=\"wp-image-3454\" srcset=\"https:\/\/blog.creamontblanc.org\/wp-content\/uploads\/2021\/12\/Bandeau-Logos-financeurs-POIA-V2-2000px-1-1-1000x143.jpg 1000w, https:\/\/blog.creamontblanc.org\/wp-content\/uploads\/2021\/12\/Bandeau-Logos-financeurs-POIA-V2-2000px-1-1-300x43.jpg 300w, https:\/\/blog.creamontblanc.org\/wp-content\/uploads\/2021\/12\/Bandeau-Logos-financeurs-POIA-V2-2000px-1-1-768x110.jpg 768w, https:\/\/blog.creamontblanc.org\/wp-content\/uploads\/2021\/12\/Bandeau-Logos-financeurs-POIA-V2-2000px-1-1-1536x220.jpg 1536w, https:\/\/blog.creamontblanc.org\/wp-content\/uploads\/2021\/12\/Bandeau-Logos-financeurs-POIA-V2-2000px-1-1.jpg 2000w\" sizes=\"auto, (max-width: 1000px) 100vw, 1000px\" \/><\/figure>\n\n\n\n<p><\/p>\n","protected":false},"excerpt":{"rendered":"<p>Les esp\u00e8ces arctico-alpines sont les premi\u00e8res \u00e0 subir les effets du changement climatique, encore plus marqu\u00e9 dans les zones de montagne, qui bouleverse leur habitat naturel. Afin de comprendre les \u00e9volutions en cours et la mani\u00e8re dont elles s\u2019y adaptent, &hellip; <a href=\"https:\/\/blog.creamontblanc.org?p=3433\">Lire la suite\u00ad\u00ad<\/a><\/p>\n","protected":false},"author":18,"featured_media":3435,"comment_status":"open","ping_status":"open","sticky":false,"template":"","format":"standard","meta":{"_monsterinsights_skip_tracking":false,"_monsterinsights_sitenote_active":false,"_monsterinsights_sitenote_note":"","_monsterinsights_sitenote_category":0,"ngg_post_thumbnail":0,"footnotes":""},"categories":[194],"tags":[230,216,195,197],"class_list":["post-3433","post","type-post","status-publish","format-standard","has-post-thumbnail","hentry","category-la-recherche","tag-especes-blanches","tag-faune","tag-herbivores","tag-lievre"],"aioseo_notices":[],"amp_enabled":true,"_links":{"self":[{"href":"https:\/\/blog.creamontblanc.org\/index.php?rest_route=\/wp\/v2\/posts\/3433","targetHints":{"allow":["GET"]}}],"collection":[{"href":"https:\/\/blog.creamontblanc.org\/index.php?rest_route=\/wp\/v2\/posts"}],"about":[{"href":"https:\/\/blog.creamontblanc.org\/index.php?rest_route=\/wp\/v2\/types\/post"}],"author":[{"embeddable":true,"href":"https:\/\/blog.creamontblanc.org\/index.php?rest_route=\/wp\/v2\/users\/18"}],"replies":[{"embeddable":true,"href":"https:\/\/blog.creamontblanc.org\/index.php?rest_route=%2Fwp%2Fv2%2Fcomments&post=3433"}],"version-history":[{"count":14,"href":"https:\/\/blog.creamontblanc.org\/index.php?rest_route=\/wp\/v2\/posts\/3433\/revisions"}],"predecessor-version":[{"id":3549,"href":"https:\/\/blog.creamontblanc.org\/index.php?rest_route=\/wp\/v2\/posts\/3433\/revisions\/3549"}],"wp:featuredmedia":[{"embeddable":true,"href":"https:\/\/blog.creamontblanc.org\/index.php?rest_route=\/wp\/v2\/media\/3435"}],"wp:attachment":[{"href":"https:\/\/blog.creamontblanc.org\/index.php?rest_route=%2Fwp%2Fv2%2Fmedia&parent=3433"}],"wp:term":[{"taxonomy":"category","embeddable":true,"href":"https:\/\/blog.creamontblanc.org\/index.php?rest_route=%2Fwp%2Fv2%2Fcategories&post=3433"},{"taxonomy":"post_tag","embeddable":true,"href":"https:\/\/blog.creamontblanc.org\/index.php?rest_route=%2Fwp%2Fv2%2Ftags&post=3433"}],"curies":[{"name":"wp","href":"https:\/\/api.w.org\/{rel}","templated":true}]}}